{"id":1041,"__str__":"Projeto de Lei n\u00ba 855 de 2025","link_detail_backend":"/materia/1041","metadata":{},"numero":855,"ano":2025,"numero_protocolo":null,"data_apresentacao":"2025-10-06","tipo_apresentacao":"O","data_publicacao":null,"numero_origem_externa":"","ano_origem_externa":null,"data_origem_externa":null,"apelido":"","dias_prazo":null,"data_fim_prazo":null,"em_tramitacao":false,"polemica":false,"objeto":"","complementar":false,"ementa":"D\u00c1 DENOMINA\u00c7\u00c3O DE PRA\u00c7A JOSE CARLOS DE AZEVEDO RODRIGUES, A PRA\u00c7A SITUADA ENTRE A AVENIDA OSORIO DUQUE ESTRADA E O RIO DO SACO, NO BAIRRO CENTRO, EM PATY DO ALFERES - RJ.","indexacao":"","observacao":"","resultado":"","texto_original":"http://sapl.patydoalferes.rj.leg.br/media/sapl/public/materialegislativa/2025/1041/855_2025_da_denominacao_de_praca_jose_carlos_de_azevedo_rodrigues_praca_ao_lado_do_vivinha.docx","data_ultima_atualizacao":"2025-12-04T15:51:32.607917-03:00","ip":"138.117.221.136","ultima_edicao":"2025-12-04T15:48:17.133040-03:00","tipo":13,"regime_tramitacao":1,"tipo_origem_externa":null,"local_origem_externa":null,"user":6,"anexadas":[],"autores":[31]}