{"id":1138,"__str__":"Projeto de Decreto Legislativo n\u00ba 971 de 2025","link_detail_backend":"/materia/1138","metadata":{},"numero":971,"ano":2025,"numero_protocolo":null,"data_apresentacao":"2025-11-05","tipo_apresentacao":"O","data_publicacao":null,"numero_origem_externa":"","ano_origem_externa":null,"data_origem_externa":null,"apelido":"","dias_prazo":null,"data_fim_prazo":null,"em_tramitacao":false,"polemica":false,"objeto":"","complementar":false,"ementa":"DECRETA PONTO FACULTATIVO NO \u00c2MBITO DA C\u00c2MARA MUNICIPAL DE PATY DO ALFERES NO DIA 21 DE NOVEMBRO DE 2025, EM RAZ\u00c3O DO DIA DA CONSCI\u00caNCIA NEGRA, CELEBRADO EM 20 DE NOVEMBRO.","indexacao":"","observacao":"","resultado":"","texto_original":"http://sapl.patydoalferes.rj.leg.br/media/sapl/public/materialegislativa/2025/1138/971_2025_projeto_de_decreto_legislativo-_ponto_facultativo_dia_21_de_novembro_de_2025_feriado_consciencia_negra_dia_20.doc","data_ultima_atualizacao":"2026-01-19T17:41:59.094995-03:00","ip":"138.117.221.172","ultima_edicao":"2026-01-19T17:40:49.186187-03:00","tipo":6,"regime_tramitacao":1,"tipo_origem_externa":null,"local_origem_externa":null,"user":6,"anexadas":[],"autores":[25]}