{"id":1140,"__str__":"Indica\u00e7\u00e3o n\u00ba 973 de 2025","link_detail_backend":"/materia/1140","metadata":{},"numero":973,"ano":2025,"numero_protocolo":null,"data_apresentacao":"2025-11-05","tipo_apresentacao":"O","data_publicacao":null,"numero_origem_externa":"","ano_origem_externa":null,"data_origem_externa":null,"apelido":"","dias_prazo":null,"data_fim_prazo":null,"em_tramitacao":false,"polemica":false,"objeto":"","complementar":false,"ementa":"SOLICITA AO PREFEITO MUNICIPAL QUE PROVIDENCIE A INSTALA\u00c7\u00c3O DE VENTILADORES OU APARELHO DE AR-CONDICIONADO NA UNIDADE DE SA\u00daDE DO BAIRRO COQUEIROS.","indexacao":"","observacao":"","resultado":"","texto_original":"http://sapl.patydoalferes.rj.leg.br/media/sapl/public/materialegislativa/2025/1140/973_2025_que_providencie_a_instalacao_de_ventiladores_ou_aparelho_de_ar-condicionado_na_unidade_de_saude_do_bairro_coqueiros..docx","data_ultima_atualizacao":"2026-01-19T17:44:19.707743-03:00","ip":"138.117.221.172","ultima_edicao":"2026-01-19T17:43:17.962254-03:00","tipo":8,"regime_tramitacao":1,"tipo_origem_externa":null,"local_origem_externa":null,"user":6,"anexadas":[],"autores":[10]}