{"id":1150,"__str__":"Indica\u00e7\u00e3o n\u00ba 984 de 2025","link_detail_backend":"/materia/1150","metadata":{},"numero":984,"ano":2025,"numero_protocolo":null,"data_apresentacao":"2025-11-05","tipo_apresentacao":"O","data_publicacao":null,"numero_origem_externa":"","ano_origem_externa":null,"data_origem_externa":null,"apelido":"","dias_prazo":null,"data_fim_prazo":null,"em_tramitacao":false,"polemica":false,"objeto":"","complementar":false,"ementa":"SOLICITA AO PREFEITO MUNICIPAL A TROCA DAS L\u00c2MPADAS QUEIMADAS NO MORRO DO FAMA, BAIRRO MARAVILHA, TENDO COMO REFER\u00caNCIA A RESID\u00caNCIA DO SENHOR EDINHO DA PEDREIRA.","indexacao":"","observacao":"","resultado":"","texto_original":"http://sapl.patydoalferes.rj.leg.br/media/sapl/public/materialegislativa/2025/1150/984_2025__a_troca_das_lampadas_queimadas_no_morro_do_fama_bairro_maravilha_tendo_como_referencia_a_residencia_do_senhor_edinho_da_pedreira..docx","data_ultima_atualizacao":"2026-01-19T17:56:31.007918-03:00","ip":"138.117.221.172","ultima_edicao":"2026-01-19T17:55:53.366870-03:00","tipo":8,"regime_tramitacao":1,"tipo_origem_externa":null,"local_origem_externa":null,"user":6,"anexadas":[],"autores":[7]}