{"id":1281,"__str__":"Indica\u00e7\u00e3o n\u00ba 28 de 2026","link_detail_backend":"/materia/1281","metadata":{},"numero":28,"ano":2026,"numero_protocolo":null,"data_apresentacao":"2026-01-28","tipo_apresentacao":"O","data_publicacao":null,"numero_origem_externa":"","ano_origem_externa":null,"data_origem_externa":null,"apelido":"","dias_prazo":null,"data_fim_prazo":null,"em_tramitacao":false,"polemica":false,"objeto":"","complementar":false,"ementa":"SOLICITA AO PREFEITO MUNICIPAL A CRIA\u00c7\u00c3O DE ABRIGOS NOS PONTOS DE \u00d4NIBUS DO BAIRRO MARAVILHA, BEM COMO A DEVIDA MARCA\u00c7\u00c3O PARA QUE OS \u00d4NIBUS PAREM NOS LOCAIS APROPRIADOS.","indexacao":"","observacao":"","resultado":"","texto_original":"http://sapl.patydoalferes.rj.leg.br/media/sapl/public/materialegislativa/2026/1281/028_2026_a_criacao_de_abrigos_nos_pontos_de_onibus_do_bairro_maravilha.docx","data_ultima_atualizacao":"2026-02-19T14:49:46.921354-03:00","ip":"138.117.222.42","ultima_edicao":"2026-02-19T14:48:21.346448-03:00","tipo":8,"regime_tramitacao":1,"tipo_origem_externa":null,"local_origem_externa":null,"user":6,"anexadas":[],"autores":[33]}