{"id":1299,"__str__":"Indica\u00e7\u00e3o n\u00ba 50 de 2026","link_detail_backend":"/materia/1299","metadata":{},"numero":50,"ano":2026,"numero_protocolo":null,"data_apresentacao":"2026-02-02","tipo_apresentacao":"O","data_publicacao":null,"numero_origem_externa":"","ano_origem_externa":null,"data_origem_externa":null,"apelido":"","dias_prazo":null,"data_fim_prazo":null,"em_tramitacao":false,"polemica":false,"objeto":"","complementar":false,"ementa":"SOLICITA AO PREFEITO MUNICIPAL QUE TOME AS PROVID\u00caNCIAS NECESS\u00c1RIAS QUANTO \u00c0 CONSTRU\u00c7\u00c3O DE UMA CRECHE NO BAIRRO MONTE ALEGRE, NO ESPA\u00c7O CONHECIDO COMO VALE DO CAF\u00c9, ATUALMENTE SEM UTILIDADE.","indexacao":"","observacao":"","resultado":"","texto_original":"http://sapl.patydoalferes.rj.leg.br/media/sapl/public/materialegislativa/2026/1299/050_2026_que_tome_as_providencias_necessarias_quanto_a_construcao_de_uma_creche_no_bairro_monte_alegre_no_espaco_conhecido_como_vale_do_cafe.docx","data_ultima_atualizacao":"2026-02-27T15:25:50.896897-03:00","ip":"138.117.221.215","ultima_edicao":"2026-02-27T15:11:04.012624-03:00","tipo":8,"regime_tramitacao":1,"tipo_origem_externa":null,"local_origem_externa":null,"user":6,"anexadas":[],"autores":[14]}