{"id":1308,"__str__":"Indica\u00e7\u00e3o n\u00ba 60 de 2026","link_detail_backend":"/materia/1308","metadata":{},"numero":60,"ano":2026,"numero_protocolo":null,"data_apresentacao":"2026-02-04","tipo_apresentacao":"O","data_publicacao":null,"numero_origem_externa":"","ano_origem_externa":null,"data_origem_externa":null,"apelido":"","dias_prazo":null,"data_fim_prazo":null,"em_tramitacao":false,"polemica":false,"objeto":"","complementar":false,"ementa":"SOLICITA AO PREFEITO MUNICIPAL A INSTALA\u00c7\u00c3O DE UMA FAIXA DE PEDESTRE E DOIS REDUTORES DE VELOCIDADE EM FRENTE AO QUIOSQUE DO VIVINHA. REITERANDO A INDICA\u00c7\u00c3O DE N\u00ba 707/2025 DE AUTORIA DO VEREADOR EDINHO.","indexacao":"","observacao":"","resultado":"","texto_original":"http://sapl.patydoalferes.rj.leg.br/media/sapl/public/materialegislativa/2026/1308/060_2026_edinho_e_peterson_indicacao_instalacao_de_faixa_de_pedestre_e_dois_redutores_de_velocidade_em_frente_ao_quiosque_do_vivinha.docx","data_ultima_atualizacao":"2026-03-02T15:19:29.276278-03:00","ip":"138.117.221.215","ultima_edicao":"2026-03-02T15:16:53.021944-03:00","tipo":8,"regime_tramitacao":1,"tipo_origem_externa":null,"local_origem_externa":null,"user":6,"anexadas":[],"autores":[10]}