{"id":1317,"__str__":"Indica\u00e7\u00e3o n\u00ba 72 de 2026","link_detail_backend":"/materia/1317","metadata":{},"numero":72,"ano":2026,"numero_protocolo":null,"data_apresentacao":"2026-02-09","tipo_apresentacao":"O","data_publicacao":null,"numero_origem_externa":"","ano_origem_externa":null,"data_origem_externa":null,"apelido":"","dias_prazo":null,"data_fim_prazo":null,"em_tramitacao":false,"polemica":false,"objeto":"","complementar":false,"ementa":"SOLICITA AO PREFEITO MUNICIPAL A INSTALA\u00c7\u00c3O DE APARELHOS DE AR-CONDICIONADO NA ESCOLA JO\u00c3O ABREU, SITUADA NO BAIRRO GRANJA CALIF\u00d3RNIA.","indexacao":"","observacao":"","resultado":"","texto_original":"http://sapl.patydoalferes.rj.leg.br/media/sapl/public/materialegislativa/2026/1317/072_2026__instalacao_de_aparelhos_de_ar-condicionado_na_escola_joao_abreu_situada_no_bairro_granja_california..docx","data_ultima_atualizacao":"2026-03-02T18:29:02.461651-03:00","ip":"138.117.221.215","ultima_edicao":"2026-03-02T18:28:21.482756-03:00","tipo":8,"regime_tramitacao":1,"tipo_origem_externa":null,"local_origem_externa":null,"user":6,"anexadas":[],"autores":[31]}