{"id":1318,"__str__":"Indica\u00e7\u00e3o n\u00ba 73 de 2026","link_detail_backend":"/materia/1318","metadata":{},"numero":73,"ano":2026,"numero_protocolo":null,"data_apresentacao":"2026-02-09","tipo_apresentacao":"O","data_publicacao":null,"numero_origem_externa":"","ano_origem_externa":null,"data_origem_externa":null,"apelido":"","dias_prazo":null,"data_fim_prazo":null,"em_tramitacao":false,"polemica":false,"objeto":"","complementar":false,"ementa":"SOLICITA AO PREFEITO MUNICIPAL A INSTALA\u00c7\u00c3O DE VENTILADOR OU CLIMATIZADOR, BEM COMO A REALIZA\u00c7\u00c3O DE REFORMA GERAL NA CAPELA MORTU\u00c1RIA DO BAIRRO AVELAR.","indexacao":"","observacao":"","resultado":"","texto_original":"http://sapl.patydoalferes.rj.leg.br/media/sapl/public/materialegislativa/2026/1318/073_2026__instalacao_de_ventilador_ou_climatizador_bem_como_a_realizacao_de_reforma_geral_na_capela_mortuaria_do_bairro_avelar..docx","data_ultima_atualizacao":"2026-03-02T18:30:49.914532-03:00","ip":"138.117.221.215","ultima_edicao":"2026-03-02T18:29:15.399821-03:00","tipo":8,"regime_tramitacao":1,"tipo_origem_externa":null,"local_origem_externa":null,"user":6,"anexadas":[],"autores":[31]}