{"id":131,"__str__":"Indica\u00e7\u00e3o n\u00ba 141 de 2024","link_detail_backend":"/materia/131","metadata":{},"numero":141,"ano":2024,"numero_protocolo":null,"data_apresentacao":"2024-05-15","tipo_apresentacao":"O","data_publicacao":null,"numero_origem_externa":"","ano_origem_externa":null,"data_origem_externa":null,"apelido":"","dias_prazo":null,"data_fim_prazo":null,"em_tramitacao":false,"polemica":false,"objeto":"","complementar":false,"ementa":"Solicita ao Prefeito Municipal o retorno do Carro de Fumac\u00ea para Combate \u00e0 Dengue no munic\u00edpio, em especial no bairro das Tr\u00eas Porteiras. Reiterando a indica\u00e7\u00e3o de n\u00ba 323/2022.","indexacao":"","observacao":"","resultado":"","texto_original":"http://sapl.patydoalferes.rj.leg.br/media/sapl/public/materialegislativa/2024/131/141_2024_retorno_do_carro_de_fumace_para_combate_a_dengue_no_municipio_em_especial_no_bairro_das_tres_porteiras._reiterando_a_indicacao_de_no_3232022.pdf","data_ultima_atualizacao":"2024-06-05T17:31:11.371336-03:00","ip":"138.117.220.209","ultima_edicao":"2024-06-05T17:28:48.942006-03:00","tipo":8,"regime_tramitacao":1,"tipo_origem_externa":null,"local_origem_externa":null,"user":7,"anexadas":[],"autores":[14]}