{"id":1320,"__str__":"Indica\u00e7\u00e3o n\u00ba 75 de 2026","link_detail_backend":"/materia/1320","metadata":{},"numero":75,"ano":2026,"numero_protocolo":null,"data_apresentacao":"2026-02-09","tipo_apresentacao":"O","data_publicacao":null,"numero_origem_externa":"","ano_origem_externa":null,"data_origem_externa":null,"apelido":"","dias_prazo":null,"data_fim_prazo":null,"em_tramitacao":false,"polemica":false,"objeto":"","complementar":false,"ementa":"SOLICITA AO PREFEITO MUNICIPAL A CRIA\u00c7\u00c3O E IMPLANTA\u00c7\u00c3O DE UM POLO DO TEA AME (ATENDIMENTO MULTIDISCIPLINAR ESPECIALIZADO AO ESTUDANTE COM TRANSTORNO DO ESPECTRO AUTISTA) NO BAIRRO GRANJA CALIF\u00d3RNIA.","indexacao":"","observacao":"","resultado":"","texto_original":"http://sapl.patydoalferes.rj.leg.br/media/sapl/public/materialegislativa/2026/1320/075_2026_criacao_e_implantacao_de_um_polo_do_tea_ame_no_bairro_granja_california..docx","data_ultima_atualizacao":"2026-03-02T18:32:49.886286-03:00","ip":"138.117.221.215","ultima_edicao":"2026-03-02T18:32:08.247146-03:00","tipo":8,"regime_tramitacao":1,"tipo_origem_externa":null,"local_origem_externa":null,"user":6,"anexadas":[],"autores":[32]}