{"id":1323,"__str__":"Indica\u00e7\u00e3o n\u00ba 78 de 2026","link_detail_backend":"/materia/1323","metadata":{},"numero":78,"ano":2026,"numero_protocolo":null,"data_apresentacao":"2026-02-09","tipo_apresentacao":"O","data_publicacao":null,"numero_origem_externa":"","ano_origem_externa":null,"data_origem_externa":null,"apelido":"","dias_prazo":null,"data_fim_prazo":null,"em_tramitacao":false,"polemica":false,"objeto":"","complementar":false,"ementa":"SOLICITA AO PREFEITO MUNICIPAL A COLOCA\u00c7\u00c3O DE MATERIAL ADEQUADO PARA CONTEN\u00c7\u00c3O DA LAMA NA ENTRADA DA CRECHE DO BAIRRO AVELAR, SITUADA AO LADO DA ESCOLA MUNICIPAL JOS\u00c9 EUL\u00c1LIO DE ANDRADE.","indexacao":"","observacao":"","resultado":"","texto_original":"http://sapl.patydoalferes.rj.leg.br/media/sapl/public/materialegislativa/2026/1323/078_2026_colocacao_de_material_para_contencao_da_lama_na_entrada_da_creche_avelar_situada_ao_lado_da_escola_municipal.docx","data_ultima_atualizacao":"2026-03-02T18:35:53.128980-03:00","ip":"138.117.221.215","ultima_edicao":"2026-03-02T18:34:43.058607-03:00","tipo":8,"regime_tramitacao":1,"tipo_origem_externa":null,"local_origem_externa":null,"user":6,"anexadas":[],"autores":[31]}