{"id":1337,"__str__":"Indica\u00e7\u00e3o n\u00ba 93 de 2026","link_detail_backend":"/materia/1337","metadata":{},"numero":93,"ano":2026,"numero_protocolo":null,"data_apresentacao":"2026-02-11","tipo_apresentacao":"O","data_publicacao":null,"numero_origem_externa":"","ano_origem_externa":null,"data_origem_externa":null,"apelido":"","dias_prazo":null,"data_fim_prazo":null,"em_tramitacao":false,"polemica":false,"objeto":"","complementar":false,"ementa":"SOLICITA AO PREFEITO MUNICIPAL A REFORMA DA PONTE DO BALAEIRO, QUE D\u00c1 ACESSO \u00c0 RUA JACOB, NO BAIRRO GRANJA CALIF\u00d3RNIA.","indexacao":"","observacao":"","resultado":"","texto_original":"http://sapl.patydoalferes.rj.leg.br/media/sapl/public/materialegislativa/2026/1337/093_2026_reforma_da_ponte_do_balaeiro_que_da_acesso_a_rua_jacob_no_bairro_granja_california..docx","data_ultima_atualizacao":"2026-03-09T13:59:52.360164-03:00","ip":"138.117.221.215","ultima_edicao":"2026-03-09T13:59:04.995962-03:00","tipo":8,"regime_tramitacao":1,"tipo_origem_externa":null,"local_origem_externa":null,"user":6,"anexadas":[],"autores":[36]}