{"id":1344,"__str__":"Indica\u00e7\u00e3o n\u00ba 100 de 2026","link_detail_backend":"/materia/1344","metadata":{},"numero":100,"ano":2026,"numero_protocolo":null,"data_apresentacao":"2026-02-11","tipo_apresentacao":"O","data_publicacao":null,"numero_origem_externa":"","ano_origem_externa":null,"data_origem_externa":null,"apelido":"","dias_prazo":null,"data_fim_prazo":null,"em_tramitacao":false,"polemica":false,"objeto":"","complementar":false,"ementa":"SOLICITA AO PREFEITO MUNICIPAL MELHORIA E AMPLIA\u00c7\u00c3O DOS EQUIPAMENTOS DE PROTE\u00c7\u00c3O INDIVIDUAL (EPIS) FORNECIDOS AOS FUNCION\u00c1RIOS RESPONS\u00c1VEIS PELA COLETA DE LIXO, INCLUINDO A DISPONIBILIZA\u00c7\u00c3O DE CAMISAS T\u00c9RMICAS E PROTETOR SOLAR. REITERANDO MINHA INDICA\u00c7\u00c3O DE N\u00ba 167/2025.","indexacao":"","observacao":"","resultado":"","texto_original":"http://sapl.patydoalferes.rj.leg.br/media/sapl/public/materialegislativa/2026/1344/100_2026_melhoria_e_ampliacao_dos_equipamentos_de_protecao_individual_epis_fornecidos_aos_funcionarios_responsaveis_pela_coleta_de_lixo.docx","data_ultima_atualizacao":"2026-03-09T14:21:05.755551-03:00","ip":"138.117.221.215","ultima_edicao":"2026-03-09T14:20:09.220750-03:00","tipo":8,"regime_tramitacao":1,"tipo_origem_externa":null,"local_origem_externa":null,"user":6,"anexadas":[],"autores":[33]}