{"id":1359,"__str__":"Projeto de Decreto Legislativo n\u00ba 128 de 2026","link_detail_backend":"/materia/1359","metadata":{},"numero":128,"ano":2026,"numero_protocolo":null,"data_apresentacao":"2026-02-25","tipo_apresentacao":"O","data_publicacao":null,"numero_origem_externa":"","ano_origem_externa":null,"data_origem_externa":null,"apelido":"","dias_prazo":null,"data_fim_prazo":null,"em_tramitacao":false,"polemica":false,"objeto":"","complementar":false,"ementa":"AUTORIZA A PARTICIPA\u00c7\u00c3O DOS VEREADORES QUE MENCIONA \u00c0 CIDADE DE BRAS\u00cdLIA, CAPITAL FEDERAL, EM VIAGEM DE REPRESENTA\u00c7\u00c3O DO MUNIC\u00cdPIO.","indexacao":"","observacao":"","resultado":"","texto_original":"http://sapl.patydoalferes.rj.leg.br/media/sapl/public/materialegislativa/2026/1359/128_2026_projeto_de_decreto_legislativo_viagem_brasilia__de_02_a_06_de_marco_vereadores_feijao_guilherme_marco_aurelio_e_edinho.doc","data_ultima_atualizacao":"2026-03-27T14:38:45.347307-03:00","ip":"138.117.221.255","ultima_edicao":"2026-03-27T13:03:24.342456-03:00","tipo":6,"regime_tramitacao":1,"tipo_origem_externa":null,"local_origem_externa":null,"user":6,"anexadas":[],"autores":[25]}