{"id":1361,"__str__":"Projeto de Decreto Legislativo n\u00ba 130 de 2026","link_detail_backend":"/materia/1361","metadata":{},"numero":130,"ano":2026,"numero_protocolo":null,"data_apresentacao":"2026-02-25","tipo_apresentacao":"O","data_publicacao":null,"numero_origem_externa":"","ano_origem_externa":null,"data_origem_externa":null,"apelido":"","dias_prazo":null,"data_fim_prazo":null,"em_tramitacao":false,"polemica":false,"objeto":"","complementar":false,"ementa":"AUTORIZA A PARTICIPA\u00c7\u00c3O DOS VEREADORES QUE MENCIONA \u00c0 CIDADE DE BRAS\u00cdLIA, CAPITAL FEDERAL, EM VIAGEM DE REPRESENTA\u00c7\u00c3O DO MUNIC\u00cdPIO.","indexacao":"","observacao":"","resultado":"","texto_original":"http://sapl.patydoalferes.rj.leg.br/media/sapl/public/materialegislativa/2026/1361/130_2026_projeto_de_decreto_legislativo_viagem_brasilia__de_16_a_20_de_marco_macarrao_vinicinho_e_claudinho.doc","data_ultima_atualizacao":"2026-03-27T14:48:25.251894-03:00","ip":"138.117.221.255","ultima_edicao":"2026-03-27T14:41:00.379370-03:00","tipo":6,"regime_tramitacao":1,"tipo_origem_externa":null,"local_origem_externa":null,"user":6,"anexadas":[],"autores":[25]}