{"id":1421,"__str__":"Projeto de Decreto Legislativo n\u00ba 199 de 2026","link_detail_backend":"/materia/1421","metadata":{},"numero":199,"ano":2026,"numero_protocolo":null,"data_apresentacao":"2026-03-23","tipo_apresentacao":"O","data_publicacao":null,"numero_origem_externa":"","ano_origem_externa":null,"data_origem_externa":null,"apelido":"","dias_prazo":null,"data_fim_prazo":null,"em_tramitacao":false,"polemica":false,"objeto":"","complementar":false,"ementa":"DISP\u00d5E SOBRE O PONTO FACULTATIVO NO DIA 02 DE ABRIL DE 2026, EM RAZ\u00c3O DO FERIADO DA SEXTA-FEIRA DA PAIX\u00c3O DIA 03 DE ABRIL DE 2026, BEM COMO NA SEGUNDA-FEIRA, DIA 20 DE ABRIL DE 2026, EM RAZ\u00c3O DA ANTECIPA\u00c7\u00c3O DO FERIADO DE S\u00c3O JORGE, CELEBRADO EM 23 DE ABRIL, PARA O REFERIDO DIA, E DA PROXIMIDADE DO FERIADO NACIONAL DE TIRADENTES (21 DE ABRIL DE 2026), NO \u00c2MBITO DO PODER LEGISLATIVO, E D\u00c1 OUTRAS PROVID\u00caNCIAS.","indexacao":"","observacao":"","resultado":"","texto_original":"http://sapl.patydoalferes.rj.leg.br/media/sapl/public/materialegislativa/2026/1421/199_2026_projeto_de_decreto_legislativo_-_ponto_facultativo_dias_02_de_abril_e_antecipacao_do_feriado_do_dia_23_para_o_dia_20_de_abril_2026.doc","data_ultima_atualizacao":"2026-04-16T17:10:15.416424-03:00","ip":"138.117.220.96","ultima_edicao":"2026-04-16T17:09:23.347355-03:00","tipo":6,"regime_tramitacao":1,"tipo_origem_externa":null,"local_origem_externa":null,"user":6,"anexadas":[],"autores":[25]}