{"id":1435,"__str__":"Indica\u00e7\u00e3o n\u00ba 217 de 2026","link_detail_backend":"/materia/1435","metadata":{},"numero":217,"ano":2026,"numero_protocolo":null,"data_apresentacao":"2026-03-25","tipo_apresentacao":"O","data_publicacao":null,"numero_origem_externa":"","ano_origem_externa":null,"data_origem_externa":null,"apelido":"","dias_prazo":null,"data_fim_prazo":null,"em_tramitacao":false,"polemica":false,"objeto":"","complementar":false,"ementa":"SOLICITA AO PREFEITO MUNICIPAL A APLICA\u00c7\u00c3O DE P\u00d3 DE PEDRA NA RUA DO BRAND\u00c3O (POR CIMA DA \u00c1GUA FRIA) E NA ALAMEDA DA QUARESMA (DIVINO VALE), AMBAS LOCALIZADAS NO BAIRRO PALMARES.","indexacao":"","observacao":"","resultado":"","texto_original":"http://sapl.patydoalferes.rj.leg.br/media/sapl/public/materialegislativa/2026/1435/217_2026_aplicacao_de_po_de_pedra_na_rua_do_brandao_e_na_alameda_da_quaresma_divino_vale_ambas_no_bairro_palmares.docx","data_ultima_atualizacao":"2026-04-28T14:25:24.445076-03:00","ip":"138.117.222.247","ultima_edicao":"2026-04-28T14:24:33.065176-03:00","tipo":8,"regime_tramitacao":1,"tipo_origem_externa":null,"local_origem_externa":null,"user":6,"anexadas":[],"autores":[37]}