{"id":1439,"__str__":"Indica\u00e7\u00e3o n\u00ba 221 de 2026","link_detail_backend":"/materia/1439","metadata":{},"numero":221,"ano":2026,"numero_protocolo":null,"data_apresentacao":"2026-03-25","tipo_apresentacao":"O","data_publicacao":null,"numero_origem_externa":"","ano_origem_externa":null,"data_origem_externa":null,"apelido":"","dias_prazo":null,"data_fim_prazo":null,"em_tramitacao":false,"polemica":false,"objeto":"","complementar":false,"ementa":"SOLICITA AO PREFEITO MUNICIPAL A SUBSTITUI\u00c7\u00c3O DAS L\u00c2MPADAS DE LED QUEIMADAS NA RUA JACOB, NO BAIRRO GRANJA CALIF\u00d3RNIA, NO TRECHO COMPREENDIDO ENTRE A PONTE DO BALAEIRO AT\u00c9 O BAIRRO AVELAR.","indexacao":"","observacao":"","resultado":"","texto_original":"http://sapl.patydoalferes.rj.leg.br/media/sapl/public/materialegislativa/2026/1439/221_2026_substituicao_das_lampadas_de_led_queimadas_na_rua_jacob_no_bairro_granja_california.docx","data_ultima_atualizacao":"2026-04-28T14:29:14.742568-03:00","ip":"138.117.222.247","ultima_edicao":"2026-04-28T14:28:34.957609-03:00","tipo":8,"regime_tramitacao":1,"tipo_origem_externa":null,"local_origem_externa":null,"user":6,"anexadas":[],"autores":[36]}