{"id":143,"__str__":"Requerimento n\u00ba 1 de 2023","link_detail_backend":"/materia/143","metadata":{},"numero":1,"ano":2023,"numero_protocolo":null,"data_apresentacao":"2023-04-05","tipo_apresentacao":"O","data_publicacao":null,"numero_origem_externa":"","ano_origem_externa":null,"data_origem_externa":null,"apelido":"","dias_prazo":null,"data_fim_prazo":null,"em_tramitacao":false,"polemica":false,"objeto":"","complementar":false,"ementa":"Requeiro \u00e0 Mesa Diretora que seja expedida na forma Regimental MO\u00c7\u00c3O DE APLAUSOS ao SR. ROG\u00c9RIO MESQUITA DA SILVA, Diretor da Cadeia P\u00fablica Jo\u00e3o Carlos da Silva.","indexacao":"","observacao":"","resultado":"","texto_original":"http://sapl.patydoalferes.rj.leg.br/media/sapl/public/materialegislativa/2024/143/184_2023_mocao_de_aplausos_ao_senhor_rogerio_mesquita_da_silva_diretor_da_cadeia_publica_joao_carlos_da_silva.pdf","data_ultima_atualizacao":"2024-06-10T15:22:48.943778-03:00","ip":"138.117.220.209","ultima_edicao":"2024-06-10T15:22:48.765807-03:00","tipo":3,"regime_tramitacao":1,"tipo_origem_externa":null,"local_origem_externa":null,"user":7,"anexadas":[],"autores":[9]}