{"id":1441,"__str__":"Indica\u00e7\u00e3o n\u00ba 225 de 2026","link_detail_backend":"/materia/1441","metadata":{},"numero":225,"ano":2026,"numero_protocolo":null,"data_apresentacao":"2026-03-30","tipo_apresentacao":"O","data_publicacao":null,"numero_origem_externa":"","ano_origem_externa":null,"data_origem_externa":null,"apelido":"","dias_prazo":null,"data_fim_prazo":null,"em_tramitacao":false,"polemica":false,"objeto":"","complementar":false,"ementa":"SOLICITA AO PREFEITO MUNICIPAL QUE AVALIE A POSSIBILIDADE DE LOCA\u00c7\u00c3O OU AQUISI\u00c7\u00c3O DE UMA TENDA DESTINADA \u00c0 COBERTURA DA FEIRA AGROECOL\u00d3GICA, REALIZADA NA PRA\u00c7A GEORGE JACOB ABDUE. REITERANDO MINHA INDICA\u00c7\u00c3O DE N\u00ba 198/2025.","indexacao":"","observacao":"","resultado":"","texto_original":"http://sapl.patydoalferes.rj.leg.br/media/sapl/public/materialegislativa/2026/1441/225_2026_locacao_ou_aquisicao_de_uma_tenda_destinada_a_cobertura_da_feira_agroecologica_realizada_na_praca_george_jacob_abdue.docx","data_ultima_atualizacao":"2026-04-28T14:56:04.941068-03:00","ip":"138.117.222.247","ultima_edicao":"2026-04-28T14:54:51.259168-03:00","tipo":8,"regime_tramitacao":1,"tipo_origem_externa":null,"local_origem_externa":null,"user":6,"anexadas":[],"autores":[32]}