{"id":1442,"__str__":"Indica\u00e7\u00e3o n\u00ba 226 de 2026","link_detail_backend":"/materia/1442","metadata":{},"numero":226,"ano":2026,"numero_protocolo":null,"data_apresentacao":"2026-03-30","tipo_apresentacao":"O","data_publicacao":null,"numero_origem_externa":"","ano_origem_externa":null,"data_origem_externa":null,"apelido":"","dias_prazo":null,"data_fim_prazo":null,"em_tramitacao":false,"polemica":false,"objeto":"","complementar":false,"ementa":"SOLICITA AO PREFEITO MUNICIPAL A INSTALA\u00c7\u00c3O DE UM BEBEDOURO P\u00daBLICO NA PRA\u00c7A GEORGE JACOB ABDUE PARA ATENDER OS FEIRANTES E FREQUENTADORES DA FEIRA AGROECOL\u00d3GICA DE PATY DO ALFERES. REITERANDO MINHA INDICA\u00c7\u00c3O DE N\u00ba 359/2025.","indexacao":"","observacao":"","resultado":"","texto_original":"http://sapl.patydoalferes.rj.leg.br/media/sapl/public/materialegislativa/2026/1442/226_2026_instalacao_de_um_bebedouro_publico_na_praca_george_jacob_abdue_para_atender_os_feirantes__-_reiterando.docx","data_ultima_atualizacao":"2026-04-28T14:57:16.553309-03:00","ip":"138.117.222.247","ultima_edicao":"2026-04-28T14:56:06.735304-03:00","tipo":8,"regime_tramitacao":1,"tipo_origem_externa":null,"local_origem_externa":null,"user":6,"anexadas":[],"autores":[32]}