{"id":1443,"__str__":"Indica\u00e7\u00e3o n\u00ba 227 de 2026","link_detail_backend":"/materia/1443","metadata":{},"numero":227,"ano":2026,"numero_protocolo":null,"data_apresentacao":"2026-03-30","tipo_apresentacao":"O","data_publicacao":null,"numero_origem_externa":"","ano_origem_externa":null,"data_origem_externa":null,"apelido":"","dias_prazo":null,"data_fim_prazo":null,"em_tramitacao":false,"polemica":false,"objeto":"","complementar":false,"ementa":"SOLICITA AO PREFEITO MUNICIPAL A CONCESS\u00c3O DE ISEN\u00c7\u00c3O DO PAGAMENTO DE ESTACIONAMENTO ROTATIVO AOS FEIRANTES DA FEIRA AGROECOL\u00d3GICA DE PATY DO ALFERES, MEDIANTE EMISS\u00c3O DE CREDENCIAL DE IDENTIFICA\u00c7\u00c3O, V\u00c1LIDA NOS DIAS E HOR\u00c1RIOS DE FUNCIONAMENTO DA FEIRA. REITERANDO A INDICA\u00c7\u00c3O DE N\u00ba 370/ 2025 FEITA PELA VEREADORA LENICE VIANA.","indexacao":"","observacao":"","resultado":"","texto_original":"http://sapl.patydoalferes.rj.leg.br/media/sapl/public/materialegislativa/2026/1443/227_2026_concessao_de_isencao_do_pagamento_de_estacionamento_rotativo_aos_feirantes_reiterando_lenice_e_zaninho.docx","data_ultima_atualizacao":"2026-04-28T14:58:00.513638-03:00","ip":"138.117.222.247","ultima_edicao":"2026-04-28T14:57:18.322968-03:00","tipo":8,"regime_tramitacao":1,"tipo_origem_externa":null,"local_origem_externa":null,"user":6,"anexadas":[],"autores":[32]}