{"id":1445,"__str__":"Indica\u00e7\u00e3o n\u00ba 229 de 2026","link_detail_backend":"/materia/1445","metadata":{},"numero":229,"ano":2026,"numero_protocolo":null,"data_apresentacao":"2026-03-30","tipo_apresentacao":"O","data_publicacao":null,"numero_origem_externa":"","ano_origem_externa":null,"data_origem_externa":null,"apelido":"","dias_prazo":null,"data_fim_prazo":null,"em_tramitacao":false,"polemica":false,"objeto":"","complementar":false,"ementa":"SOLICITA AO PREFEITO MUNICIPAL A REALIZA\u00c7\u00c3O DE SERVI\u00c7OS DE MANUTEN\u00c7\u00c3O GERAL, OPERA\u00c7\u00c3O TAPA-BURACOS, LIMPEZA E MANUTEN\u00c7\u00c3O DE BUEIROS, BEM COMO RO\u00c7ADA, NA AVENIDA VEREADOR ALO\u00cdSIO FERREIRA GOMES, LOCALIZADA NO BAIRRO AVELAR.","indexacao":"","observacao":"","resultado":"","texto_original":"http://sapl.patydoalferes.rj.leg.br/media/sapl/public/materialegislativa/2026/1445/229_2026_operacao_tapa_buracos_limpeza_e_manutencao_de_bueiros_bem_como_rocada_na_avenida_vereador_aloisio_ferreira_gomes.docx","data_ultima_atualizacao":"2026-04-28T15:00:18.765584-03:00","ip":"138.117.222.247","ultima_edicao":"2026-04-28T14:59:26.816945-03:00","tipo":8,"regime_tramitacao":1,"tipo_origem_externa":null,"local_origem_externa":null,"user":6,"anexadas":[],"autores":[31]}