{"id":144,"__str__":"Anteprojeto de Lei n\u00ba 173 de 2024","link_detail_backend":"/materia/144","metadata":{},"numero":173,"ano":2024,"numero_protocolo":null,"data_apresentacao":"2024-05-20","tipo_apresentacao":"O","data_publicacao":null,"numero_origem_externa":"","ano_origem_externa":null,"data_origem_externa":null,"apelido":"","dias_prazo":null,"data_fim_prazo":null,"em_tramitacao":false,"polemica":false,"objeto":"","complementar":false,"ementa":"Autoriza o poder executivo a instituir tarifa zero no transporte p\u00fablico no munic\u00edpio de paty do alferes e d\u00e1 outras provid\u00eancias.","indexacao":"","observacao":"","resultado":"","texto_original":"http://sapl.patydoalferes.rj.leg.br/media/sapl/public/materialegislativa/2024/144/173_2024_autoriza_o_poder_executivo_a_instituir_tarifa_zero_no_transporte_publico_no_municipio_de_paty_do_alferes_e_da_outras_providencias.pdf","data_ultima_atualizacao":"2024-06-10T15:28:11.186291-03:00","ip":"138.117.220.209","ultima_edicao":"2024-06-10T15:28:10.989897-03:00","tipo":12,"regime_tramitacao":2,"tipo_origem_externa":null,"local_origem_externa":null,"user":7,"anexadas":[],"autores":[4]}