{"id":218,"__str__":"Projeto de Lei n\u00ba 292 de 2024","link_detail_backend":"/materia/218","metadata":{},"numero":292,"ano":2024,"numero_protocolo":null,"data_apresentacao":"2024-07-10","tipo_apresentacao":"O","data_publicacao":null,"numero_origem_externa":"","ano_origem_externa":null,"data_origem_externa":null,"apelido":"","dias_prazo":null,"data_fim_prazo":null,"em_tramitacao":false,"polemica":false,"objeto":"","complementar":false,"ementa":"Autoriza ao poder executivo a contratar por prazo determinado, os profissionais que especifica, em car\u00e1ter excepcional, de interesse p\u00fablico, com v\u00ednculo \u00e0 dota\u00e7\u00e3o or\u00e7ament\u00e1ria pr\u00f3pria de acordo com a portaria mds n\u00ba 871, de 29 de mar\u00e7o de 2023 \u2013 programa de fortalecimento emergencial do atendimento do cadastro \u00fanico no sistema \u00fanico da assist\u00eancia social e d\u00e1 outras provid\u00eancias.","indexacao":"","observacao":"","resultado":"","texto_original":null,"data_ultima_atualizacao":"2024-09-17T15:19:49.147641-03:00","ip":"138.117.222.212","ultima_edicao":"2024-09-17T15:15:10.604714-03:00","tipo":13,"regime_tramitacao":1,"tipo_origem_externa":null,"local_origem_externa":null,"user":7,"anexadas":[],"autores":[23]}