{"id":395,"__str__":"Veto Total n\u00ba 500 de 2025","link_detail_backend":"/materia/395","metadata":{},"numero":500,"ano":2025,"numero_protocolo":null,"data_apresentacao":"2025-01-29","tipo_apresentacao":"O","data_publicacao":null,"numero_origem_externa":"","ano_origem_externa":null,"data_origem_externa":null,"apelido":"","dias_prazo":null,"data_fim_prazo":null,"em_tramitacao":false,"polemica":false,"objeto":"","complementar":false,"ementa":"VETO TOTAL AO PROJETO DE LEI N\u00ba 464/2024 DE AUTORIA DO VEREADOR DENILSON QUE DISPOE: DECLARA COMO PATRIM\u00d4NIO P\u00daBLICO CULTURAL E HIST\u00d3RICO DO MUNIC\u00cdPIO DE PATY DO ALFERES O CAL\u00c7AMENTO DE PARALELEP\u00cdPEDO EXISTENTE NOS BAIRROS AVELAR E PARQUE BARCELOS.","indexacao":"","observacao":"","resultado":"","texto_original":"http://sapl.patydoalferes.rj.leg.br/media/sapl/public/materialegislativa/2025/395/4_despacho_diretoria_comunicando_ao_autor_do_projeto_no_464_2024_denilson.doc","data_ultima_atualizacao":"2025-02-05T18:15:12.409726-03:00","ip":"138.117.220.49","ultima_edicao":"2025-02-05T18:11:08.973590-03:00","tipo":14,"regime_tramitacao":1,"tipo_origem_externa":null,"local_origem_externa":null,"user":6,"anexadas":[],"autores":[34]}