{"id":451,"__str__":"Indica\u00e7\u00e3o n\u00ba 120 de 2025","link_detail_backend":"/materia/451","metadata":{},"numero":120,"ano":2025,"numero_protocolo":null,"data_apresentacao":"2025-02-10","tipo_apresentacao":"O","data_publicacao":null,"numero_origem_externa":"","ano_origem_externa":null,"data_origem_externa":null,"apelido":"","dias_prazo":null,"data_fim_prazo":null,"em_tramitacao":false,"polemica":false,"objeto":"","complementar":false,"ementa":"SOLICITA AO PREFEITO MUNICIPAL QUE SEJA REALIZADA, COM URG\u00caNCIA, RO\u00c7ADA E LIMPEZA DAS RUAS CORONEL AVELAR E BAR\u00c3O DE CAPIVARI, AMBAS NO BAIRRO AVELAR, BEM COMO A SUBSTITUI\u00c7\u00c3O DAS L\u00c2MPADAS QUEIMADAS DA ILUMINA\u00c7\u00c3O P\u00daBLICA E PODA DAS \u00c1RVORES QUE APRESENTAM RISCO \u00c0 POPULA\u00c7\u00c3O.","indexacao":"","observacao":"","resultado":"","texto_original":"http://sapl.patydoalferes.rj.leg.br/media/sapl/public/materialegislativa/2025/451/120-2025.pdf","data_ultima_atualizacao":"2025-02-17T17:20:37.871132-03:00","ip":"138.117.221.244","ultima_edicao":"2025-02-17T17:18:35.537345-03:00","tipo":8,"regime_tramitacao":1,"tipo_origem_externa":null,"local_origem_externa":null,"user":6,"anexadas":[],"autores":[32]}