{"id":497,"__str__":"Indica\u00e7\u00e3o n\u00ba 170 de 2025","link_detail_backend":"/materia/497","metadata":{},"numero":170,"ano":2025,"numero_protocolo":null,"data_apresentacao":"2025-02-19","tipo_apresentacao":"O","data_publicacao":null,"numero_origem_externa":"","ano_origem_externa":null,"data_origem_externa":null,"apelido":"","dias_prazo":null,"data_fim_prazo":null,"em_tramitacao":false,"polemica":false,"objeto":"","complementar":false,"ementa":"SOLICITA AO PREFEITO MUNICIPAL A INSTALA\u00c7\u00c3O DE UM BEBEDOURO P\u00daBLICO NA PRA\u00c7A GEORGE JACOB ABDUE PARA ATENDER OS FEIRANTES E FREQUENTADORES DA FEIRA AGROECOL\u00d3GICA DE PATY DO ALFERES.","indexacao":"","observacao":"","resultado":"","texto_original":"http://sapl.patydoalferes.rj.leg.br/media/sapl/public/materialegislativa/2025/497/170-2025.pdf","data_ultima_atualizacao":"2025-03-17T15:28:44.334363-03:00","ip":"138.117.221.233","ultima_edicao":"2025-03-17T15:28:02.804235-03:00","tipo":8,"regime_tramitacao":1,"tipo_origem_externa":null,"local_origem_externa":null,"user":6,"anexadas":[],"autores":[32]}