{"id":529,"__str__":"Anteprojeto de Lei n\u00ba 209 de 2025","link_detail_backend":"/materia/529","metadata":{},"numero":209,"ano":2025,"numero_protocolo":null,"data_apresentacao":"2025-03-12","tipo_apresentacao":"O","data_publicacao":null,"numero_origem_externa":"","ano_origem_externa":null,"data_origem_externa":null,"apelido":"","dias_prazo":null,"data_fim_prazo":null,"em_tramitacao":false,"polemica":false,"objeto":"","complementar":false,"ementa":"Institui a realiza\u00e7\u00e3o obrigat\u00f3ria do desfile c\u00edvico de 7 de setembro no munic\u00edpio de Paty do Alferes.","indexacao":"","observacao":"","resultado":"","texto_original":"http://sapl.patydoalferes.rj.leg.br/media/sapl/public/materialegislativa/2025/529/209_2025_institui_a_realizacao_obrigatoria_do_desfile_civico_de_7_de_setembro_no_municipio_de_paty_do_alferes..pdf","data_ultima_atualizacao":"2025-04-28T15:49:11.678402-03:00","ip":"138.117.223.93","ultima_edicao":"2025-04-28T15:46:54.407029-03:00","tipo":12,"regime_tramitacao":1,"tipo_origem_externa":null,"local_origem_externa":null,"user":6,"anexadas":[],"autores":[31]}