{"id":532,"__str__":"Projeto de Lei n\u00ba 212 de 2025","link_detail_backend":"/materia/532","metadata":{},"numero":212,"ano":2025,"numero_protocolo":null,"data_apresentacao":"2025-03-12","tipo_apresentacao":"O","data_publicacao":null,"numero_origem_externa":"","ano_origem_externa":null,"data_origem_externa":null,"apelido":"","dias_prazo":null,"data_fim_prazo":null,"em_tramitacao":false,"polemica":false,"objeto":"","complementar":false,"ementa":"disp\u00f5e sobre o protocolo individualizado de avalia\u00e7\u00e3o (pia) para os alunos com transtornos globais do desenvolvimento, incluindo o transtorno do espectro autista (tea), na rede municipal de ensino de paty do alferes-rj.","indexacao":"","observacao":"","resultado":"","texto_original":"http://sapl.patydoalferes.rj.leg.br/media/sapl/public/materialegislativa/2025/532/212_2025_avaliacao_pia_para_os_alunos_com_transtornos_globais_do_desenvolvimento_incluindo_o_transtorno.pdf","data_ultima_atualizacao":"2025-04-28T16:15:07.659798-03:00","ip":"138.117.223.93","ultima_edicao":"2025-04-28T16:12:58.116398-03:00","tipo":13,"regime_tramitacao":1,"tipo_origem_externa":null,"local_origem_externa":null,"user":6,"anexadas":[],"autores":[9]}