{"id":581,"__str__":"Projeto de Lei n\u00ba 274 de 2025","link_detail_backend":"/materia/581","metadata":{},"numero":274,"ano":2025,"numero_protocolo":null,"data_apresentacao":"2025-03-31","tipo_apresentacao":"O","data_publicacao":null,"numero_origem_externa":"","ano_origem_externa":null,"data_origem_externa":null,"apelido":"","dias_prazo":null,"data_fim_prazo":null,"em_tramitacao":false,"polemica":false,"objeto":"","complementar":false,"ementa":"DECLARA A FESTA SOCIAL NOSSA SENHORA DA CONCEI\u00c7\u00c3O, REALIZADA NO BAIRRO AVELAR, COMO PATRIM\u00d4NIO IMATERIAL DO MUNIC\u00cdPIO DE PATY DO ALFERES.","indexacao":"","observacao":"","resultado":"","texto_original":"http://sapl.patydoalferes.rj.leg.br/media/sapl/public/materialegislativa/2025/581/274_2025_declara_festa_social_n_senh_conceicao_realizada_no_bairro_avelar_como_patrimonio_imaterial_do_municipio_de_paty.docx","data_ultima_atualizacao":"2025-05-27T19:55:46.682408-03:00","ip":"138.117.222.166","ultima_edicao":"2025-05-27T19:54:24.398487-03:00","tipo":13,"regime_tramitacao":1,"tipo_origem_externa":null,"local_origem_externa":null,"user":6,"anexadas":[],"autores":[31]}