{"id":59,"__str__":"Indica\u00e7\u00e3o n\u00ba 26 de 2024","link_detail_backend":"/materia/59","metadata":{},"numero":26,"ano":2024,"numero_protocolo":null,"data_apresentacao":"2024-02-21","tipo_apresentacao":"E","data_publicacao":null,"numero_origem_externa":"","ano_origem_externa":null,"data_origem_externa":null,"apelido":"","dias_prazo":null,"data_fim_prazo":null,"em_tramitacao":false,"polemica":false,"objeto":"","complementar":false,"ementa":"Solicita ao Prefeito Municipal a implementa\u00e7\u00e3o do Museu Hist\u00f3rico da Mem\u00f3ria de Personalidades.","indexacao":"","observacao":"","resultado":"","texto_original":"http://sapl.patydoalferes.rj.leg.br/media/sapl/public/materialegislativa/2024/59/026_2024_implementacao_do_museu_historico_da_memoria_de_personalidades.pdf","data_ultima_atualizacao":"2024-04-05T15:18:26.406678-03:00","ip":"138.117.222.203","ultima_edicao":"2024-04-05T15:17:33.306438-03:00","tipo":8,"regime_tramitacao":1,"tipo_origem_externa":null,"local_origem_externa":null,"user":6,"anexadas":[],"autores":[4]}