{"id":624,"__str__":"Indica\u00e7\u00e3o n\u00ba 330 de 2025","link_detail_backend":"/materia/624","metadata":{},"numero":330,"ano":2025,"numero_protocolo":null,"data_apresentacao":"2025-04-14","tipo_apresentacao":"O","data_publicacao":null,"numero_origem_externa":"","ano_origem_externa":null,"data_origem_externa":null,"apelido":"","dias_prazo":null,"data_fim_prazo":null,"em_tramitacao":false,"polemica":false,"objeto":"","complementar":false,"ementa":"SOLICITA AO PREFEITO MUNICIPAL A AMPLIA\u00c7\u00c3O DO N\u00daMERO DE MEDIADORES ESCOLARES PARA ALUNOS AUTISTAS E A CONTRATA\u00c7\u00c3O DE MAIS MONITORES PARA OS \u00d4NIBUS ESCOLARES, GARANTINDO SUPORTE E SEGURAN\u00c7A NO TRANSPORTE.","indexacao":"","observacao":"","resultado":"","texto_original":"http://sapl.patydoalferes.rj.leg.br/media/sapl/public/materialegislativa/2025/624/330_2025_ampliacao_do_numero_de_mediadores_escolares_para_alunos_autistas_e_a_contratacao_de_mais_monitores_para_os_onibus_escolares.docx","data_ultima_atualizacao":"2025-05-28T17:49:29.656688-03:00","ip":"138.117.222.166","ultima_edicao":"2025-05-28T17:48:45.786378-03:00","tipo":8,"regime_tramitacao":1,"tipo_origem_externa":null,"local_origem_externa":null,"user":6,"anexadas":[],"autores":[32]}