{"id":649,"__str__":"Indica\u00e7\u00e3o n\u00ba 363 de 2025","link_detail_backend":"/materia/649","metadata":{},"numero":363,"ano":2025,"numero_protocolo":null,"data_apresentacao":"2025-04-16","tipo_apresentacao":"O","data_publicacao":null,"numero_origem_externa":"","ano_origem_externa":null,"data_origem_externa":null,"apelido":"","dias_prazo":null,"data_fim_prazo":null,"em_tramitacao":false,"polemica":false,"objeto":"","complementar":false,"ementa":"SOLICITA AO PREFEITO MUNICIPAL QUE AVALIE A POSSIBILIDADE DE ABRIR A RUA SITUADA ATR\u00c1S DA ESTA\u00c7\u00c3O AOS S\u00c1BADOS, COM O OBJETIVO DE PERMITIR O ACESSO E O DESCARREGAMENTO DE MERCADORIAS PELOS FEIRANTES QUE PARTICIPAM DA FEIRA AGROECOL\u00d3GICA DE PATY DO ALFERES.","indexacao":"","observacao":"","resultado":"","texto_original":"http://sapl.patydoalferes.rj.leg.br/media/sapl/public/materialegislativa/2025/649/363_2025_abrir_a_rua_da_estacao_nos_finais_de_semana_permitir_o_acesso_e_o_descarregamento_de_mercadorias_pelos_feirantes.docx","data_ultima_atualizacao":"2025-05-29T15:32:48.957018-03:00","ip":"138.117.221.104","ultima_edicao":"2025-05-29T15:32:13.001240-03:00","tipo":8,"regime_tramitacao":1,"tipo_origem_externa":null,"local_origem_externa":null,"user":6,"anexadas":[],"autores":[14]}