{"id":659,"__str__":"Indica\u00e7\u00e3o n\u00ba 373 de 2025","link_detail_backend":"/materia/659","metadata":{},"numero":373,"ano":2025,"numero_protocolo":null,"data_apresentacao":"2025-04-28","tipo_apresentacao":"O","data_publicacao":null,"numero_origem_externa":"","ano_origem_externa":null,"data_origem_externa":null,"apelido":"","dias_prazo":null,"data_fim_prazo":null,"em_tramitacao":false,"polemica":false,"objeto":"","complementar":false,"ementa":"SOLICITA AO PREFEITO MUNICIPAL A PINTURA INTERNA E EXTERNA DO POSTO DE SA\u00daDE DE AVELAR E A INSTALA\u00c7\u00c3O DE PLACA INDICATIVA DAS ATIVIDADES DESENVOLVIDAS NOS ANDARES DA UNIDADE.","indexacao":"","observacao":"","resultado":"","texto_original":"http://sapl.patydoalferes.rj.leg.br/media/sapl/public/materialegislativa/2025/659/373_2025_pintura_interna_e_externa_do_posto_de_saude_avelar_e_a_instalacao_de_placa_indicativa_das_atividades_desenvolvidas.docx","data_ultima_atualizacao":"2025-05-29T16:31:54.011973-03:00","ip":"138.117.221.104","ultima_edicao":"2025-05-29T16:30:58.850215-03:00","tipo":8,"regime_tramitacao":1,"tipo_origem_externa":null,"local_origem_externa":null,"user":6,"anexadas":[],"autores":[31]}