{"id":678,"__str__":"Indica\u00e7\u00e3o n\u00ba 393 de 2025","link_detail_backend":"/materia/678","metadata":{},"numero":393,"ano":2025,"numero_protocolo":null,"data_apresentacao":"2025-05-05","tipo_apresentacao":"O","data_publicacao":null,"numero_origem_externa":"","ano_origem_externa":null,"data_origem_externa":null,"apelido":"","dias_prazo":null,"data_fim_prazo":null,"em_tramitacao":false,"polemica":false,"objeto":"","complementar":false,"ementa":"SOLICITA AO PREFEITO MUNICIPAL QUE SEJAM REALIZADAS A\u00c7\u00d5ES DE LIMPEZA E DESOBSTRU\u00c7\u00c3O DO C\u00d3RREGO SITUADO NA AVENIDA VEREADOR ALO\u00cdSIO FERREIRA GOMES, NO BAIRRO AVELAR.","indexacao":"","observacao":"","resultado":"","texto_original":"http://sapl.patydoalferes.rj.leg.br/media/sapl/public/materialegislativa/2025/678/393_2025_que_sejam_realizadas_acoes_de_limpeza_e_desobstrucao_do_corrego_situado_na_avenida_vereador_aloisio_ferreira_gomes.docx","data_ultima_atualizacao":"2025-05-29T18:26:44.564545-03:00","ip":"138.117.221.104","ultima_edicao":"2025-05-29T18:26:11.623244-03:00","tipo":8,"regime_tramitacao":1,"tipo_origem_externa":null,"local_origem_externa":null,"user":6,"anexadas":[],"autores":[31]}