{"id":774,"__str__":"Indica\u00e7\u00e3o n\u00ba 501 de 2025","link_detail_backend":"/materia/774","metadata":{},"numero":501,"ano":2025,"numero_protocolo":null,"data_apresentacao":"2025-06-18","tipo_apresentacao":"O","data_publicacao":null,"numero_origem_externa":"","ano_origem_externa":null,"data_origem_externa":null,"apelido":"","dias_prazo":null,"data_fim_prazo":null,"em_tramitacao":false,"polemica":false,"objeto":"","complementar":false,"ementa":"SOLICITA AO PREFEITO MUNICIPAL A REALIZA\u00c7\u00c3O DE MANUTEN\u00c7\u00c3O NOS BRA\u00c7OS DE ILUMINA\u00c7\u00c3O P\u00daBLICA NOS BAIRROS VISTA ALEGRE E AQUENTA SOL.","indexacao":"","observacao":"","resultado":"","texto_original":"http://sapl.patydoalferes.rj.leg.br/media/sapl/public/materialegislativa/2025/774/501_2025_edinho_e_macarraomanutencao_nos_bracos_de_iluminacao_publica_nos_bairros_vista_alegre_e_aquenta_sol.docx","data_ultima_atualizacao":"2025-08-25T14:33:07.600021-03:00","ip":"138.117.221.181","ultima_edicao":"2025-08-25T14:30:41.942725-03:00","tipo":8,"regime_tramitacao":1,"tipo_origem_externa":null,"local_origem_externa":null,"user":6,"anexadas":[],"autores":[10]}