{"id":782,"__str__":"Indica\u00e7\u00e3o n\u00ba 509 de 2025","link_detail_backend":"/materia/782","metadata":{},"numero":509,"ano":2025,"numero_protocolo":null,"data_apresentacao":"2025-06-18","tipo_apresentacao":"O","data_publicacao":null,"numero_origem_externa":"","ano_origem_externa":null,"data_origem_externa":null,"apelido":"","dias_prazo":null,"data_fim_prazo":null,"em_tramitacao":false,"polemica":false,"objeto":"","complementar":false,"ementa":"SOLICITA AO PREFEITO MUNICIPAL A REALIZA\u00c7\u00c3O DE PODA DE \u00c1RVORES SOBRE A FIA\u00c7\u00c3O EL\u00c9TRICA E O REPARO NOS BRA\u00c7OS DE ILUMINA\u00c7\u00c3O P\u00daBLICA, COM A TROCA DE L\u00c2MPADAS QUEIMADAS, NA RUA YOLANDA CUNHA DE OLIVEIRA, BAIRRO ZENOBI\u00d3POLIS.","indexacao":"","observacao":"","resultado":"","texto_original":"http://sapl.patydoalferes.rj.leg.br/media/sapl/public/materialegislativa/2025/782/509_2025_a_realizacao_de_poda_de_arvores_sobre_a_fiacao_eletrica_e_o_reparo_nos_bracos_de_iluminacao_publica_com_a_troca_de_lampadas_queimadas.docx","data_ultima_atualizacao":"2025-08-25T14:58:52.756889-03:00","ip":"138.117.221.181","ultima_edicao":"2025-08-25T14:50:38.947287-03:00","tipo":8,"regime_tramitacao":1,"tipo_origem_externa":null,"local_origem_externa":null,"user":6,"anexadas":[],"autores":[33]}