{"id":793,"__str__":"Indica\u00e7\u00e3o n\u00ba 523 de 2025","link_detail_backend":"/materia/793","metadata":{},"numero":523,"ano":2025,"numero_protocolo":null,"data_apresentacao":"2025-07-02","tipo_apresentacao":"O","data_publicacao":null,"numero_origem_externa":"","ano_origem_externa":null,"data_origem_externa":null,"apelido":"","dias_prazo":null,"data_fim_prazo":null,"em_tramitacao":false,"polemica":false,"objeto":"","complementar":false,"ementa":"SOLICITA AO PREFEITO MUNICIPAL O FECHAMENTO DOS BUEIROS ABERTOS LOCALIZADOS NA ALAMEDA DO IP\u00ca E ALAMEDA DO ING\u00c1, BAIRRO PALMARES, PR\u00d3XIMO \u00c0 RESID\u00caNCIA DO PASTOR M\u00c1RCIO, BEM COMO EM FRENTE \u00c0 CASA DO SENHOR JORGE DA ARINA.","indexacao":"","observacao":"","resultado":"","texto_original":"http://sapl.patydoalferes.rj.leg.br/media/sapl/public/materialegislativa/2025/793/523_2025_o_fechamento_dos_bueiros_abertos_localizados_na_alameda_do_ipe_e_alameda_do_inga.docx","data_ultima_atualizacao":"2025-09-01T18:08:55.762471-03:00","ip":"138.117.221.250","ultima_edicao":"2025-09-01T18:07:37.488992-03:00","tipo":8,"regime_tramitacao":1,"tipo_origem_externa":null,"local_origem_externa":null,"user":6,"anexadas":[],"autores":[32]}