{"id":798,"__str__":"Indica\u00e7\u00e3o n\u00ba 528 de 2025","link_detail_backend":"/materia/798","metadata":{},"numero":528,"ano":2025,"numero_protocolo":null,"data_apresentacao":"2025-07-02","tipo_apresentacao":"O","data_publicacao":null,"numero_origem_externa":"","ano_origem_externa":null,"data_origem_externa":null,"apelido":"","dias_prazo":null,"data_fim_prazo":null,"em_tramitacao":false,"polemica":false,"objeto":"","complementar":false,"ementa":"SOLICITA AO PREFEITO MUNICIPAL A REALIZA\u00c7\u00c3O DE REFORMA E MELHORIAS NOS PONTOS DE \u00d4NIBUS DO MUNIC\u00cdPIO DE PATY DO ALFERES.","indexacao":"","observacao":"","resultado":"","texto_original":"http://sapl.patydoalferes.rj.leg.br/media/sapl/public/materialegislativa/2025/798/528_2025_a_realizacao_de_reforma_e_melhorias_nos_pontos_de_onibus_do_municipio_de_paty_do_alferes..docx","data_ultima_atualizacao":"2025-09-01T18:15:42.793012-03:00","ip":"138.117.221.250","ultima_edicao":"2025-09-01T18:14:53.611388-03:00","tipo":8,"regime_tramitacao":1,"tipo_origem_externa":null,"local_origem_externa":null,"user":6,"anexadas":[],"autores":[31]}