{"id":800,"__str__":"Indica\u00e7\u00e3o n\u00ba 530 de 2025","link_detail_backend":"/materia/800","metadata":{},"numero":530,"ano":2025,"numero_protocolo":null,"data_apresentacao":"2025-07-02","tipo_apresentacao":"O","data_publicacao":null,"numero_origem_externa":"","ano_origem_externa":null,"data_origem_externa":null,"apelido":"","dias_prazo":null,"data_fim_prazo":null,"em_tramitacao":false,"polemica":false,"objeto":"","complementar":false,"ementa":"SOLICITA AO PREFEITO MUNICIPAL QUE TOME AS DEVIDAS PROVID\u00caNCIAS QUANTO A UMA VALETA LOCALIZADA PR\u00d3XIMA \u00c0 PRACINHA, NA RUA DOUTOR PERALTA.","indexacao":"","observacao":"","resultado":"","texto_original":"http://sapl.patydoalferes.rj.leg.br/media/sapl/public/materialegislativa/2025/800/530_2025_que_tome_as_devidas_providencias_quanto_a_uma_valeta_localizada_proxima_a_pracinha_na_rua_doutor_peralta..docx","data_ultima_atualizacao":"2025-09-01T18:22:31.150602-03:00","ip":"138.117.221.250","ultima_edicao":"2025-09-01T18:19:24.711821-03:00","tipo":8,"regime_tramitacao":1,"tipo_origem_externa":null,"local_origem_externa":null,"user":6,"anexadas":[],"autores":[10]}