{"id":816,"__str__":"Indica\u00e7\u00e3o n\u00ba 549 de 2025","link_detail_backend":"/materia/816","metadata":{},"numero":549,"ano":2025,"numero_protocolo":null,"data_apresentacao":"2025-07-09","tipo_apresentacao":"O","data_publicacao":null,"numero_origem_externa":"","ano_origem_externa":null,"data_origem_externa":null,"apelido":"","dias_prazo":null,"data_fim_prazo":null,"em_tramitacao":false,"polemica":false,"objeto":"","complementar":false,"ementa":"SOLICITA AO PREFEITO MUNICIPAL A REVITALIZA\u00c7\u00c3O E REFORMA DA SEDE ADMINISTRATIVA DAS UNIDADES DE CONSERVA\u00c7\u00c3O MUNICIPAIS DE PATY DO ALFERES, SITUADA NO BAIRRO PALMARES.","indexacao":"","observacao":"","resultado":"","texto_original":"http://sapl.patydoalferes.rj.leg.br/media/sapl/public/materialegislativa/2025/816/549_2025__guilherme_e_marco_aurelio_revitalizacao_e_reforma_da_sede_administrativa_das_unidades_de_conservacao_municipais.docx","data_ultima_atualizacao":"2025-09-02T17:12:32.652398-03:00","ip":"138.117.221.250","ultima_edicao":"2025-09-02T16:35:24.289058-03:00","tipo":8,"regime_tramitacao":1,"tipo_origem_externa":null,"local_origem_externa":null,"user":6,"anexadas":[],"autores":[29]}