{"id":888,"__str__":"Projeto de Lei n\u00ba 637 de 2025","link_detail_backend":"/materia/888","metadata":{},"numero":637,"ano":2025,"numero_protocolo":null,"data_apresentacao":"2025-08-11","tipo_apresentacao":"O","data_publicacao":null,"numero_origem_externa":"","ano_origem_externa":null,"data_origem_externa":null,"apelido":"","dias_prazo":null,"data_fim_prazo":null,"em_tramitacao":false,"polemica":false,"objeto":"","complementar":false,"ementa":"DISP\u00d5E SOBRE A LEI ORG\u00c2NICA DA PROCURADORIA-GERAL DO MUNIC\u00cdPIO DE PATY DO ALFERES, BEM COMO A CARREIRA E O REGIME JUR\u00cdDICO DOS PROCURADORES DO MUNIC\u00cdPIO E D\u00c1 OUTRAS PROVID\u00caNCIAS.","indexacao":"","observacao":"","resultado":"","texto_original":"http://sapl.patydoalferes.rj.leg.br/media/sapl/public/materialegislativa/2025/888/mensagem_061_2025.docx","data_ultima_atualizacao":"2025-09-23T16:41:40.512342-03:00","ip":"138.117.221.232","ultima_edicao":"2025-09-23T16:40:02.798067-03:00","tipo":13,"regime_tramitacao":1,"tipo_origem_externa":null,"local_origem_externa":null,"user":6,"anexadas":[],"autores":[34]}