{"id":934,"__str__":"Projeto de Lei n\u00ba 696 de 2025","link_detail_backend":"/materia/934","metadata":{},"numero":696,"ano":2025,"numero_protocolo":null,"data_apresentacao":"2025-08-25","tipo_apresentacao":"O","data_publicacao":null,"numero_origem_externa":"","ano_origem_externa":null,"data_origem_externa":null,"apelido":"","dias_prazo":null,"data_fim_prazo":null,"em_tramitacao":false,"polemica":false,"objeto":"","complementar":false,"ementa":"DISP\u00d5E SOBRE A INSTITUI\u00c7\u00c3O DO DIA MUNICIPAL DOS DESBRAVADORES, NO \u00c2MBITO DO MUNIC\u00cdPIO DE PATY DO ALFERES.","indexacao":"","observacao":"","resultado":"","texto_original":"http://sapl.patydoalferes.rj.leg.br/media/sapl/public/materialegislativa/2025/934/696_2025_dispoe_sobre_a_instituicao_do_dia_municipal_dos_desbravadores.docx","data_ultima_atualizacao":"2025-10-03T16:52:58.335781-03:00","ip":"138.117.221.127","ultima_edicao":"2025-10-03T16:50:02.601591-03:00","tipo":13,"regime_tramitacao":1,"tipo_origem_externa":null,"local_origem_externa":null,"user":6,"anexadas":[],"autores":[14]}