{"headers": {"id": "ID", "ano": "Ano", "numero": "N\u00famero", "tipo__sigla": "Tipo de Mat\u00e9ria Legislativa/Sigla", "tipo__descricao": "Tipo de Mat\u00e9ria Legislativa/Descri\u00e7\u00e3o", "autoria": "Autorias", "texto_original": "Texto Original", "ementa": "Ementa"}, "results": [{"id": "143", "ano": "2023", "numero": "1", "tipo__sigla": "REQ", "tipo__descricao": "Requerimento", "autoria": "Denilson Ligeirinho", "texto_original": "http://sapl.patydoalferes.rj.leg.br/media/sapl/public/materialegislativa/2024/143/184_2023_mocao_de_aplausos_ao_senhor_rogerio_mesquita_da_silva_diretor_da_cadeia_publica_joao_carlos_da_silva.pdf", "ementa": "Requeiro \u00e0 Mesa Diretora que seja expedida na forma Regimental MO\u00c7\u00c3O DE APLAUSOS ao SR. ROG\u00c9RIO MESQUITA DA SILVA, Diretor da Cadeia P\u00fablica Jo\u00e3o Carlos da Silva."}, {"id": "78", "ano": "2023", "numero": "719", "tipo__sigla": "PL", "tipo__descricao": "Projeto de Lei", "autoria": "Dudu Mariotti", "texto_original": "http://sapl.patydoalferes.rj.leg.br/media/sapl/public/materialegislativa/2023/78/719_2023_projeto_de_lei_-_altera_redacao_-_dia_do_evangelico_-_15_de_janeiro_-_dudu_mariotti.pdf", "ementa": "ALTERA A REDA\u00c7\u00c3O DO ARTIGO 1\u00ba DA LEI N\u00ba 2.877, DE 23 DE MAR\u00c7O DE 2022 E O ARTIGO 1\u00ba, INCISO II, DA LEI 2.568, DE 04 DE JULHO DE 2019 E D\u00c1 OUTRAS PROVID\u00caNCIAS\u201d."}]}