{"headers": {"id": "ID", "ano": "Ano", "numero": "N\u00famero", "tipo__sigla": "Tipo de Mat\u00e9ria Legislativa/Sigla", "tipo__descricao": "Tipo de Mat\u00e9ria Legislativa/Descri\u00e7\u00e3o", "autoria": "Autorias", "texto_original": "Texto Original", "ementa": "Ementa"}, "results": [{"id": "22", "ano": "2024", "numero": "3", "tipo__sigla": "IND", "tipo__descricao": "Indica\u00e7\u00e3o", "autoria": "Edinho da Dengue", "texto_original": "http://sapl.patydoalferes.rj.leg.br/media/sapl/public/materialegislativa/2024/22/003_2024_convocacao_de_05_agente_de_combate_as_endemias.pdf", "ementa": "Solicita ao Prefeito Municipal que tome provid\u00eancias quanto a disponibilidade de convocar 05 agentes de combate \r\n\u00e0s endemias. Reiterando a minha indica\u00e7\u00e3o de n\u00ba 093/2022."}, {"id": "23", "ano": "2024", "numero": "4", "tipo__sigla": "IND", "tipo__descricao": "Indica\u00e7\u00e3o", "autoria": "Edinho da Dengue", "texto_original": "http://sapl.patydoalferes.rj.leg.br/media/sapl/public/materialegislativa/2024/23/004_2024_patrolamento_e_ensaibramento_boa_vista.pdf", "ementa": "Solicita ao Prefeito Municipal o patrolamento e encaibramento das ruas da Boa Vista."}, {"id": "33", "ano": "2024", "numero": "5", "tipo__sigla": "IND", "tipo__descricao": "Indica\u00e7\u00e3o", "autoria": "Edinho da Dengue", "texto_original": "http://sapl.patydoalferes.rj.leg.br/media/sapl/public/materialegislativa/2024/33/005_2024_patrolamento_e_ensaibramento_nos_bairros_coqueiros_e_rio_pardo.pdf", "ementa": "Solicita ao Prefeito Municipal o patrolamento e encaibramento das ruas nos bairros Coqueiros e Rio Pardo."}, {"id": "4", "ano": "2024", "numero": "6", "tipo__sigla": "IND", "tipo__descricao": "Indica\u00e7\u00e3o", "autoria": "Dudu Mariotti", "texto_original": "http://sapl.patydoalferes.rj.leg.br/media/sapl/public/materialegislativa/2024/4/006_2024_manutencao_na_rede_de_iluminacao_publica_do_bairro_da_saudade_avelar.pdf", "ementa": "Solicita ao Prefeito Municipal manuten\u00e7\u00e3o na rede de ilumina\u00e7\u00e3o p\u00fablica do Bairro da Saudade, Avelar."}, {"id": "34", "ano": "2024", "numero": "9", "tipo__sigla": "IND", "tipo__descricao": "Indica\u00e7\u00e3o", "autoria": "Edinho da Dengue", "texto_original": "http://sapl.patydoalferes.rj.leg.br/media/sapl/public/materialegislativa/2024/34/009_2024_pavimentacao_asfaltica_nas_principais_rua_vinte_e_oito_do_bairro_arcozelo.docx.pdf", "ementa": "Solicita ao Prefeito Municipal a constru\u00e7\u00e3o de uma Escadaria na servid\u00e3o que liga as ruas Dr. Maur\u00edcio Dourado Lopes com Wintor Barbosa de Godoi, no bairro Pedras Ruivas."}, {"id": "35", "ano": "2024", "numero": "10", "tipo__sigla": "IND", "tipo__descricao": "Indica\u00e7\u00e3o", "autoria": "Edinho da Dengue", "texto_original": "http://sapl.patydoalferes.rj.leg.br/media/sapl/public/materialegislativa/2024/35/010_2024_construcao_de_escadaria_em_pedras_ruivas.pdf", "ementa": "Solicita ao Prefeito Municipal a constru\u00e7\u00e3o de uma Escadaria na servid\u00e3o que liga as ruas Dr. Maur\u00edcio Dourado Lopes com Wintor Barbosa de Godoi, no bairro Pedras Ruivas."}, {"id": "36", "ano": "2024", "numero": "11", "tipo__sigla": "IND", "tipo__descricao": "Indica\u00e7\u00e3o", "autoria": "Edinho da Dengue", "texto_original": "http://sapl.patydoalferes.rj.leg.br/media/sapl/public/materialegislativa/2024/36/011_2024_pintura_da_parte_externa_da_secretaria_de_saude.pdf", "ementa": "Solicita ao Prefeito Municipal que realize a pintura da parte externa da Secretaria de Sa\u00fade."}, {"id": "18", "ano": "2024", "numero": "14", "tipo__sigla": "IND", "tipo__descricao": "Indica\u00e7\u00e3o", "autoria": "Zaninho", "texto_original": "http://sapl.patydoalferes.rj.leg.br/media/sapl/public/materialegislativa/2024/18/014_2024_disponibilizacao_de_lanche_apos_exame_de_sangue_na_maternidade..pdf", "ementa": "Solicita ao Prefeito Municipal Disponibiliza\u00e7\u00e3o de Lanche ap\u00f3s Exame de Sangue na Maternidade."}, {"id": "19", "ano": "2024", "numero": "15", "tipo__sigla": "IND", "tipo__descricao": "Indica\u00e7\u00e3o", "autoria": "S\u00e9rgio Sabi\u00e1", "texto_original": "http://sapl.patydoalferes.rj.leg.br/media/sapl/public/materialegislativa/2024/19/15_2024_patrolamento_e_ensaibramento_na_rua_14_bairro_maravilha..pdf", "ementa": "Solicita ao Prefeito Municipal Patrolamento e Ensaibramento na Rua 14, Bairro Maravilha."}, {"id": "11", "ano": "2024", "numero": "16", "tipo__sigla": "IND", "tipo__descricao": "Indica\u00e7\u00e3o", "autoria": "Denilson Ligeirinho", "texto_original": "http://sapl.patydoalferes.rj.leg.br/media/sapl/public/materialegislativa/2024/11/16_2024_-_construcao_de_uma_quadra_de_areia_na_praca_localizada_na_rod._ary_schiavo_ao_lado_do_bar_do_vivinha._.pdf", "ementa": "Solicita ao Prefeito Municipal a constru\u00e7\u00e3o de uma quadra de areia na pra\u00e7a localizada na Rod. Ary Schiavo, ao lado do Bar do Vivinha."}, {"id": "24", "ano": "2024", "numero": "18", "tipo__sigla": "IND", "tipo__descricao": "Indica\u00e7\u00e3o", "autoria": "S\u00e9rgio Sabi\u00e1", "texto_original": "http://sapl.patydoalferes.rj.leg.br/media/sapl/public/materialegislativa/2024/24/018_2024_revitalizacao_da_quadra_no_bairro_maravilha_localizada_na_rua_5..pdf", "ementa": "Solicita ao Prefeito Municipal revitaliza\u00e7\u00e3o da quadra no Bairro Maravilha, localizada na rua 5."}, {"id": "25", "ano": "2024", "numero": "19", "tipo__sigla": "IND", "tipo__descricao": "Indica\u00e7\u00e3o", "autoria": "S\u00e9rgio Sabi\u00e1", "texto_original": "http://sapl.patydoalferes.rj.leg.br/media/sapl/public/materialegislativa/2024/25/019_2024_saneamento_basico_na_r._custodio_domingues_correa_-_chave_de_ouro.pdf", "ementa": "Solicita ao Prefeito Municipal saneamento b\u00e1sico na R. Cust\u00f3dio Domingues Corr\u00eaa - Chave De Ouro."}, {"id": "37", "ano": "2024", "numero": "20", "tipo__sigla": "IND", "tipo__descricao": "Indica\u00e7\u00e3o", "autoria": "Edinho da Dengue", "texto_original": "http://sapl.patydoalferes.rj.leg.br/media/sapl/public/materialegislativa/2024/37/020_2024_manutencao_nas_ruas_do_cantagalo_localizada_no_bairro_de_coqueiros..pdf", "ementa": "Solicita ao Prefeito Municipal que realize manuten\u00e7\u00e3o nas ruas do Cantagalo, localizada no Bairro de Coqueiros. Reiterando a indica\u00e7\u00e3o de n\u00ba 081/2023."}, {"id": "58", "ano": "2024", "numero": "21", "tipo__sigla": "IND", "tipo__descricao": "Indica\u00e7\u00e3o", "autoria": "Edinho da Dengue", "texto_original": "http://sapl.patydoalferes.rj.leg.br/media/sapl/public/materialegislativa/2024/58/021_2024_servicos_de_rocada_e_limpeza_nos_pontos_criticos_da_rj_117..pdf", "ementa": "Solicita ao Prefeito Municipal que realize servi\u00e7os de ro\u00e7ada e limpeza nos pontos cr\u00edticos da RJ 117. Reiterando a indica\u00e7\u00e3o de n\u00famero 080/2021."}, {"id": "3", "ano": "2024", "numero": "25", "tipo__sigla": "IND", "tipo__descricao": "Indica\u00e7\u00e3o", "autoria": "Dudu Mariotti", "texto_original": "http://sapl.patydoalferes.rj.leg.br/media/sapl/public/materialegislativa/2024/3/025_2024_construcao_de_um_posto_de_saude_animal.pdf", "ementa": "Solicita ao Prefeito Municipal a constru\u00e7\u00e3o de um posto de sa\u00fade animal."}, {"id": "59", "ano": "2024", "numero": "26", "tipo__sigla": "IND", "tipo__descricao": "Indica\u00e7\u00e3o", "autoria": "Dudu Mariotti", "texto_original": "http://sapl.patydoalferes.rj.leg.br/media/sapl/public/materialegislativa/2024/59/026_2024_implementacao_do_museu_historico_da_memoria_de_personalidades.pdf", "ementa": "Solicita ao Prefeito Municipal a implementa\u00e7\u00e3o do Museu Hist\u00f3rico da Mem\u00f3ria de Personalidades."}, {"id": "16", "ano": "2024", "numero": "27", "tipo__sigla": "IND", "tipo__descricao": "Indica\u00e7\u00e3o", "autoria": "Rominho", "texto_original": "http://sapl.patydoalferes.rj.leg.br/media/sapl/public/materialegislativa/2024/16/027_2024_implementacao_de_centro_de_triagem_para_casos_de_dengue_na_clinica_da_familia.pdf", "ementa": "Solicita ao Prefeito Municipal a Implementa\u00e7\u00e3o de Centro de Triagem para Casos de Dengue na Cl\u00ednica da Fam\u00edlia."}, {"id": "12", "ano": "2024", "numero": "33", "tipo__sigla": "IND", "tipo__descricao": "Indica\u00e7\u00e3o", "autoria": "Julinho Juju", "texto_original": "http://sapl.patydoalferes.rj.leg.br/media/sapl/public/materialegislativa/2024/12/033_2024_instalacao_de_um_polo_da_fundacao_cecierj_contemplando_o_curso_pre-vestibular_social_e_o_centro_de_educacao_de_jovens_e_adultos_ceja..pdf", "ementa": "Solicita ao Prefeito Municipal instala\u00e7\u00e3o de um polo da Funda\u00e7\u00e3o CECIERJ, contemplando o Curso Pr\u00e9-Vestibular Social e o Centro de Educa\u00e7\u00e3o de Jovens e Adultos (CEJA)."}, {"id": "13", "ano": "2024", "numero": "34", "tipo__sigla": "IND", "tipo__descricao": "Indica\u00e7\u00e3o", "autoria": "Julinho Juju", "texto_original": "http://sapl.patydoalferes.rj.leg.br/media/sapl/public/materialegislativa/2024/13/034_2024_implementacao_de_uma_unidade_da_fundacao_de_apoio_a_escola_tecnica_faetec..pdf", "ementa": "Solicita ao Prefeito Municipal implementa\u00e7\u00e3o de uma unidade da Funda\u00e7\u00e3o de Apoio \u00e0 Escola T\u00e9cnica (FAETEC)."}, {"id": "38", "ano": "2024", "numero": "35", "tipo__sigla": "IND", "tipo__descricao": "Indica\u00e7\u00e3o", "autoria": "", "texto_original": "http://sapl.patydoalferes.rj.leg.br/media/", "ementa": "Solicita ao Prefeito Municipal manuten\u00e7\u00e3o da ponte localizada na Estrada do S\u00edtio Seu Luiz, pr\u00f3xima ao n\u00famero 155, Bairro Boa Vista."}, {"id": "39", "ano": "2024", "numero": "36", "tipo__sigla": "IND", "tipo__descricao": "Indica\u00e7\u00e3o", "autoria": "Edinho da Dengue", "texto_original": "http://sapl.patydoalferes.rj.leg.br/media/", "ementa": "Solicita ao Prefeito Municipal instala\u00e7\u00e3o de bra\u00e7os de ilumina\u00e7\u00e3o p\u00fablica na Rua Yvone de Oliveira de Barros Franco, localizada em Avelar."}, {"id": "40", "ano": "2024", "numero": "37", "tipo__sigla": "IND", "tipo__descricao": "Indica\u00e7\u00e3o", "autoria": "Edinho da Dengue", "texto_original": "http://sapl.patydoalferes.rj.leg.br/media/sapl/public/materialegislativa/2024/40/037_2024_a_compra_de_tela_de_caixas_dagua_para_fortalecer_as_acoes_publicas_de_prevencao_a_dengue..pdf", "ementa": "Solicita ao Prefeito Municipal a compra de tela de caixas d\u2019\u00e1gua para fortalecer as a\u00e7\u00f5es p\u00fablicas de preven\u00e7\u00e3o a dengue."}, {"id": "26", "ano": "2024", "numero": "38", "tipo__sigla": "IND", "tipo__descricao": "Indica\u00e7\u00e3o", "autoria": "S\u00e9rgio Sabi\u00e1", "texto_original": "http://sapl.patydoalferes.rj.leg.br/media/sapl/public/materialegislativa/2024/26/038_2024_a_troca_das_lampadas_pelos_modelos_de_led_em_todos_os_pontos_de_onibus_do_municipio.pdf", "ementa": "Solicita ao Prefeito Municipal a troca das l\u00e2mpadas pelos modelos de LED em todos os pontos de \u00f4nibus do Munic\u00edpio, reiterando a indica\u00e7\u00e3o de n\u00ba 432/2023."}, {"id": "27", "ano": "2024", "numero": "39", "tipo__sigla": "IND", "tipo__descricao": "Indica\u00e7\u00e3o", "autoria": "S\u00e9rgio Sabi\u00e1", "texto_original": "http://sapl.patydoalferes.rj.leg.br/media/sapl/public/materialegislativa/2024/27/039_2024_realizacao_de_campanhas_de_conscientizacao_sobre_a_doacao_de_sangue..pdf", "ementa": "Solicita ao Prefeito Municipal realiza\u00e7\u00e3o de campanhas de conscientiza\u00e7\u00e3o sobre a doa\u00e7\u00e3o de sangue."}, {"id": "28", "ano": "2024", "numero": "40", "tipo__sigla": "IND", "tipo__descricao": "Indica\u00e7\u00e3o", "autoria": "S\u00e9rgio Sabi\u00e1", "texto_original": "http://sapl.patydoalferes.rj.leg.br/media/sapl/public/materialegislativa/2024/28/040_2024_instalacao_de_placas_indicativas_com_o_peso_maximo_para_utilizacao_das_academias_da_terceira_idade_em_todo_o_municipio..pdf", "ementa": "Solicita ao Prefeito Municipal instala\u00e7\u00e3o de placas indicativas com o peso m\u00e1ximo para utiliza\u00e7\u00e3o das academias da terceira idade em todo o munic\u00edpio."}, {"id": "17", "ano": "2024", "numero": "45", "tipo__sigla": "IND", "tipo__descricao": "Indica\u00e7\u00e3o", "autoria": "Rominho", "texto_original": "http://sapl.patydoalferes.rj.leg.br/media/sapl/public/materialegislativa/2024/17/045_2024_que_tome_providencias_quanto_a_iluminacao_publica_e_o_paisagismo_na_praca_nilo_monte_mor_no_centro_de_avelar..pdf", "ementa": "Solicita ao Prefeito Municipal que tome provid\u00eancias quanto a ilumina\u00e7\u00e3o p\u00fablica e o paisagismo na pra\u00e7a Nilo Monte Mor no centro de Avelar."}, {"id": "41", "ano": "2024", "numero": "46", "tipo__sigla": "IND", "tipo__descricao": "Indica\u00e7\u00e3o", "autoria": "Edinho da Dengue", "texto_original": "http://sapl.patydoalferes.rj.leg.br/media/sapl/public/materialegislativa/2024/41/046_2024_reforce_a_sinalizacao_ja_existente_em_torno_da_praca_de_coqueiros_a_saber_pintura_das_faixas.pdf", "ementa": "Solicita ao Prefeito Municipal que interceda junto a Secretaria competente que reforce a sinaliza\u00e7\u00e3o j\u00e1 existente em torno da Pra\u00e7a de Coqueiros a saber: pintura das faixas; placas e sinaliza\u00e7\u00e3o dos quebra-molas. Reiterando a Indica\u00e7\u00e3o de n\u00ba 161/2023."}, {"id": "42", "ano": "2024", "numero": "47", "tipo__sigla": "IND", "tipo__descricao": "Indica\u00e7\u00e3o", "autoria": "Edinho da Dengue", "texto_original": "http://sapl.patydoalferes.rj.leg.br/media/", "ementa": "Solicita ao Prefeito Municipal que viabilize uma ambul\u00e2ncia para o ESF do Bairro Horizonte."}, {"id": "43", "ano": "2024", "numero": "48", "tipo__sigla": "IND", "tipo__descricao": "Indica\u00e7\u00e3o", "autoria": "Edinho da Dengue", "texto_original": "http://sapl.patydoalferes.rj.leg.br/media/sapl/public/materialegislativa/2024/43/048_2024_realize_patrolamento_e_ensaibramento_nas_principais_ruas_do_bairro_de_palmares_reiterando_a_indicacao_de_no203_2023..pdf", "ementa": "Solicita ao Prefeito Municipal que realize patrolamento e ensaibramento nas principais ruas do Bairro de Palmares, reiterando a indica\u00e7\u00e3o de n\u00ba203/2023."}, {"id": "44", "ano": "2024", "numero": "49", "tipo__sigla": "IND", "tipo__descricao": "Indica\u00e7\u00e3o", "autoria": "Edinho da Dengue", "texto_original": "http://sapl.patydoalferes.rj.leg.br/media/sapl/public/materialegislativa/2024/44/049_2024_manutencao_em_todas_as_estradas_no_bairro_de_palmares.pdf", "ementa": "Solicita ao Prefeito Municipal que realize manuten\u00e7\u00e3o em todas as estradas no Bairro de Palmares."}, {"id": "45", "ano": "2024", "numero": "50", "tipo__sigla": "IND", "tipo__descricao": "Indica\u00e7\u00e3o", "autoria": "Edinho da Dengue", "texto_original": "http://sapl.patydoalferes.rj.leg.br/media/sapl/public/materialegislativa/2024/45/050_2024_patrolamento_ensaibramento_e_limpeza_da_rua_mato_sapo_coqueiros._reiterando_a_indicacao_de.pdf", "ementa": "Solicita ao Prefeito Municipal patrolamento, ensaibramento e limpeza da Rua Mato Sapo, Coqueiros. Reiterando a indica\u00e7\u00e3o de n\u00ba 153/2021 de autoria do Vereador Edinho da Dengue."}, {"id": "46", "ano": "2024", "numero": "55", "tipo__sigla": "IND", "tipo__descricao": "Indica\u00e7\u00e3o", "autoria": "Edinho da Dengue", "texto_original": "http://sapl.patydoalferes.rj.leg.br/media/sapl/public/materialegislativa/2024/46/055_2024_patrolamento_e_ensaibramento_na_travessa_celino_gomes_lisboa_localizada_no_bairro_goiabal._reiterando_a_i.pdf", "ementa": "Solicita ao Prefeito Municipal patrolamento e ensaibramento na travessa Celino Gomes Lisboa, localizada no Bairro Goiabal. Reiterando a indica\u00e7\u00e3o de n\u00ba 265/2022."}, {"id": "47", "ano": "2024", "numero": "56", "tipo__sigla": "IND", "tipo__descricao": "Indica\u00e7\u00e3o", "autoria": "Edinho da Dengue", "texto_original": "http://sapl.patydoalferes.rj.leg.br/media/sapl/public/materialegislativa/2024/47/056_2024_manutencao_dos_bracos_de_iluminacao_publica_no_bairro_de_palmares..pdf", "ementa": "Solicita ao Prefeito Municipal manuten\u00e7\u00e3o dos bra\u00e7os de ilumina\u00e7\u00e3o p\u00fablica no Bairro de Palmares."}, {"id": "49", "ano": "2024", "numero": "57", "tipo__sigla": "IND", "tipo__descricao": "Indica\u00e7\u00e3o", "autoria": "Edinho da Dengue", "texto_original": "http://sapl.patydoalferes.rj.leg.br/media/sapl/public/materialegislativa/2024/49/057_2024_poda_dos_galhos_de_arvores_presentes_proximos_a_rede_eletrica_no_bairro_rio_pardo._reiterando_a_indicacao_de_no.pdf", "ementa": "Solicita ao Prefeito Municipal poda dos galhos de \u00e1rvores presentes pr\u00f3ximos a rede el\u00e9trica no Bairro Rio Pardo. Reiterando a indica\u00e7\u00e3o de n\u00ba 653/2022 e n\u00ba 063/2023."}, {"id": "29", "ano": "2024", "numero": "58", "tipo__sigla": "IND", "tipo__descricao": "Indica\u00e7\u00e3o", "autoria": "S\u00e9rgio Sabi\u00e1", "texto_original": "http://sapl.patydoalferes.rj.leg.br/media/sapl/public/materialegislativa/2024/29/058_2024_a_limpeza_de_toda_a_extensao_da_rua_8_localizada_no_bairro_da_maravilha.pdf", "ementa": "Solicita ao Prefeito Municipal a limpeza de toda a extens\u00e3o da Rua 8, localizada no Bairro da Maravilha."}, {"id": "30", "ano": "2024", "numero": "59", "tipo__sigla": "IND", "tipo__descricao": "Indica\u00e7\u00e3o", "autoria": "S\u00e9rgio Sabi\u00e1", "texto_original": "http://sapl.patydoalferes.rj.leg.br/media/sapl/public/materialegislativa/2024/30/059_2024_patrolamento_e_ensaibramento_em_todas_as_ruas_da_parte_alta_do_loteamento_do_zeze_lopes_tendo_como_referencia_a_rua_b..pdf", "ementa": "Solicita ao Prefeito Municipal patrolamento e ensaibramento em todas as ruas da Parte Alta do Loteamento do Zez\u00e9 Lopes, tendo como refer\u00eancia a Rua B."}, {"id": "31", "ano": "2024", "numero": "60", "tipo__sigla": "IND", "tipo__descricao": "Indica\u00e7\u00e3o", "autoria": "Edinho da Dengue", "texto_original": "http://sapl.patydoalferes.rj.leg.br/media/sapl/public/materialegislativa/2024/31/060_2024_pintura_das_faixas_de_pedestre_e_vagas_de_estacionamento_nas_principais_ruas_do_centro_de_paty_do_alferes..pdf", "ementa": "Solicita ao Prefeito Municipal pintura das faixas de pedestre e vagas de estacionamento nas principais ruas do centro de Paty do Alferes."}, {"id": "52", "ano": "2024", "numero": "68", "tipo__sigla": "IND", "tipo__descricao": "Indica\u00e7\u00e3o", "autoria": "Edinho da Dengue", "texto_original": "http://sapl.patydoalferes.rj.leg.br/media/sapl/public/materialegislativa/2024/52/068_2024_patrolamento_e_ensaibramento_na_rua_e_maravilha.pdf", "ementa": "Solicita ao Prefeito Municipal patrolamento e ensaibramento na rua E, localizada no bairro Maravilha."}, {"id": "53", "ano": "2024", "numero": "69", "tipo__sigla": "IND", "tipo__descricao": "Indica\u00e7\u00e3o", "autoria": "Edinho da Dengue", "texto_original": "http://sapl.patydoalferes.rj.leg.br/media/sapl/public/materialegislativa/2024/53/069_2024_servicos_de_rocada__na_estrada_maravilha_x_arcozelo.pdf", "ementa": "Solicita ao Prefeito Municipal que realize servi\u00e7os de ro\u00e7ada na estrada Maravilha X Arcozelo, no bairro Maravilha."}, {"id": "54", "ano": "2024", "numero": "70", "tipo__sigla": "IND", "tipo__descricao": "Indica\u00e7\u00e3o", "autoria": "Edinho da Dengue", "texto_original": "http://sapl.patydoalferes.rj.leg.br/media/sapl/public/materialegislativa/2024/54/070_2024_patrolamento_e_ensaibramento_nas_ruas_do_sossego_maravilha.pdf", "ementa": "Solicita ao Prefeito Municipal patrolamento e ensaibramento nas ruas do Sossego, localizada no bairro Maravilha."}, {"id": "5", "ano": "2024", "numero": "74", "tipo__sigla": "IND", "tipo__descricao": "Indica\u00e7\u00e3o", "autoria": "Dudu Mariotti", "texto_original": "http://sapl.patydoalferes.rj.leg.br/media/sapl/public/materialegislativa/2024/5/074_2024_manutencao_na_rede_de_esgoto_da_rua_filomena_da_silva_figueira_localizada_no_bairro_esperanca..pdf", "ementa": "Solicita ao Prefeito Municipal manuten\u00e7\u00e3o na rede de esgoto da Rua Filomena da Silva Figueira, localizada no Bairro Esperan\u00e7a."}, {"id": "6", "ano": "2024", "numero": "75", "tipo__sigla": "IND", "tipo__descricao": "Indica\u00e7\u00e3o", "autoria": "Dudu Mariotti", "texto_original": "http://sapl.patydoalferes.rj.leg.br/media/sapl/public/materialegislativa/2024/6/075_2024_que_implemente_o_jiu-jitsu_nos_jogos_esportivos_de_paty_do_alferes_jespa..pdf", "ementa": "Solicita ao Prefeito Municipal que implemente o jiu-jitsu nos Jogos Esportivos de Paty do Alferes (JESPA)."}, {"id": "7", "ano": "2024", "numero": "76", "tipo__sigla": "IND", "tipo__descricao": "Indica\u00e7\u00e3o", "autoria": "Dudu Mariotti", "texto_original": "http://sapl.patydoalferes.rj.leg.br/media/sapl/public/materialegislativa/2024/7/076_2024_vistoria_na_rua_nova_mantiquira_no_1.061_no_bairro_acampamento.pdf", "ementa": "Solicita ao Prefeito Municipal e a Secretaria Municipal de Obras e Servi\u00e7os P\u00fablicos que realizem vistoria na Rua Nova Mantiquira, n\u00ba 1.061 no Bairro Acampamento."}, {"id": "14", "ano": "2024", "numero": "83", "tipo__sigla": "IND", "tipo__descricao": "Indica\u00e7\u00e3o", "autoria": "Julinho Juju", "texto_original": "http://sapl.patydoalferes.rj.leg.br/media/sapl/public/materialegislativa/2024/14/083_2024_instalacao_de_sistemas_de_ar-condicionado_em_todos_os_colegios_e_postos_de_saude..pdf", "ementa": "Solicita ao Prefeito Municipal instala\u00e7\u00e3o de sistemas de ar-condicionado em todos os col\u00e9gios e postos de sa\u00fade."}, {"id": "55", "ano": "2024", "numero": "89", "tipo__sigla": "IND", "tipo__descricao": "Indica\u00e7\u00e3o", "autoria": "", "texto_original": "http://sapl.patydoalferes.rj.leg.br/media/sapl/public/materialegislativa/2024/55/089_2024_providencias_quanto_a_disponibilidade_de_convocar_agentes_de_combate_as_endemias_reiterando_a_indicacao_de_n.pdf", "ementa": "Solicita ao Prefeito Municipal provid\u00eancias quanto a disponibilidade de convocar agentes de combate as endemias, reiterando a indica\u00e7\u00e3o de n\u00ba 003/2024."}, {"id": "56", "ano": "2024", "numero": "90", "tipo__sigla": "IND", "tipo__descricao": "Indica\u00e7\u00e3o", "autoria": "Edinho da Dengue", "texto_original": "http://sapl.patydoalferes.rj.leg.br/media/", "ementa": "Solicita ao Prefeito Municipal limpeza na escadaria da Escola Municipal Pedro Nogueira."}, {"id": "9", "ano": "2024", "numero": "91", "tipo__sigla": "IND", "tipo__descricao": "Indica\u00e7\u00e3o", "autoria": "Dudu Mariotti", "texto_original": "http://sapl.patydoalferes.rj.leg.br/media/sapl/public/materialegislativa/2024/9/091_2024_profissionais_auxiliares_para_sala_de_aula_em_especial_maternal_1_e_2_no_sistema_de_ensino.pdf", "ementa": "Solicita ao Prefeito Municipal profissionais auxiliares para sala de aula, em especial maternal 1 e 2 no sistema de ensino no Munic\u00edpio."}, {"id": "10", "ano": "2024", "numero": "92", "tipo__sigla": "IND", "tipo__descricao": "Indica\u00e7\u00e3o", "autoria": "Dudu Mariotti", "texto_original": "http://sapl.patydoalferes.rj.leg.br/media/sapl/public/materialegislativa/2024/10/092_2024_presenca_da_guarda_municipal_em_obras_para_controle_de_transito..pdf", "ementa": "Solicita ao Prefeito Municipal Presen\u00e7a da Guarda Municipal em Obras para Controle de Tr\u00e2nsito."}, {"id": "15", "ano": "2024", "numero": "93", "tipo__sigla": "IND", "tipo__descricao": "Indica\u00e7\u00e3o", "autoria": "Juliano Melo", "texto_original": "http://sapl.patydoalferes.rj.leg.br/media/sapl/public/materialegislativa/2024/15/093_2024_presenca_da_guarda_municipal_na_faixa_de_pedestre_do_semaforo..pdf", "ementa": "Solicita ao Prefeito Municipal Presen\u00e7a da Guarda Municipal na faixa de pedestre do sem\u00e1foro."}, {"id": "77", "ano": "2024", "numero": "96", "tipo__sigla": "IND", "tipo__descricao": "Indica\u00e7\u00e3o", "autoria": "Zaninho", "texto_original": "http://sapl.patydoalferes.rj.leg.br/media/sapl/public/materialegislativa/2024/77/096_2024_limpeza_no_rio_que_corta_o_bairro_esperanca..pdf", "ementa": "Solicita ao Prefeito Municipal limpeza no rio que corta o Bairro Esperan\u00e7a, reiterando a indica\u00e7\u00e3o de n\u00ba 727/2023 do Vereador Dudu Mariotti."}, {"id": "21", "ano": "2024", "numero": "97", "tipo__sigla": "IND", "tipo__descricao": "Indica\u00e7\u00e3o", "autoria": "Edinho da Dengue", "texto_original": "http://sapl.patydoalferes.rj.leg.br/media/sapl/public/materialegislativa/2024/21/097_2024_implementacao_de_melhorias_nas_ruas_rua_de_coqueiros_e_rio_pardo..pdf", "ementa": "Solicita ao Prefeito Municipal implementa\u00e7\u00e3o de melhorias nas ruas de Coqueiros e Rio Pardo, reiterando as indica\u00e7\u00f5es de n\u00ba 710/2023 e n\u00ba 005/2024"}, {"id": "8", "ano": "2024", "numero": "99", "tipo__sigla": "IND", "tipo__descricao": "Indica\u00e7\u00e3o", "autoria": "Dudu Mariotti", "texto_original": "http://sapl.patydoalferes.rj.leg.br/media/sapl/public/materialegislativa/2024/8/099_2024_patrolamento_e_ensaibramento_na_rua_g_bairro_roseiral_em_arcozelo..pdf", "ementa": "Solicita ao Prefeito Municipal Patrolamento e Ensaibramento na Rua G, Bairro Roseiral em Arcozelo, reiterando a indica\u00e7\u00e3o de n\u00ba 581/2023 do Vereador Edinho da Dengue."}, {"id": "2", "ano": "2024", "numero": "100", "tipo__sigla": "IND", "tipo__descricao": "Indica\u00e7\u00e3o", "autoria": "Dudu Mariotti", "texto_original": "http://sapl.patydoalferes.rj.leg.br/media/sapl/public/materialegislativa/2024/2/100_2024_medidas_urgentes_para_a_fiscalizacao_e_combate_contra_a_proliferacao_do_mosquito_aedes_aegypti_transmissor_da_dengue_no_corrego_pro.pdf", "ementa": "Solicita ao Prefeito Municipal medidas urgentes para a fiscaliza\u00e7\u00e3o e combate contra a prolifera\u00e7\u00e3o do mosquito Aedes aegypti, transmissor da dengue, no c\u00f3rrego pr\u00f3ximo ao cemit\u00e9rio no Bairro Esperan\u00e7a."}, {"id": "72", "ano": "2024", "numero": "101", "tipo__sigla": "IND", "tipo__descricao": "Indica\u00e7\u00e3o", "autoria": "Zaninho", "texto_original": "http://sapl.patydoalferes.rj.leg.br/media/sapl/public/materialegislativa/2024/72/101_2024_operacao_de_tapa-buracos_na_estrada_do_roseiral_localizada_em_arcozelo..pdf", "ementa": "Solicita ao Prefeito Municipal opera\u00e7\u00e3o de tapa-buracos na Estrada do Roseiral, localizada em Arcozelo."}, {"id": "73", "ano": "2024", "numero": "102", "tipo__sigla": "IND", "tipo__descricao": "Indica\u00e7\u00e3o", "autoria": "Edinho da Dengue", "texto_original": "http://sapl.patydoalferes.rj.leg.br/media/sapl/public/materialegislativa/2024/73/102_2024_patrolamento_e_ensaibramento_na_rua_tres_localizada_no_bairro_maravilha_reiterando_a_indicacao_de_no_065_2022..pdf", "ementa": "Solicita ao Prefeito Municipal realiza\u00e7\u00e3o de obras de patrolamento e ensaibramento na rua Tr\u00eas, localizada no bairro Maravilha, reiterando a indica\u00e7\u00e3o de n\u00ba 065/2022."}, {"id": "74", "ano": "2024", "numero": "103", "tipo__sigla": "IND", "tipo__descricao": "Indica\u00e7\u00e3o", "autoria": "Edinho da Dengue", "texto_original": "http://sapl.patydoalferes.rj.leg.br/media/sapl/public/materialegislativa/2024/74/103_2024_realizacao_de_obras_de_pavimentacao_asfaltica_na_rua_b_localizada_no_bairro_maravilha..pdf", "ementa": "Solicita ao Prefeito Municipal realiza\u00e7\u00e3o de obras de pavimenta\u00e7\u00e3o asf\u00e1ltica na rua B, localizada no bairro Maravilha."}, {"id": "80", "ano": "2024", "numero": "110", "tipo__sigla": "IND", "tipo__descricao": "Indica\u00e7\u00e3o", "autoria": "Julinho Juju", "texto_original": "http://sapl.patydoalferes.rj.leg.br/media/sapl/public/materialegislativa/2024/80/110_2024_providencias_urgentes_para_resolver_problema_de_esgoto_a_ceu_aberto_no_bairro_mantiquira.pdf", "ementa": "Solicita ao Prefeito Municipal Provid\u00eancias Urgentes para Resolver Problema de Esgoto a C\u00e9u Aberto no Bairro Mantiqueira."}, {"id": "81", "ano": "2024", "numero": "111", "tipo__sigla": "IND", "tipo__descricao": "Indica\u00e7\u00e3o", "autoria": "Julinho Juju", "texto_original": "http://sapl.patydoalferes.rj.leg.br/media/sapl/public/materialegislativa/2024/81/111_2024_realizacao_de_obras_no_centro_da_cidade_em_turnos_para_minimizar_impactos_no_transito_e_na_comunidade..pdf", "ementa": "Solicita ao Prefeito Municipal que as Obras no Centro da Cidade sejam realizadas em Turnos para Minimizar Impactos no Tr\u00e2nsito e na Comunidade."}, {"id": "82", "ano": "2024", "numero": "112", "tipo__sigla": "IND", "tipo__descricao": "Indica\u00e7\u00e3o", "autoria": "Macarr\u00e3o", "texto_original": "http://sapl.patydoalferes.rj.leg.br/media/sapl/public/materialegislativa/2024/82/112_2024_aquisicao_de_trator_agricola_para_o_municipio.pdf", "ementa": "Solicita ao Prefeito Municipal Aquisi\u00e7\u00e3o de Trator Agr\u00edcola para o Munic\u00edpio, reiterando as indica\u00e7\u00f5es de n\u00ba 332/2021 e n\u00ba 740/2021."}, {"id": "90", "ano": "2024", "numero": "118", "tipo__sigla": "IND", "tipo__descricao": "Indica\u00e7\u00e3o", "autoria": "Edinho da Dengue", "texto_original": "http://sapl.patydoalferes.rj.leg.br/media/sapl/public/materialegislativa/2024/90/118_2024_patrolamento_e_ensaibramento_na_rua_dr._francisco_baker_meio_reiterando_a_indicacao_de_no.pdf", "ementa": "Solicita ao Prefeito Municipal Patrolamento e Ensaibramento na Rua Dr. Francisco Baker Meio, reiterando a indica\u00e7\u00e3o de n\u00ba 702/2022."}, {"id": "91", "ano": "2024", "numero": "119", "tipo__sigla": "IND", "tipo__descricao": "Indica\u00e7\u00e3o", "autoria": "Edinho da Dengue", "texto_original": "http://sapl.patydoalferes.rj.leg.br/media/sapl/public/materialegislativa/2024/91/119_2024_manutencao_na_rua_fernando_crespo_reiterando_a_indicacao_de_no.pdf", "ementa": "Solicita ao Prefeito Municipal Manuten\u00e7\u00e3o na Rua Fernando Crespo, reiterando a indica\u00e7\u00e3o de n\u00ba 679/2023."}, {"id": "92", "ano": "2024", "numero": "120", "tipo__sigla": "IND", "tipo__descricao": "Indica\u00e7\u00e3o", "autoria": "Edinho da Dengue", "texto_original": "http://sapl.patydoalferes.rj.leg.br/media/sapl/public/materialegislativa/2024/92/120_2024_manutencao_ou_troca_dos_aparelhos_de_ginastica_da_terceira_idade_no_bairro_coqueiros.pdf", "ementa": "Solicita ao Prefeito Municipal Manuten\u00e7\u00e3o ou Troca dos Aparelhos de Gin\u00e1stica da Terceira Idade no Bairro Coqueiros."}, {"id": "102", "ano": "2024", "numero": "126", "tipo__sigla": "IND", "tipo__descricao": "Indica\u00e7\u00e3o", "autoria": "Dudu Mariotti", "texto_original": "http://sapl.patydoalferes.rj.leg.br/media/sapl/public/materialegislativa/2024/102/126_2024_espaco_para_barracas_na_festa_do_tomate_destinados_aos_comerciantes_e_moradores_afetados_por_obras_no_centro_da_cidade..pdf", "ementa": "Solicita ao Prefeito Municipal espa\u00e7o para barracas na Festa do Tomate destinados aos comerciantes e moradores afetados por obras no centro da Cidade."}, {"id": "97", "ano": "2024", "numero": "129", "tipo__sigla": "IND", "tipo__descricao": "Indica\u00e7\u00e3o", "autoria": "", "texto_original": "http://sapl.patydoalferes.rj.leg.br/media/", "ementa": "Solicita ao Prefeito Municipal Implanta\u00e7\u00e3o de Pra\u00e7a de Brinquedos no Bairro do Grot\u00e3o."}, {"id": "98", "ano": "2024", "numero": "130", "tipo__sigla": "IND", "tipo__descricao": "Indica\u00e7\u00e3o", "autoria": "Rominho", "texto_original": "http://sapl.patydoalferes.rj.leg.br/media/", "ementa": "Solicita ao Prefeito Municipal Implanta\u00e7\u00e3o de Pra\u00e7a de Brinquedos no Bairro Pedras Ruivas - Localidade \u00daltimo Gole."}, {"id": "127", "ano": "2024", "numero": "135", "tipo__sigla": "IND", "tipo__descricao": "Indica\u00e7\u00e3o", "autoria": "Zaninho", "texto_original": "http://sapl.patydoalferes.rj.leg.br/media/sapl/public/materialegislativa/2024/127/135_2024_patrolamento_na_avenida_brasil_referencia_aldeia_de_arcozelo..pdf", "ementa": "Solicita ao Prefeito Municipal patrolamento na RJ 125 na altura da Aldeia de Arcozelo."}, {"id": "128", "ano": "2024", "numero": "136", "tipo__sigla": "IND", "tipo__descricao": "Indica\u00e7\u00e3o", "autoria": "Zaninho", "texto_original": "http://sapl.patydoalferes.rj.leg.br/media/sapl/public/materialegislativa/2024/128/136_2024___limpeza_no_reservatorio_de_agua_das_casinhas_populares.pdf", "ementa": "Solicita ao Prefeito Municipal Limpeza no reservat\u00f3rio de \u00e1gua das \u201cCasinhas Populares\u201d, na localidade do Roseiral."}, {"id": "129", "ano": "2024", "numero": "137", "tipo__sigla": "IND", "tipo__descricao": "Indica\u00e7\u00e3o", "autoria": "Zaninho", "texto_original": "http://sapl.patydoalferes.rj.leg.br/media/sapl/public/materialegislativa/2024/129/137_2024_instalacao_de_guarda_corpo_ao_longo_da_descida_do_morro_das_casinhas_populares_do_roseiral.pdf", "ementa": "Solicita ao Prefeito Municipal instala\u00e7\u00e3o de guarda corpo ao longo da descida do morro das \"Casinhas Populares\" do Roseiral."}, {"id": "130", "ano": "2024", "numero": "138", "tipo__sigla": "IND", "tipo__descricao": "Indica\u00e7\u00e3o", "autoria": "Zaninho", "texto_original": "http://sapl.patydoalferes.rj.leg.br/media/sapl/public/materialegislativa/2024/130/138_2024_limpeza_e_manutencao_da_rua_143_casinhas_populares_em_arcozelo._reiterando_a_indicacao_de_no_1552023.pdf", "ementa": "Solicita ao Prefeito Municipal limpeza e manuten\u00e7\u00e3o da Rua 143, Casinhas Populares em Arcozelo. Reiterando a indica\u00e7\u00e3o de n\u00ba 155/2023."}, {"id": "113", "ano": "2024", "numero": "139", "tipo__sigla": "IND", "tipo__descricao": "Indica\u00e7\u00e3o", "autoria": "Julinho Juju", "texto_original": "http://sapl.patydoalferes.rj.leg.br/media/sapl/public/materialegislativa/2024/113/139_2024_disponibilizacao_de_caminhao_pipa_para_realizar_a_umidificacao_das_ruas_do_rio_pardo.pdf", "ementa": "Solicita ao Prefeito Municipal disponibiliza\u00e7\u00e3o de caminh\u00e3o pipa para realizar a umidifica\u00e7\u00e3o das ruas do Rio Pardo."}, {"id": "131", "ano": "2024", "numero": "141", "tipo__sigla": "IND", "tipo__descricao": "Indica\u00e7\u00e3o", "autoria": "Zaninho", "texto_original": "http://sapl.patydoalferes.rj.leg.br/media/sapl/public/materialegislativa/2024/131/141_2024_retorno_do_carro_de_fumace_para_combate_a_dengue_no_municipio_em_especial_no_bairro_das_tres_porteiras._reiterando_a_indicacao_de_no_3232022.pdf", "ementa": "Solicita ao Prefeito Municipal o retorno do Carro de Fumac\u00ea para Combate \u00e0 Dengue no munic\u00edpio, em especial no bairro das Tr\u00eas Porteiras. Reiterando a indica\u00e7\u00e3o de n\u00ba 323/2022."}, {"id": "132", "ano": "2024", "numero": "142", "tipo__sigla": "IND", "tipo__descricao": "Indica\u00e7\u00e3o", "autoria": "Zaninho", "texto_original": "http://sapl.patydoalferes.rj.leg.br/media/sapl/public/materialegislativa/2024/132/142_2024_retorno_da_cirurgia_de_catarata_no_municipio..pdf", "ementa": "Solicita ao Prefeito Municipal o Retorno da Cirurgia de Catarata no Munic\u00edpio."}, {"id": "103", "ano": "2024", "numero": "151", "tipo__sigla": "IND", "tipo__descricao": "Indica\u00e7\u00e3o", "autoria": "Macarr\u00e3o", "texto_original": "http://sapl.patydoalferes.rj.leg.br/media/sapl/public/materialegislativa/2024/103/151_2024_pavimentacao_asfaltica_na_rua_23_bairro_acampamento_reiterando_a_indicacao_de_no_0892021.pdf", "ementa": "Solicita ao Prefeito Municipal Pavimenta\u00e7\u00e3o asf\u00e1ltica na Rua 23, Bairro Acampamento, reiterando a indica\u00e7\u00e3o de n\u00ba 089/2021."}, {"id": "114", "ano": "2024", "numero": "154", "tipo__sigla": "IND", "tipo__descricao": "Indica\u00e7\u00e3o", "autoria": "Juliano Melo", "texto_original": "http://sapl.patydoalferes.rj.leg.br/media/sapl/public/materialegislativa/2024/114/154_2024_criacao_de_um_centro_de_reabilitacao.pdf", "ementa": "Solicita ao Prefeito Municipal a cria\u00e7\u00e3o de um Centro de Reabilita\u00e7\u00e3o."}, {"id": "137", "ano": "2024", "numero": "155", "tipo__sigla": "IND", "tipo__descricao": "Indica\u00e7\u00e3o", "autoria": "Dudu Mariotti", "texto_original": "http://sapl.patydoalferes.rj.leg.br/media/sapl/public/materialegislativa/2024/137/1552021.pdf", "ementa": "Solicita ao Prefeito Municipal retirada dos fios soltos ao longo do trajeto que compreende o trecho desde o Condom\u00ednio Vale dos Ip\u00eas at\u00e9 a Escola Municipal Vereador Sidney de Mello Freitas, no bairro do Goiabal."}, {"id": "115", "ano": "2024", "numero": "159", "tipo__sigla": "IND", "tipo__descricao": "Indica\u00e7\u00e3o", "autoria": "Edinho da Dengue", "texto_original": "http://sapl.patydoalferes.rj.leg.br/media/sapl/public/materialegislativa/2024/115/159_2024_manutencao_nos_bracos_de_luz_da_rua_humberto_candido_bairro_bela_vista._reiterando_a_indicacao_no_7242023.pdf", "ementa": "Solicita ao Prefeito Municipal Manuten\u00e7\u00e3o nos Bra\u00e7os de Luz da Rua Humberto C\u00e2ndido, Bairro Bela Vista. Reiterando a indica\u00e7\u00e3o n\u00ba 724/2023 feita pelo mesmo."}, {"id": "116", "ano": "2024", "numero": "160", "tipo__sigla": "IND", "tipo__descricao": "Indica\u00e7\u00e3o", "autoria": "Edinho da Dengue", "texto_original": "http://sapl.patydoalferes.rj.leg.br/media/sapl/public/materialegislativa/2024/116/160_2024_servicos_de_rocada_e_limpeza_nos_pontos_criticos_da_rj_117_priorizando_o_morro_do_fama._reiterando_as_indicacoes_de_numeros_0802021_e_212024.pdf", "ementa": "Solicita ao Prefeito Municipal Servi\u00e7os de ro\u00e7ada e limpeza nos pontos cr\u00edticos da RJ 117, priorizando o Morro do Fama. Reiterando as indica\u00e7\u00f5es de n\u00fameros 080/2021 e 21/2024 feita pelo mesmo."}, {"id": "117", "ano": "2024", "numero": "161", "tipo__sigla": "IND", "tipo__descricao": "Indica\u00e7\u00e3o", "autoria": "Edinho da Dengue", "texto_original": "http://sapl.patydoalferes.rj.leg.br/media/sapl/public/materialegislativa/2024/117/161_2024_interceda_junto_a_empresa_de_transporte_linave_para_que_normalize_os_horarios_de_circulacao_dos_onibus_nos_bairros_de_rio_pardo_e_coqueiros.pdf", "ementa": "Solicita ao Prefeito Municipal que interceda junto \u00e0 empresa de transporte LINAVE para que normalize os hor\u00e1rios de circula\u00e7\u00e3o dos \u00f4nibus nos bairros de Rio Pardo e Coqueiros."}, {"id": "118", "ano": "2024", "numero": "162", "tipo__sigla": "IND", "tipo__descricao": "Indica\u00e7\u00e3o", "autoria": "Edinho da Dengue", "texto_original": "http://sapl.patydoalferes.rj.leg.br/media/sapl/public/materialegislativa/2024/118/162_2024_providencias_para_restabelecimento_do_acesso_na_rua_francisco_becker_bairro_pedra_ruivas_reiterando_a_indicacao_de_no_1182024.pdf", "ementa": "Solicita ao Prefeito Municipal Provid\u00eancias para Restabelecimento do Acesso na Rua Francisco Becker, Bairro Pedra Ruivas, reiterando a indica\u00e7\u00e3o de n\u00ba 118/2024 feita pelo mesmo."}, {"id": "119", "ano": "2024", "numero": "163", "tipo__sigla": "IND", "tipo__descricao": "Indica\u00e7\u00e3o", "autoria": "Edinho da Dengue", "texto_original": "http://sapl.patydoalferes.rj.leg.br/media/sapl/public/materialegislativa/2024/119/163_2024_manutencao_nos_bracos_de_iluminacao_publica_nos_bairros_de_coqueiros_e_rio_pardo_reiterando_a_indicacao_de_no_7042023.pdf", "ementa": "Solicita ao Prefeito Municipal Manuten\u00e7\u00e3o nos bra\u00e7os de ilumina\u00e7\u00e3o p\u00fablica nos bairros de Coqueiros e Rio Pardo, reiterando a indica\u00e7\u00e3o de n\u00ba 704/2023 feita pelo mesmo."}, {"id": "120", "ano": "2024", "numero": "164", "tipo__sigla": "IND", "tipo__descricao": "Indica\u00e7\u00e3o", "autoria": "Juliano Melo", "texto_original": "http://sapl.patydoalferes.rj.leg.br/media/sapl/public/materialegislativa/2024/120/164_2024_colocacao_de_placa_de_mao_e_contramao_e_sinalizacao_no_asfalto_no_bairro_maravilha_especificamente_em_frente_ao_posto_de_saude_do_bairro.pdf", "ementa": "Solicita ao Prefeito Municipal Coloca\u00e7\u00e3o de Placa de M\u00e3o e Contram\u00e3o e Sinaliza\u00e7\u00e3o no Asfalto no Bairro Maravilha, especificamente em frente ao posto de sa\u00fade do Bairro."}, {"id": "121", "ano": "2024", "numero": "165", "tipo__sigla": "IND", "tipo__descricao": "Indica\u00e7\u00e3o", "autoria": "Juliano Melo", "texto_original": "http://sapl.patydoalferes.rj.leg.br/media/sapl/public/materialegislativa/2024/121/165_2024_providencias_quanto_a_instalacao_de_postes_com_placa_solar_para_iluminacao_publica_de_arcozelo_ate_a_granja_california_reiterando_a_indicacao_de_no.pdf", "ementa": "Solicita ao Prefeito Municipal que tome provid\u00eancias quanto a instala\u00e7\u00e3o de postes com placa solar para ilumina\u00e7\u00e3o p\u00fablica de Arcozelo at\u00e9 a Granja Calif\u00f3rnia, reiterando a indica\u00e7\u00e3o de n\u00ba 400/2022 feita pelos vereadores Rominho e Juliano Melo."}, {"id": "122", "ano": "2024", "numero": "166", "tipo__sigla": "IND", "tipo__descricao": "Indica\u00e7\u00e3o", "autoria": "Juliano Melo", "texto_original": "http://sapl.patydoalferes.rj.leg.br/media/sapl/public/materialegislativa/2024/122/166_2024_desassoreamento_e_manilhamento_da_vala_no_bairro_maravilha_rua_da_assembleia_de_deus_igreja_do_marica..pdf", "ementa": "Solicita ao Prefeito Municipal Desassoreamento e Manilhamento da Vala no Bairro Maravilha, Rua da Assembleia de Deus (Igreja do Maric\u00e1)."}, {"id": "138", "ano": "2024", "numero": "178", "tipo__sigla": "IND", "tipo__descricao": "Indica\u00e7\u00e3o", "autoria": "Zaninho", "texto_original": "http://sapl.patydoalferes.rj.leg.br/media/sapl/public/materialegislativa/2024/138/178_2024_retorno_da_cirurgia_de_catarata_no_municipio._reiterando_a_indicacao_de_no_1422024_feita_pelo_mesmo..pdf", "ementa": "Solicita ao Prefeito Municipal o Retorno da Cirurgia de Catarata no Munic\u00edpio. Reiterando a indica\u00e7\u00e3o de n\u00ba 142/2024, feita pelo mesmo."}, {"id": "139", "ano": "2024", "numero": "179", "tipo__sigla": "IND", "tipo__descricao": "Indica\u00e7\u00e3o", "autoria": "Zaninho", "texto_original": "http://sapl.patydoalferes.rj.leg.br/media/sapl/public/materialegislativa/2024/139/179_2024_instalacao_de_guarda_corpo_ao_longo_da_descida_do_morro_das_casinhas_populares_do_roseiral._reiterando_a_indicacao_de_no_1372024_feita_pelo_mesmo..pdf", "ementa": "Solicita ao Prefeito Municipal instala\u00e7\u00e3o de guarda corpo ao longo da descida do morro das \"Casinhas Populares\" do Roseiral. Reiterando a indica\u00e7\u00e3o de n\u00ba 137/2024, feita pelo mesmo."}, {"id": "140", "ano": "2024", "numero": "180", "tipo__sigla": "IND", "tipo__descricao": "Indica\u00e7\u00e3o", "autoria": "Zaninho", "texto_original": "http://sapl.patydoalferes.rj.leg.br/media/sapl/public/materialegislativa/2024/140/180_2024__limpeza_no_reservatorio_de_agua_das_casinhas_populares_na_localidade_do_roseiral._reiterando_a_indicacao_de_no_1362024_feita_pelo_mesmo..pdf", "ementa": "Solicita ao Prefeito Municipal Limpeza no reservat\u00f3rio de \u00e1gua das \u201cCasinhas Populares\u201d, na localidade do Roseiral. Reiterando a indica\u00e7\u00e3o de n\u00ba 136/2024, feita pelo mesmo."}, {"id": "141", "ano": "2024", "numero": "181", "tipo__sigla": "IND", "tipo__descricao": "Indica\u00e7\u00e3o", "autoria": "Zaninho", "texto_original": "http://sapl.patydoalferes.rj.leg.br/media/sapl/public/materialegislativa/2024/141/181_2024_patrolamento_nos_morros_de_arcozelo_especialmente_na_avenida_brasil_-_referencia_aldeia_de_arcozelo._reiterando_a_indicacao_de_no_1352024_feita_pelo_mesmo..pdf", "ementa": "Solicita ao Prefeito Municipal Patrolamento nos Morros de Arcozelo, especialmente na Avenida Brasil - Refer\u00eancia: Aldeia de Arcozelo. Reiterando a indica\u00e7\u00e3o de n\u00ba 135/2024, feita pelo mesmo."}, {"id": "142", "ano": "2024", "numero": "182", "tipo__sigla": "IND", "tipo__descricao": "Indica\u00e7\u00e3o", "autoria": "Edinho da Dengue", "texto_original": "http://sapl.patydoalferes.rj.leg.br/media/sapl/public/materialegislativa/2024/142/182_2024_providencias_quanto_ao_recapeamento_da_rua_do_recanto_localizada_no_bairro_recanto_reiterando_a_indicacao_de_no_1512022_feita_pelo_mesmo.pdf", "ementa": "Solicita ao Prefeito Municipal que tome provid\u00eancias quanto ao recapeamento da Rua do Recanto, localizada no Bairro Recanto, reiterando a indica\u00e7\u00e3o de n\u00ba 151/2022 feita pelo mesmo."}, {"id": "145", "ano": "2024", "numero": "183", "tipo__sigla": "IND", "tipo__descricao": "Indica\u00e7\u00e3o", "autoria": "Edinho da Dengue", "texto_original": "http://sapl.patydoalferes.rj.leg.br/media/sapl/public/materialegislativa/2024/145/183_2024_pavimentacao_asfaltica_da_estrada_rio_pardoquilombo_com_inicio_em_coqueiros_e_termino_na_pavimentacao_existente_reiterando_a_indicacao_de_no_060_2021.pdf", "ementa": "Solicita ao Prefeito Municipal Pavimenta\u00e7\u00e3o asf\u00e1ltica da Estrada Rio Pardo/Quilombo, com in\u00edcio em Coqueiros e t\u00e9rmino na pavimenta\u00e7\u00e3o existente, reiterando a indica\u00e7\u00e3o de n\u00ba 060/2021 feita pelo mesmo."}, {"id": "147", "ano": "2024", "numero": "202", "tipo__sigla": "IND", "tipo__descricao": "Indica\u00e7\u00e3o", "autoria": "Edinho da Dengue", "texto_original": "http://sapl.patydoalferes.rj.leg.br/media/sapl/public/materialegislativa/2024/147/202_2024_que_tome_providencias_quanto_a_manutencao_na_iluminacao_existente_no_ponto_de_onibus_localizado_no_bairro_de_arcozelo_na_rj_125_em_frente_a_praca..pdf", "ementa": "Solicita ao Prefeito Municipal que tome provid\u00eancias quanto a manuten\u00e7\u00e3o na ilumina\u00e7\u00e3o existente no ponto de \u00f4nibus localizado no bairro de Arcozelo, na RJ 125, em frente \u00e0 pra\u00e7a."}, {"id": "148", "ano": "2024", "numero": "203", "tipo__sigla": "IND", "tipo__descricao": "Indica\u00e7\u00e3o", "autoria": "Edinho da Dengue", "texto_original": "http://sapl.patydoalferes.rj.leg.br/media/sapl/public/materialegislativa/2024/148/2032021.pdf", "ementa": "Solicita ao Prefeito Municipal que tome provid\u00eancias quanto \u00e0 disponibilidade de convocar um Agente Comunit\u00e1rio de Sa\u00fade para o bairro do Recanto. Reiterando a indica\u00e7\u00e3o de n\u00ba 030/2022 feita pelo mesmo."}, {"id": "152", "ano": "2024", "numero": "210", "tipo__sigla": "IND", "tipo__descricao": "Indica\u00e7\u00e3o", "autoria": "Edinho da Dengue", "texto_original": "http://sapl.patydoalferes.rj.leg.br/media/sapl/public/materialegislativa/2024/152/210_2024_construcao_de_quadra_poliesportiva_na_escola_municipal_do_rio_pardo._reiterando_a_indicacao_de_no_4142023_feita_pelo_mesmo..pdf", "ementa": "Solicita ao Prefeito Municipal a constru\u00e7\u00e3o de uma quadra poliesportiva na Escola Municipal do Rio Pardo. Reiterando a indica\u00e7\u00e3o de n\u00ba 414/2023 feita pelo mesmo."}, {"id": "153", "ano": "2024", "numero": "211", "tipo__sigla": "IND", "tipo__descricao": "Indica\u00e7\u00e3o", "autoria": "Edinho da Dengue", "texto_original": "http://sapl.patydoalferes.rj.leg.br/media/sapl/public/materialegislativa/2024/153/211_2024_a_limpeza_do_corrego_existente_na_rua_professor_joaquim_coimbra_centro_paty_do_alferes..pdf", "ementa": "Solicita ao Prefeito Municipal a limpeza do c\u00f3rrego existente na Rua Professor Joaquim Coimbra, Centro, Paty do Alferes."}, {"id": "159", "ano": "2024", "numero": "213", "tipo__sigla": "IND", "tipo__descricao": "Indica\u00e7\u00e3o", "autoria": "Julinho Juju", "texto_original": "http://sapl.patydoalferes.rj.leg.br/media/sapl/public/materialegislativa/2024/159/213_2024_providencias_quanto_a_limpeza_da_cachoeira_na_maravilha._reiterando_a_indicacao_de_no_1632022_feita_pelo_vereador_heliomar..pdf", "ementa": "Solicita ao Prefeito Municipal que tome provid\u00eancias quanto \u00e0 Limpeza e a Reforma da Pavimenta\u00e7\u00e3o na Cachoeira da Maravilha."}, {"id": "160", "ano": "2024", "numero": "214", "tipo__sigla": "IND", "tipo__descricao": "Indica\u00e7\u00e3o", "autoria": "Macarr\u00e3o", "texto_original": "http://sapl.patydoalferes.rj.leg.br/media/sapl/public/materialegislativa/2024/160/214_2024_manutencao_de_um_poste_tombado_em_frente_a_clinica_paty_lab_no_bairro_coqueiros..pdf", "ementa": "Solicita ao Prefeito Municipal a Manuten\u00e7\u00e3o de um Poste tombado em Frente \u00e0 Cl\u00ednica Paty Lab, no Bairro Coqueiros."}, {"id": "161", "ano": "2024", "numero": "215", "tipo__sigla": "IND", "tipo__descricao": "Indica\u00e7\u00e3o", "autoria": "Julinho Juju", "texto_original": "http://sapl.patydoalferes.rj.leg.br/media/sapl/public/materialegislativa/2024/161/215_2024_disponibilizacao_de_uma_geladeira_para_o_armazenamento_de_vacinas_no_posto_de_saude_do_bairro_coqueiros..docx.pdf", "ementa": "Solicita ao Prefeito Municipal a disponibiliza\u00e7\u00e3o de uma Geladeira para o armazenamento de Vacinas no Posto de Sa\u00fade do Bairro Coqueiros."}, {"id": "163", "ano": "2024", "numero": "221", "tipo__sigla": "IND", "tipo__descricao": "Indica\u00e7\u00e3o", "autoria": "Rominho", "texto_original": "http://sapl.patydoalferes.rj.leg.br/media/sapl/public/materialegislativa/2024/163/221_2024_instalacao_de_ponto_de_onibus_em_frente_ao_cemiterio_do_barro_branco_sentido_avelar._reiterando_a_indicacao_de_no_0902021_feita_pelo_mesmo..pdf", "ementa": "Solicita ao Prefeito Municipal a instala\u00e7\u00e3o de Ponto de \u00d4nibus em frente ao Cemit\u00e9rio do Barro Branco, sentido Avelar. Reiterando a indica\u00e7\u00e3o de n\u00ba 090/2021 feita pelo mesmo."}, {"id": "164", "ano": "2024", "numero": "222", "tipo__sigla": "IND", "tipo__descricao": "Indica\u00e7\u00e3o", "autoria": "Rominho", "texto_original": "http://sapl.patydoalferes.rj.leg.br/media/sapl/public/materialegislativa/2024/164/222_2024_providencias_quanto_a_reforma_geral_da_quadra_de_areia_da_praca_de_arcozelo_assim_como_troca_do_alambrado_areia_e_melhora_na_iluminacao.pdf", "ementa": "Solicita ao Prefeito Municipal que tome provid\u00eancias quanto a reforma geral da quadra de areia da Pra\u00e7a de Arcozelo, assim como troca do alambrado, areia e melhora na ilumina\u00e7\u00e3o, bairro de Arcozelo. Reiterando a indica\u00e7\u00e3o de n\u00ba 359/2022 feita pelo mesmo."}, {"id": "165", "ano": "2024", "numero": "223", "tipo__sigla": "IND", "tipo__descricao": "Indica\u00e7\u00e3o", "autoria": "Dudu Mariotti", "texto_original": "http://sapl.patydoalferes.rj.leg.br/media/sapl/public/materialegislativa/2024/165/223_2024_a_instalacao_de_um_ponto_de_onibus_nas_imediacoes_do_centro_cultural_sentido_palmares..pdf", "ementa": "Solicita ao Prefeito Municipal a instala\u00e7\u00e3o de um Ponto de \u00d4nibus nas Imedia\u00e7\u00f5es do Centro Cultural, na Rua Vereador C. Figueira, Sentido Palmares."}, {"id": "166", "ano": "2024", "numero": "224", "tipo__sigla": "IND", "tipo__descricao": "Indica\u00e7\u00e3o", "autoria": "Dudu Mariotti", "texto_original": "http://sapl.patydoalferes.rj.leg.br/media/sapl/public/materialegislativa/2024/166/224_2024_a_limpeza_urbana_na_rua_manoel_joaquim_teixeira_lopes.pdf", "ementa": "Solicita ao Prefeito Municipal a Limpeza Urbana na Rua Manoel Joaquim Teixeira Lopes, Centro."}, {"id": "167", "ano": "2024", "numero": "225", "tipo__sigla": "IND", "tipo__descricao": "Indica\u00e7\u00e3o", "autoria": "Dudu Mariotti", "texto_original": "http://sapl.patydoalferes.rj.leg.br/media/sapl/public/materialegislativa/2024/167/225_2024_que_tome_providencias_quanto_aos_problemas_de_transito_na_estrada_castelo_branco_bairro_arcozelo..pdf", "ementa": "Solicita ao Prefeito Municipal que tome Provid\u00eancias quanto aos Problemas de Tr\u00e2nsito na Estrada Castelo Branco, Bairro Arcozelo."}, {"id": "180", "ano": "2024", "numero": "237", "tipo__sigla": "IND", "tipo__descricao": "Indica\u00e7\u00e3o", "autoria": "Zaninho", "texto_original": "http://sapl.patydoalferes.rj.leg.br/media/sapl/public/materialegislativa/2024/180/237_2024_instalacao_de_ponto_de_onibus_na_entrada_do_morro_zeze_lopes_rj_125_apos_a_aldeia_de_arcozelo_sentido_avelar.pdf", "ementa": "Solicita ao Prefeito Municipal a instala\u00e7\u00e3o de Ponto de \u00d4nibus na entrada do Morro Z\u00e9z\u00e9 Lopes, RJ-125, ap\u00f3s a Aldeia de Arcozelo, sentido Avelar. Reiterando a indica\u00e7\u00e3o de n\u00ba 609/2022, feita pelo mesmo."}, {"id": "181", "ano": "2024", "numero": "238", "tipo__sigla": "IND", "tipo__descricao": "Indica\u00e7\u00e3o", "autoria": "Edinho da Dengue", "texto_original": "http://sapl.patydoalferes.rj.leg.br/media/sapl/public/materialegislativa/2024/181/238_2024_a_rocada_e_a_limpeza_da_rua_do_sossego_no_bairro_maravilha..pdf", "ementa": "Solicita ao Prefeito Municipal a Ro\u00e7ada e a Limpeza da Rua do Sossego, no Bairro Maravilha."}, {"id": "182", "ano": "2024", "numero": "239", "tipo__sigla": "IND", "tipo__descricao": "Indica\u00e7\u00e3o", "autoria": "Edinho da Dengue", "texto_original": "http://sapl.patydoalferes.rj.leg.br/media/sapl/public/materialegislativa/2024/182/239_2024_a_colocacao_de_uma_faixa_de_pedestres_e_dois_redutores_de_velocidade_rodovia_ary_schiavo_tendo_como_referencia.pdf", "ementa": "Solicita ao Prefeito Municipal a coloca\u00e7\u00e3o de uma faixa de pedestres e dois redutores de velocidade nas proximidades da Estrada Duque, n\u00ba 570 (Rodovia Ary Schiavo), tendo como refer\u00eancia a loja Elite Pneus."}, {"id": "183", "ano": "2024", "numero": "253", "tipo__sigla": "IND", "tipo__descricao": "Indica\u00e7\u00e3o", "autoria": "Heliomar do G\u00e1s", "texto_original": "http://sapl.patydoalferes.rj.leg.br/media/", "ementa": "Solicita ao Prefeito Municipal a Coloca\u00e7\u00e3o de Esc\u00f3ria na Rua do Sossego Dois, Bairro Maravilha."}, {"id": "184", "ano": "2024", "numero": "254", "tipo__sigla": "IND", "tipo__descricao": "Indica\u00e7\u00e3o", "autoria": "Dudu Mariotti", "texto_original": "http://sapl.patydoalferes.rj.leg.br/media/sapl/public/materialegislativa/2024/184/254_2024_a_instalacao_de_bracos_de_luz_na_estrada_arcozelo_bairro_maravilha_proximo_as_casinhas_populares_referencia_no_69._1.pdf", "ementa": "Solicita ao Prefeito Municipal a instala\u00e7\u00e3o de Bra\u00e7os de Luz na Estrada Arcozelo, Bairro Maravilha, pr\u00f3ximo \u00e0s Casinhas Populares (Refer\u00eancia: n\u00ba 69)."}, {"id": "187", "ano": "2024", "numero": "255", "tipo__sigla": "IND", "tipo__descricao": "Indica\u00e7\u00e3o", "autoria": "Edinho da Dengue", "texto_original": "http://sapl.patydoalferes.rj.leg.br/media/sapl/public/materialegislativa/2024/187/255_2024_que_interceda_junto_a_secretaria_competente_que_reforce_a_sinalizacao_ja_existente_em_torno_da_praca_de_coqueiros_a_saber.pdf", "ementa": "Solicita ao Prefeito Municipal que interceda junto a Secretaria competente para que reforce a sinaliza\u00e7\u00e3o j\u00e1 existente em torno da Pra\u00e7a de Coqueiros a saber: pintura das faixas; placas e sinaliza\u00e7\u00e3o dos quebra-molas. Reiterando a Indica\u00e7\u00e3o de n\u00ba 046/2024, feita pelo mesmo."}, {"id": "188", "ano": "2024", "numero": "256", "tipo__sigla": "IND", "tipo__descricao": "Indica\u00e7\u00e3o", "autoria": "Edinho da Dengue", "texto_original": "http://sapl.patydoalferes.rj.leg.br/media/sapl/public/materialegislativa/2024/188/256_2024__a_pintura_da_parte_externa_da_esf_de_coqueiros._reiterando_a_indicacao_de_no_4822023_feita_pelo_mesmo..pdf", "ementa": "Solicita ao Prefeito Municipal a pintura da parte externa da ESF de Coqueiros. Reiterando a Indica\u00e7\u00e3o de n\u00ba 482/2023, feita pelo mesmo."}, {"id": "196", "ano": "2024", "numero": "265", "tipo__sigla": "IND", "tipo__descricao": "Indica\u00e7\u00e3o", "autoria": "Heliomar do G\u00e1s", "texto_original": "http://sapl.patydoalferes.rj.leg.br/media/sapl/public/materialegislativa/2024/196/265_2024_a__realizacao_do_ensaibramento_na_rua_da_prata_situada_no_bairro_de_coqueiros.pdf", "ementa": "Solicita ao Prefeito Municipal a realiza\u00e7\u00e3o do ensaibramento na Rua da Prata, situada no bairro de Coqueiros."}, {"id": "197", "ano": "2024", "numero": "266", "tipo__sigla": "IND", "tipo__descricao": "Indica\u00e7\u00e3o", "autoria": "Heliomar do G\u00e1s", "texto_original": "http://sapl.patydoalferes.rj.leg.br/media/sapl/public/materialegislativa/2024/197/266_2024_a_realizacao_do_ensaibramento_das_ruas_do_bairro_da_boa_vista._reiterando_a_indicacao_de_no_0042024_feita_pelo_vereador_edinho_da_dengue..pdf", "ementa": "Solicita ao Prefeito Municipal a realiza\u00e7\u00e3o do ensaibramento das Ruas do Bairro da Boa Vista. Reiterando a indica\u00e7\u00e3o de n\u00ba 004/2024, feita pelo vereador Edinho da Dengue."}, {"id": "198", "ano": "2024", "numero": "267", "tipo__sigla": "IND", "tipo__descricao": "Indica\u00e7\u00e3o", "autoria": "S\u00e9rgio Sabi\u00e1", "texto_original": "http://sapl.patydoalferes.rj.leg.br/media/sapl/public/materialegislativa/2024/198/267_2024_a_colocacao_de_areia_e_tela_de_protecao_na_praca_noemia_rosa_bairro_granja_california_1.pdf", "ementa": "Solicita ao Prefeito Municipal a coloca\u00e7\u00e3o de areia e tela de prote\u00e7\u00e3o na Pra\u00e7a Noemia Rosa, bairro Granja Calif\u00f3rnia."}, {"id": "199", "ano": "2024", "numero": "268", "tipo__sigla": "IND", "tipo__descricao": "Indica\u00e7\u00e3o", "autoria": "Denilson Ligeirinho", "texto_original": "http://sapl.patydoalferes.rj.leg.br/media/sapl/public/materialegislativa/2024/199/268_2024_-_que_tome_medidas_cabiveis_para_a_implementacao_de_mao_inglesa_na_rua_nova_ao_lado_da_maternidade_proxima_ao_posto_de_combustivel_turcao..pdf", "ementa": "Solicita ao Prefeito Municipal que tome medidas cab\u00edveis para a Implementa\u00e7\u00e3o de m\u00e3o inglesa, na Rua Nova, ao lado da Maternidade, pr\u00f3xima ao Posto de combust\u00edvel Turc\u00e3o. Reiterando a indica\u00e7\u00e3o de n\u00ba 032/2023, feita pelo vereador Rominho."}, {"id": "200", "ano": "2024", "numero": "269", "tipo__sigla": "IND", "tipo__descricao": "Indica\u00e7\u00e3o", "autoria": "Dudu Mariotti", "texto_original": "http://sapl.patydoalferes.rj.leg.br/media/sapl/public/materialegislativa/2024/200/269_2024_a_instalacao_de_um_redutor_de_velocidade_quebra-mola_na_rua_sidney_de_mello_freitas_centro_na_altura_do_numero_73_em_frente_a_clinica_dr._mackson.pdf", "ementa": "Solicita ao Prefeito Municipal a instala\u00e7\u00e3o de um redutor de velocidade (quebra-mola) na Rua Sidney de Mello Freitas, Centro, na altura do n\u00famero 73, em frente \u00e0 Cl\u00ednica Dr. Mackson."}, {"id": "201", "ano": "2024", "numero": "272", "tipo__sigla": "IND", "tipo__descricao": "Indica\u00e7\u00e3o", "autoria": "Edinho da Dengue", "texto_original": "http://sapl.patydoalferes.rj.leg.br/media/sapl/public/materialegislativa/2024/201/272_2024_que_realize_a_manutencao_dos_bracos_de_luz_na_rua_eugeni_basbus_bairro_mantiquira_3.pdf", "ementa": "Solicita ao Prefeito Municipal que realize a Manuten\u00e7\u00e3o dos Bra\u00e7os de Luz na Rua Eugeni Basbus, Bairro Mantiquira."}, {"id": "202", "ano": "2024", "numero": "273", "tipo__sigla": "IND", "tipo__descricao": "Indica\u00e7\u00e3o", "autoria": "Edinho da Dengue", "texto_original": "http://sapl.patydoalferes.rj.leg.br/media/sapl/public/materialegislativa/2024/202/273_2024__a_realizacao_da_pavimentacao_asfaltica_da_rua_doutor_lagrota_centro_rua_mangalarga_de_baixo..pdf", "ementa": "Solicita ao Prefeito Municipal a realiza\u00e7\u00e3o da pavimenta\u00e7\u00e3o asf\u00e1ltica da Rua Doutor Lagrota, Centro (Rua Mangalarga de Baixo)."}, {"id": "205", "ano": "2024", "numero": "280", "tipo__sigla": "IND", "tipo__descricao": "Indica\u00e7\u00e3o", "autoria": "Edinho da Dengue", "texto_original": "http://sapl.patydoalferes.rj.leg.br/media/sapl/public/materialegislativa/2024/205/280_2024__a_instalacao_de_redutores_de_velocidade_quebra-molas_na_rua_elvira_nogueira_especificamente_nas_proximidades_da_fabrica_de_blocos_do_sr._alvin.pdf", "ementa": "Solicita ao Prefeito Municipal a Instala\u00e7\u00e3o de Redutores de Velocidade (quebra-molas) na Rua Elvira Nogueira, especificamente nas proximidades da f\u00e1brica de blocos do Sr. Alvin, localizada no bairro Pedras Ruivas."}, {"id": "206", "ano": "2024", "numero": "281", "tipo__sigla": "IND", "tipo__descricao": "Indica\u00e7\u00e3o", "autoria": "Edinho da Dengue", "texto_original": "http://sapl.patydoalferes.rj.leg.br/media/sapl/public/materialegislativa/2024/206/281_2024__a_pintura_de_uma_faixa_de_pedestre_na_rj-125_proximo_a_ponte_do_bibi..pdf", "ementa": "Solicita ao Prefeito Municipal a Pintura de uma Faixa de Pedestre na RJ-125, pr\u00f3ximo \u00e0 Ponte do Bibi."}, {"id": "207", "ano": "2024", "numero": "283", "tipo__sigla": "IND", "tipo__descricao": "Indica\u00e7\u00e3o", "autoria": "Dudu Mariotti", "texto_original": "http://sapl.patydoalferes.rj.leg.br/media/sapl/public/materialegislativa/2024/207/283_2024__o_fechamento_da_avenida_santos_dumont_na_altura_da_praca_de_pedras_ruivas_durante_os_domingos_e_feriados.pdf", "ementa": "O fechamento da Avenida Santos Dumont, na altura da Pra\u00e7a de Pedras Ruivas, durante os domingos e feriados"}, {"id": "209", "ano": "2024", "numero": "285", "tipo__sigla": "IND", "tipo__descricao": "Indica\u00e7\u00e3o", "autoria": "Pedro Medeiros", "texto_original": "http://sapl.patydoalferes.rj.leg.br/media/sapl/public/materialegislativa/2024/209/285_2024___a_revitalizacao_do_jardim_de_avelar..pdf", "ementa": "Solicita ao Prefeito Municipal a revitaliza\u00e7\u00e3o do Jardim de Avelar."}, {"id": "210", "ano": "2024", "numero": "286", "tipo__sigla": "IND", "tipo__descricao": "Indica\u00e7\u00e3o", "autoria": "Juarez Leinho", "texto_original": "http://sapl.patydoalferes.rj.leg.br/media/sapl/public/materialegislativa/2024/210/286_2024__a_conclusao_da_calcada_no_percurso_da_rj_125_especificamente_no_trecho_que_liga_a_granja_california_a_avelar.pdf", "ementa": "Solicita ao Prefeito Municipal a conclus\u00e3o da cal\u00e7ada no percurso da RJ 125, especificamente no trecho que liga a Granja Calif\u00f3rnia a Avelar."}, {"id": "211", "ano": "2024", "numero": "287", "tipo__sigla": "IND", "tipo__descricao": "Indica\u00e7\u00e3o", "autoria": "Denilson Ligeirinho", "texto_original": "http://sapl.patydoalferes.rj.leg.br/media/sapl/public/materialegislativa/2024/211/287_2024_-_construcao_de_uma_quadra_de_areia_na_praca_localizada_na_rod._ary_schiavo_ao_lado_do_bar_do_vivinha..pdf", "ementa": "Solicita ao Prefeito Municipal a constru\u00e7\u00e3o de uma quadra de areia na pra\u00e7a localizada na Rod. Ary Schiavo, ao lado do Bar do Vivinha. Reiterando a indica\u00e7\u00e3o de n\u00ba 016/2024, feita pelo mesmo."}, {"id": "212", "ano": "2024", "numero": "288", "tipo__sigla": "IND", "tipo__descricao": "Indica\u00e7\u00e3o", "autoria": "Heliomar do G\u00e1s", "texto_original": "http://sapl.patydoalferes.rj.leg.br/media/sapl/public/materialegislativa/2024/212/288_2024_a_realizacao_da_pavimentacao_asfaltica_na_rua_celino_gomes_lisboa_bairro_goiabal..pdf", "ementa": "Solicita ao Prefeito Municipal a realiza\u00e7\u00e3o da Pavimenta\u00e7\u00e3o Asf\u00e1ltica na Rua Celino Gomes Lisboa, Bairro Goiabal. Reiterando a indica\u00e7\u00e3o de n\u00ba 175/2021, feita pelo Vereador Juliano Melo."}, {"id": "220", "ano": "2024", "numero": "301", "tipo__sigla": "IND", "tipo__descricao": "Indica\u00e7\u00e3o", "autoria": "Zaninho", "texto_original": "http://sapl.patydoalferes.rj.leg.br/media/sapl/public/materialegislativa/2024/220/301_2024_patrolamento_ensaibramento_e_compactacao_com_rolo_no_trecho_da_avenida_brasil_que_se_estende_ate_as_casinhas_populares_da_rua_da_cachoeira.pdf", "ementa": "Solicita ao Prefeito Municipal Patrolamento, ensaibramento e compacta\u00e7\u00e3o com rolo no trecho da Avenida Brasil que se estende at\u00e9 as casinhas populares da Rua da Cachoeira - Refer\u00eancia: Aldeia de Arcozelo. Reiterando a indica\u00e7\u00e3o n\u00ba 135/2024, feita pelo mesmo."}, {"id": "221", "ano": "2024", "numero": "302", "tipo__sigla": "IND", "tipo__descricao": "Indica\u00e7\u00e3o", "autoria": "Zaninho", "texto_original": "http://sapl.patydoalferes.rj.leg.br/media/sapl/public/materialegislativa/2024/221/302_2024_que_tome_providencias_quanto_a_construcao_de_uma_ponte_no_local_da_passarela_situada_atras_da_aldeia_no_bairro_de_arcozelo..pdf", "ementa": "Solicita ao Prefeito Municipal que tome provid\u00eancias quanto \u00e0 constru\u00e7\u00e3o de uma Ponte no local da passarela, situada atr\u00e1s da Aldeia no bairro de Arcozelo. Reiterando a indica\u00e7\u00e3o de n\u00ba 275/2022, feita pelo mesmo."}, {"id": "222", "ano": "2024", "numero": "303", "tipo__sigla": "IND", "tipo__descricao": "Indica\u00e7\u00e3o", "autoria": "Dudu Mariotti", "texto_original": "http://sapl.patydoalferes.rj.leg.br/media/sapl/public/materialegislativa/2024/222/303_2024_a_reedicao_do_teepa__torneio_entre_empresas_de_paty_do_alferes.pdf", "ementa": "Solicita ao Prefeito a reedi\u00e7\u00e3o do TEEPA \u2013 Torneio Entre Empresas de Paty do Alferes."}, {"id": "223", "ano": "2024", "numero": "304", "tipo__sigla": "IND", "tipo__descricao": "Indica\u00e7\u00e3o", "autoria": "Edinho da Dengue", "texto_original": "http://sapl.patydoalferes.rj.leg.br/media/sapl/public/materialegislativa/2024/223/304_2024_manutencao_nos_bracos_de_iluminacao_publica_nos_bairros_de_coqueiros_e_rio_pardo_reiterando_a_indicacao_de_no_1632024_feita_pelo_mesmo..pdf", "ementa": "Solicita ao Prefeito Municipal Manuten\u00e7\u00e3o nos bra\u00e7os de ilumina\u00e7\u00e3o p\u00fablica nos bairros de Coqueiros e Rio Pardo, reiterando a indica\u00e7\u00e3o de n\u00ba 163/2024 feita pelo mesmo."}, {"id": "224", "ano": "2024", "numero": "305", "tipo__sigla": "IND", "tipo__descricao": "Indica\u00e7\u00e3o", "autoria": "Dudu Mariotti", "texto_original": "http://sapl.patydoalferes.rj.leg.br/media/sapl/public/materialegislativa/2024/224/305_2024_a_realizacao_de_limpeza_nas_calhas_de_cimento_da_rua_do_recanto_localizada_no_bairro_recanto..pdf", "ementa": "Solicita ao Prefeito Municipal a realiza\u00e7\u00e3o de limpeza nas calhas de cimento da Rua do Recanto, localizada no bairro Recanto."}, {"id": "229", "ano": "2024", "numero": "313", "tipo__sigla": "IND", "tipo__descricao": "Indica\u00e7\u00e3o", "autoria": "", "texto_original": "http://sapl.patydoalferes.rj.leg.br/media/sapl/public/materialegislativa/2024/229/313_2024_manutencao_dos_bracos_de_luz_do_calcadao_do_dilson..pdf", "ementa": "Solicita ao Prefeito Municipal Manuten\u00e7\u00e3o dos Bra\u00e7os de Luz do Cal\u00e7ad\u00e3o do Dilson."}, {"id": "230", "ano": "2024", "numero": "321", "tipo__sigla": "IND", "tipo__descricao": "Indica\u00e7\u00e3o", "autoria": "Juarez Leinho", "texto_original": "http://sapl.patydoalferes.rj.leg.br/media/sapl/public/materialegislativa/2024/230/321_2024___a_pavimentacao_asfaltica_na_estrada_salomao_gomes_dos_reis_em_frente_a_igreja_assembleia_localizada_no_bairro_barra_do_encanto..pdf", "ementa": "Solicita ao Prefeito Municipal a pavimenta\u00e7\u00e3o asf\u00e1ltica na Estrada Salom\u00e3o Gomes dos Reis, em frente \u00e0 Igreja Assembleia, localizada no bairro Barra do Encanto."}, {"id": "241", "ano": "2024", "numero": "332", "tipo__sigla": "IND", "tipo__descricao": "Indica\u00e7\u00e3o", "autoria": "Edinho da Dengue", "texto_original": "http://sapl.patydoalferes.rj.leg.br/media/sapl/public/materialegislativa/2024/241/332_2024_patrolamento_e_ensaibramento_na_rua_dr._francisco_baker_meio_reiterando_a_indicacao_de_no.pdf", "ementa": "EMENTA:\tSolicita ao Prefeito Municipal Patrolamento e Ensaibramento na Rua Dr. Francisco Baker Meio, bairro Pedras Ruivas, reiterando a indica\u00e7\u00e3o de n\u00ba 118/2024."}, {"id": "249", "ano": "2024", "numero": "343", "tipo__sigla": "IND", "tipo__descricao": "Indica\u00e7\u00e3o", "autoria": "Denilson Ligeirinho", "texto_original": "http://sapl.patydoalferes.rj.leg.br/media/sapl/public/materialegislativa/2024/249/343_2024_-__que_tome_providencias_urgentes_quanto_a_restauracao_dos_espacos_infantis_situados_nos_bairros_monte_alegre_arcozelo_e_avelar..pdf", "ementa": "Solicita ao Prefeito Municipal que tome provid\u00eancias urgentes quanto \u00e0 restaura\u00e7\u00e3o dos espa\u00e7os infantis situados nos Bairros Monte Alegre, Arcozelo e Avelar."}, {"id": "256", "ano": "2024", "numero": "353", "tipo__sigla": "IND", "tipo__descricao": "Indica\u00e7\u00e3o", "autoria": "Edinho da Dengue", "texto_original": "http://sapl.patydoalferes.rj.leg.br/media/sapl/public/materialegislativa/2024/256/353_2024_que_tome_providencias_quanto_a_operacao_tapa_buracos_na_rua_do_recanto_localizada_no_bairro_recanto..docx", "ementa": "Solicita ao Prefeito Municipal que tome provid\u00eancias quanto \u00e0 opera\u00e7\u00e3o tapa buracos na Rua do Recanto, localizada no Bairro Recanto."}, {"id": "257", "ano": "2024", "numero": "354", "tipo__sigla": "IND", "tipo__descricao": "Indica\u00e7\u00e3o", "autoria": "Edinho da Dengue", "texto_original": "http://sapl.patydoalferes.rj.leg.br/media/sapl/public/materialegislativa/2024/257/354_2024_que_tome_providencias_quanto_ao_recapeamento_da_rua_do_recanto_localizada_no_bairro_recanto_reiterando_a_indicacao_de_no.docx", "ementa": "Solicita ao Prefeito Municipal que tome provid\u00eancias quanto ao recapeamento da Rua do Recanto, localizada no Bairro Recanto, reiterando a indica\u00e7\u00e3o de n\u00ba 182/2024 feita pelo mesmo."}, {"id": "260", "ano": "2024", "numero": "355", "tipo__sigla": "IND", "tipo__descricao": "Indica\u00e7\u00e3o", "autoria": "Zaninho", "texto_original": "http://sapl.patydoalferes.rj.leg.br/media/sapl/public/materialegislativa/2024/260/355_2024_limpeza_do_asfalto_na_linha_da_estacao_rua_praca_da_estacao_bairro_arcozelo_em_frente_a_casa_de_oracao_de_arcozelo..pdf", "ementa": "Solicita ao Prefeito Municipal limpeza do asfalto na linha da esta\u00e7\u00e3o, Rua Pra\u00e7a da Esta\u00e7\u00e3o, Bairro Arcozelo, em frente \u00e0 Casa de Ora\u00e7\u00e3o de Arcozelo."}, {"id": "258", "ano": "2024", "numero": "357", "tipo__sigla": "IND", "tipo__descricao": "Indica\u00e7\u00e3o", "autoria": "", "texto_original": "http://sapl.patydoalferes.rj.leg.br/media/sapl/public/materialegislativa/2024/258/357_2024_entrada_franca_na_festa_do_tomate_para_os_moradores_de_paty_do_alferes..docx", "ementa": "Solicita ao Prefeito entrada franca na Festa do Tomate para os moradores de Paty do Alferes."}, {"id": "271", "ano": "2024", "numero": "365", "tipo__sigla": "IND", "tipo__descricao": "Indica\u00e7\u00e3o", "autoria": "Pedro Medeiros", "texto_original": "http://sapl.patydoalferes.rj.leg.br/media/sapl/public/materialegislativa/2024/271/365_2024___a_construcao_de_uma_casa_de_protecao_a_mulher_em_nosso_municipio_bem_como_a_implementacao_da_patrulha_maria_da_penha.pdf", "ementa": "Solicita ao Prefeito Municipal a Constru\u00e7\u00e3o de uma Casa de Prote\u00e7\u00e3o \u00e0 Mulher em nosso munic\u00edpio, bem como a implementa\u00e7\u00e3o da Patrulha Maria da Penha. Reiterando a indica\u00e7\u00e3o de n\u00ba 702/2021, feita pelo Vereador Leinho."}, {"id": "281", "ano": "2024", "numero": "424", "tipo__sigla": "IND", "tipo__descricao": "Indica\u00e7\u00e3o", "autoria": "Edinho da Dengue", "texto_original": "http://sapl.patydoalferes.rj.leg.br/media/sapl/public/materialegislativa/2024/281/424_2024_que_tome_providencias_quanto_a_manutencao_ensaibramentonos_pontos_criticos_nos_bairros_coqueiros_rio_pardo_e_aquenta_sol..pdf", "ementa": "Solicita ao Prefeito Municipal que tome provid\u00eancias quanto a Manuten\u00e7\u00e3o (Ensaibramento)nos pontos cr\u00edticos nos Bairros Coqueiros, Rio Pardo e Aquenta Sol."}, {"id": "282", "ano": "2024", "numero": "425", "tipo__sigla": "IND", "tipo__descricao": "Indica\u00e7\u00e3o", "autoria": "Edinho da Dengue", "texto_original": "http://sapl.patydoalferes.rj.leg.br/media/sapl/public/materialegislativa/2024/282/425_2024_que_convoque_em_regime_de_urgencia_os_5_cinco_agentes_de_combate_as_endemias_aprovados_no_concurso_vigente.pdf", "ementa": "Solicita ao Prefeito Municipal que convoque em regime de urg\u00eancia os 5 (cinco) agentes de combate \u00e0s endemias, aprovados no concurso vigente. Reiterando a indica\u00e7\u00e3o de n\u00ba 089/2024, feita pelo mesmo."}, {"id": "285", "ano": "2024", "numero": "432", "tipo__sigla": "IND", "tipo__descricao": "Indica\u00e7\u00e3o", "autoria": "Edinho da Dengue", "texto_original": "http://sapl.patydoalferes.rj.leg.br/media/sapl/public/materialegislativa/2024/285/432_2024_que_tome_providencias_quanto_a_manutencao_patrolamento_e_ensaibramento_na_alameda_do_ipe_localizada_no_bairro_palmares._1.pdf", "ementa": "Solicita ao Prefeito Municipal que tome provid\u00eancias quanto a Manuten\u00e7\u00e3o (patrolamento e ensaibramento) na Alameda do Ip\u00ea, localizada no bairro Palmares."}, {"id": "307", "ano": "2024", "numero": "442", "tipo__sigla": "IND", "tipo__descricao": "Indica\u00e7\u00e3o", "autoria": "Juarez Leinho", "texto_original": "http://sapl.patydoalferes.rj.leg.br/media/sapl/public/materialegislativa/2024/307/442_2024__o_aumento_do_vale-feira_e_a_inclusao_dos_servidores_da_camara_municipal_no_programa..pdf", "ementa": "Solicita ao Prefeito Municipal o aumento do vale-feira. Reiterando a indica\u00e7\u00e3o n\u00ba 752/2022, feita pelo vereador Juarez Leinho."}, {"id": "308", "ano": "2024", "numero": "443", "tipo__sigla": "IND", "tipo__descricao": "Indica\u00e7\u00e3o", "autoria": "Juarez Leinho", "texto_original": "http://sapl.patydoalferes.rj.leg.br/media/sapl/public/materialegislativa/2024/308/443_2024__que_seja_realizado_o_asfaltamento_de_um_trecho_de_aproximadamente_um_quilometro_e_meio_15_km_da_estrada_da_boa_vista_tendo_como_referencia_a.pdf", "ementa": "Solicita ao Prefeito Municipal que seja realizado o asfaltamento de um trecho de aproximadamente um quil\u00f4metro e meio (1,5 km) da estrada da Boa Vista, tendo como refer\u00eancia a subida da Picadinha, no bairro Boa Vista."}, {"id": "309", "ano": "2024", "numero": "444", "tipo__sigla": "IND", "tipo__descricao": "Indica\u00e7\u00e3o", "autoria": "Juarez Leinho", "texto_original": "http://sapl.patydoalferes.rj.leg.br/media/sapl/public/materialegislativa/2024/309/444_2024__que_seja_realizado_o__asfaltamento_de_um_trecho_de_500_metros_da_rua_projetada_h_localizada_no_bairro_avelar.pdf", "ementa": "Solicita ao Prefeito Municipal que seja realizado o  asfaltamento de um trecho de 500 metros da Rua Projetada H, localizada no bairro Avelar, pr\u00f3ximo \u00e0 interse\u00e7\u00e3o com a Rua Jos\u00e9 Vaz."}, {"id": "310", "ano": "2024", "numero": "445", "tipo__sigla": "IND", "tipo__descricao": "Indica\u00e7\u00e3o", "autoria": "Juarez Leinho", "texto_original": "http://sapl.patydoalferes.rj.leg.br/media/sapl/public/materialegislativa/2024/310/445_2024__que_seja_realizado_o_asfaltamento_de_um_trecho_de_200_metros_no_bairro_barra_do_encanto.pdf", "ementa": "Solicita ao Prefeito Municipal que seja realizado o asfaltamento de um trecho de 200 metros no bairro Barra do Encanto, tendo como refer\u00eancia a Igreja Assembleia de Deus da Barra do Encanto."}, {"id": "321", "ano": "2024", "numero": "450", "tipo__sigla": "IND", "tipo__descricao": "Indica\u00e7\u00e3o", "autoria": "Pedro Medeiros", "texto_original": "http://sapl.patydoalferes.rj.leg.br/media/sapl/public/materialegislativa/2024/321/450_2024__que_tome_providencias_quanto_ao_reparo_de_buraco_na_rua_coronel_manoel_bernardes_em_frente_a_paty_lab..pdf", "ementa": "Solicita ao Prefeito Municipal que tome provid\u00eancias quanto ao reparo de buracos na Rua Coronel Manoel Bernardes."}, {"id": "322", "ano": "2024", "numero": "451", "tipo__sigla": "IND", "tipo__descricao": "Indica\u00e7\u00e3o", "autoria": "Pedro Medeiros", "texto_original": "http://sapl.patydoalferes.rj.leg.br/media/sapl/public/materialegislativa/2024/322/451_2024__que_tome_providencias_quanto_ao_reparo_urgente_no_elevador_da_prefeitura_municipal..pdf", "ementa": "Solicita ao Prefeito Municipal que tome provid\u00eancias quanto ao Reparo urgente no Elevador da Prefeitura Municipal."}, {"id": "324", "ano": "2024", "numero": "456", "tipo__sigla": "IND", "tipo__descricao": "Indica\u00e7\u00e3o", "autoria": "Edinho da Dengue", "texto_original": "http://sapl.patydoalferes.rj.leg.br/media/sapl/public/materialegislativa/2024/324/456_2024_a_realizacao_da_operacao_de_tapa-buracos_na_rj_117_que_atravessa_o_nosso_municipio.pdf", "ementa": "Solicita ao Prefeito a realiza\u00e7\u00e3o da opera\u00e7\u00e3o de tapa-buracos na RJ 117, que atravessa o nosso munic\u00edpio. Reiterando a indica\u00e7\u00e3o de n\u00ba 579/2023, feita pelo mesmo."}, {"id": "325", "ano": "2024", "numero": "457", "tipo__sigla": "IND", "tipo__descricao": "Indica\u00e7\u00e3o", "autoria": "Edinho da Dengue", "texto_original": "http://sapl.patydoalferes.rj.leg.br/media/sapl/public/materialegislativa/2024/325/457_2024_que_tome_providencias_quanto_ao_recapeamento_da_rua_do_recanto_localizada_no_bairro_recanto_reiterando_a_indicacao_de_no.pdf", "ementa": "Solicita ao Prefeito Municipal que tome provid\u00eancias quanto ao recapeamento da Rua do Recanto, localizada no Bairro Recanto, reiterando a indica\u00e7\u00e3o de n\u00ba 354/2024 feita pelo mesmo."}, {"id": "326", "ano": "2024", "numero": "460", "tipo__sigla": "IND", "tipo__descricao": "Indica\u00e7\u00e3o", "autoria": "Heliomar do G\u00e1s", "texto_original": "http://sapl.patydoalferes.rj.leg.br/media/sapl/public/materialegislativa/2024/326/460_2024_a_construcao_de_quadra_sintetica_na_rua_santo_antonio_bairro_lameirao._reiterando_a_indicacao_de_no_4682023_feita_pelo_mesmo..pdf", "ementa": "Solicita ao Prefeito Municipal a constru\u00e7\u00e3o de quadra sint\u00e9tica na Rua Santo Ant\u00f4nio, Bairro Lameir\u00e3o. Reiterando a indica\u00e7\u00e3o de n\u00ba 468/2023, feita pelo mesmo."}, {"id": "327", "ano": "2024", "numero": "461", "tipo__sigla": "IND", "tipo__descricao": "Indica\u00e7\u00e3o", "autoria": "Heliomar do G\u00e1s", "texto_original": "http://sapl.patydoalferes.rj.leg.br/media/sapl/public/materialegislativa/2024/327/461_2024_a_instalacao_de_playground_e_academia_ao_ar_livre_na_rua_santo_antonio_bairro_lameirao_em_frente_a_casa_de_festas_pedra_branca.pdf", "ementa": "Solicita ao Prefeito Municipal a instala\u00e7\u00e3o de playground e academia ao ar livre na Rua Santo Ant\u00f4nio, Bairro Lameir\u00e3o, em frente \u00e0 Casa de Festas Pedra Branca. Reiterando a Indica\u00e7\u00e3o de n\u00ba 137/2022, feita pelo mesmo."}, {"id": "328", "ano": "2024", "numero": "462", "tipo__sigla": "IND", "tipo__descricao": "Indica\u00e7\u00e3o", "autoria": "Heliomar do G\u00e1s", "texto_original": "http://sapl.patydoalferes.rj.leg.br/media/sapl/public/materialegislativa/2024/328/462_2024_a_reforma_da_praca_e_da_quadra_do_bairro_lameirao_situada_na_rua_santo_antonio.pdf", "ementa": "Solicita ao Prefeito Municipal a reforma da Pra\u00e7a e da Quadra do Bairro Lameir\u00e3o, situada na Rua Santo Ant\u00f4nio."}, {"id": "335", "ano": "2024", "numero": "475", "tipo__sigla": "IND", "tipo__descricao": "Indica\u00e7\u00e3o", "autoria": "Pedro Medeiros", "texto_original": "http://sapl.patydoalferes.rj.leg.br/media/sapl/public/materialegislativa/2024/335/475_2024__que_tome_providencias_quanto_reparo_urgente_no_elevador_do_casario_do_alferes_situado_na_rua_joao_paim_centro_paty_do_alferes__rj..pdf", "ementa": "Solicita ao Prefeito Municipal que tome provid\u00eancias quanto reparo urgente no elevador do Casario do Alferes, situado na Rua Jo\u00e3o Paim, Centro, Paty do Alferes \u2013 RJ."}, {"id": "336", "ano": "2024", "numero": "476", "tipo__sigla": "IND", "tipo__descricao": "Indica\u00e7\u00e3o", "autoria": "Juarez Leinho", "texto_original": "http://sapl.patydoalferes.rj.leg.br/media/sapl/public/materialegislativa/2024/336/476_2024__a_modificacao_do_local_do_ponto_de_onibus_situado_na_avenida_irineu_reis_no_bairro_granja.pdf", "ementa": "Solicita ao Prefeito Municipal a modifica\u00e7\u00e3o do local do ponto de \u00f4nibus situado na Avenida Irineu Reis, no Bairro Granja Calif\u00f3rnia, ao lado do estabelecimento conhecido como \"Bar do Z\u00e9 do Torresmo\"."}, {"id": "339", "ano": "2024", "numero": "481", "tipo__sigla": "IND", "tipo__descricao": "Indica\u00e7\u00e3o", "autoria": "Edinho da Dengue", "texto_original": "http://sapl.patydoalferes.rj.leg.br/media/sapl/public/materialegislativa/2024/339/481_2024_a_instalacao_de_postes_com_sistema_de_iluminacao_solar_no_morro_do_fama..pdf", "ementa": "Solicita ao Prefeito a instala\u00e7\u00e3o de pontos de ilumina\u00e7\u00e3o p\u00fablica no Morro do Fama."}, {"id": "340", "ano": "2024", "numero": "482", "tipo__sigla": "IND", "tipo__descricao": "Indica\u00e7\u00e3o", "autoria": "Eurico Pinheiro Bernardes neto", "texto_original": "http://sapl.patydoalferes.rj.leg.br/media/", "ementa": "Disp\u00f5e sobre a regulamenta\u00e7\u00e3o do plano municipal pela primeira inf\u00e2ncia \u2013 PMPI\u2013 Paty do Alferes \u2013 RJ."}, {"id": "344", "ano": "2024", "numero": "491", "tipo__sigla": "IND", "tipo__descricao": "Indica\u00e7\u00e3o", "autoria": "Edinho da Dengue", "texto_original": "http://sapl.patydoalferes.rj.leg.br/media/sapl/public/materialegislativa/2024/344/491_2024_que_realize_a_manutencao_na_estrada_da_boa_vista_incluindo_os_servicos_de_patrolamento_ensaibramento_e_rocada.pdf", "ementa": "Solicita ao Prefeito que realize a manuten\u00e7\u00e3o na Estrada da Boa Vista, incluindo os servi\u00e7os de patrolamento, ensaibramento e ro\u00e7ada."}, {"id": "345", "ano": "2024", "numero": "492", "tipo__sigla": "IND", "tipo__descricao": "Indica\u00e7\u00e3o", "autoria": "Juarez Leinho", "texto_original": "http://sapl.patydoalferes.rj.leg.br/media/sapl/public/materialegislativa/2024/345/492_2024__que_seja_realizado_o_calcamento_nos_dois_sentidos_da_via_que_liga_a_secretaria_de_obras_localizada_no_bairro_tres_porteira.pdf", "ementa": "Solicita ao Prefeito Municipal que seja realizado o cal\u00e7amento nos dois sentidos da via que liga a Secretaria de Obras, localizada no Bairro Tr\u00eas Porteiras, at\u00e9 a Rodovi\u00e1ria de Arcozelo."}, {"id": "32", "ano": "2024", "numero": "2", "tipo__sigla": "PDL", "tipo__descricao": "Projeto de Decreto Legislativo", "autoria": "Mesa Diretora - MESA", "texto_original": "http://sapl.patydoalferes.rj.leg.br/media/sapl/public/materialegislativa/2024/32/002_2024_projeto_de_decreto_legislativo_viagem_brasilia__de_05_a_09_de_fevereiro_rominho_leinho_juliano_e_edinho.pdf", "ementa": "AUTORIZA A PARTICIPA\u00c7\u00c3O DOS VEREADORES QUE MENCIONA \u00c0 CIDADE DE BRAS\u00cdLIA, CAPITAL FEDERAL, EM VIAGEM DE REPRESENTA\u00c7\u00c3O DO MUNIC\u00cdPIO."}, {"id": "48", "ano": "2024", "numero": "7", "tipo__sigla": "PDL", "tipo__descricao": "Projeto de Decreto Legislativo", "autoria": "Mesa Diretora - MESA", "texto_original": "http://sapl.patydoalferes.rj.leg.br/media/sapl/public/materialegislativa/2024/48/007_2024_projeto_de_decreto_legislativo_viagem_brasilia__de_19_a_23_de_fevereiro_ligeirinho_macarrao_e_sabia.pdf", "ementa": "AUTORIZA A PARTICIPA\u00c7\u00c3O DOS VEREADORES QUE MENCIONA \u00c0 CIDADE DE BRAS\u00cdLIA, CAPITAL FEDERAL, EM VIAGEM DE REPRESENTA\u00c7\u00c3O DO MUNIC\u00cdPIO."}, {"id": "50", "ano": "2024", "numero": "8", "tipo__sigla": "PDL", "tipo__descricao": "Projeto de Decreto Legislativo", "autoria": "Mesa Diretora - MESA", "texto_original": "http://sapl.patydoalferes.rj.leg.br/media/sapl/public/materialegislativa/2024/50/008_2024_projeto_de_decreto_legislativo_viagem_brasilia__de_26_de_fevereiro_a_01_de_marco_dudu_heliomar_e_zaninho.pdf", "ementa": "AUTORIZA A PARTICIPA\u00c7\u00c3O DOS VEREADORES QUE MENCIONA \u00c0 CIDADE DE BRAS\u00cdLIA, CAPITAL FEDERAL, EM VIAGEM DE REPRESENTA\u00c7\u00c3O DO MUNIC\u00cdPIO."}, {"id": "51", "ano": "2024", "numero": "12", "tipo__sigla": "PDL", "tipo__descricao": "Projeto de Decreto Legislativo", "autoria": "Mesa Diretora - MESA", "texto_original": "http://sapl.patydoalferes.rj.leg.br/media/sapl/public/materialegislativa/2024/51/012_2024_projeto_de_decreto_legislativo_regulamentacao_da_nova_lei_de_licitacoes_14133_-_compras_de_pequeno_valor_-_artigo_95_nllc_-_janeiro_2024.pdf", "ementa": "Regulamenta o \u00a7 2\u00ba do art. 95 da Lei Federal n\u00ba 14.133/2021 quanto ao regime das despesas de pequenas compras ou de presta\u00e7\u00e3o de servi\u00e7os de pronto pagamento na Administra\u00e7\u00e3o P\u00fablica Municipal."}, {"id": "57", "ano": "2024", "numero": "13", "tipo__sigla": "PDL", "tipo__descricao": "Projeto de Decreto Legislativo", "autoria": "Mesa Diretora - MESA", "texto_original": "http://sapl.patydoalferes.rj.leg.br/media/sapl/public/materialegislativa/2024/57/013_2024_projeto_de_decreto_legislativo_-_ponto_facultativo_carnaval_dias_12_e_14_de_fevereiro_de_2024.pdf", "ementa": "Decreta Ponto Facultativo na Sede do Poder Legislativo Municipal de Paty do Alferes, nos dias 12 e 14 de fevereiro de 2024, em virtude da Comemora\u00e7\u00e3o da Festividade do Carnaval."}, {"id": "75", "ano": "2024", "numero": "30", "tipo__sigla": "PDL", "tipo__descricao": "Projeto de Decreto Legislativo", "autoria": "Mesa Diretora - MESA", "texto_original": "http://sapl.patydoalferes.rj.leg.br/media/sapl/public/materialegislativa/2024/75/030_2024_projeto_de_decreto_legislativo_viagem_brasilia__de_11_a_15_de_marco_ligeirinho_macarrao_e_sabia.pdf", "ementa": "Autoriza a participa\u00e7\u00e3o dos vereadores que menciona \u00e0 cidade de Bras\u00edlia, capital federal, em viagem de representa\u00e7\u00e3o do munic\u00edpio."}, {"id": "76", "ano": "2024", "numero": "31", "tipo__sigla": "PDL", "tipo__descricao": "Projeto de Decreto Legislativo", "autoria": "Mesa Diretora - MESA", "texto_original": "http://sapl.patydoalferes.rj.leg.br/media/sapl/public/materialegislativa/2024/76/031_2024_projeto_de_decreto_legislativo_viagem_brasilia__de_18_a_22_de_marco_rominho_leinho_juliano_e_edinho.pdf", "ementa": "Autoriza a participa\u00e7\u00e3o dos vereadores que menciona \u00e0 cidade de Bras\u00edlia, capital federal, em viagem de representa\u00e7\u00e3o do munic\u00edpio."}, {"id": "83", "ano": "2024", "numero": "107", "tipo__sigla": "PDL", "tipo__descricao": "Projeto de Decreto Legislativo", "autoria": "Mesa Diretora - MESA", "texto_original": "http://sapl.patydoalferes.rj.leg.br/media/sapl/public/materialegislativa/2024/83/107_2024_projeto_de_decreto_legislativo_viagem_venda_nova__de_22_a_26_de_abril_rominho_leinho_juliano_e_edinho.doc", "ementa": "Autoriza a participa\u00e7\u00e3o dos vereadores que menciona \u00e0 cidade de venda nova do imigrante, no Esp\u00edrito Santo, em viagem de representa\u00e7\u00e3o do munic\u00edpio."}, {"id": "84", "ano": "2024", "numero": "108", "tipo__sigla": "PDL", "tipo__descricao": "Projeto de Decreto Legislativo", "autoria": "Mesa Diretora - MESA", "texto_original": "http://sapl.patydoalferes.rj.leg.br/media/sapl/public/materialegislativa/2024/84/108_2024_projeto_de_decreto_legislativo_viagem_brasilia__de_06_a_10_de_maio_dudu_heliomar_e_zaninho.pdf", "ementa": "Autoriza a participa\u00e7\u00e3o dos vereadores que menciona \u00e0 cidade de Bras\u00edlia, capital federal, em viagem de representa\u00e7\u00e3o do munic\u00edpio."}, {"id": "93", "ano": "2024", "numero": "124", "tipo__sigla": "PDL", "tipo__descricao": "Projeto de Decreto Legislativo", "autoria": "Mesa Diretora - MESA", "texto_original": "http://sapl.patydoalferes.rj.leg.br/media/sapl/public/materialegislativa/2024/93/124_2024_projeto_de_decreto_legislativo_viagem_venda_nova__de_22_a_26_de_abril_ligeirinho_e_macarrao.pdf", "ementa": "Autoriza a participa\u00e7\u00e3o dos vereadores que menciona \u00e0 cidade de venda nova do imigrante, no esp\u00edrito santo, em viagem de representa\u00e7\u00e3o do munic\u00edpio."}, {"id": "94", "ano": "2024", "numero": "125", "tipo__sigla": "PDL", "tipo__descricao": "Projeto de Decreto Legislativo", "autoria": "Mesa Diretora - MESA", "texto_original": "http://sapl.patydoalferes.rj.leg.br/media/", "ementa": "Autoriza a participa\u00e7\u00e3o dos vereadores que menciona \u00e0 cidade de Bras\u00edlia, capital federal, em viagem de representa\u00e7\u00e3o do munic\u00edpio."}, {"id": "100", "ano": "2024", "numero": "131", "tipo__sigla": "PDL", "tipo__descricao": "Projeto de Decreto Legislativo", "autoria": "Mesa Diretora - MESA", "texto_original": "http://sapl.patydoalferes.rj.leg.br/media/sapl/public/materialegislativa/2024/100/131_2024_projeto_de_decreto_legislativo-_ponto_facultativo_-_sao_jorge_dia_22_de_abril.pdf", "ementa": "Decreta Ponto Facultativo na sede do Poder Legislativo Municipal de Paty do Alferes, no dia 22 de abril de 2024."}, {"id": "168", "ano": "2024", "numero": "233", "tipo__sigla": "PDL", "tipo__descricao": "Projeto de Decreto Legislativo", "autoria": "Mesa Diretora - MESA", "texto_original": "http://sapl.patydoalferes.rj.leg.br/media/sapl/public/materialegislativa/2024/168/233_2024_projeto_de_decreto_legislativo_aprova_as_contas_do_prefeito_do_exercicio_2022.pdf", "ementa": "Aprova as contas do excelent\u00edssimo senhor Prefeito de Paty do Alferes, Eurico Pinheiro Bernardes Neto, referente ao exerc\u00edcio de 2022."}, {"id": "235", "ano": "2024", "numero": "317", "tipo__sigla": "PDL", "tipo__descricao": "Projeto de Decreto Legislativo", "autoria": "Mesa Diretora - MESA", "texto_original": "http://sapl.patydoalferes.rj.leg.br/media/sapl/public/materialegislativa/2024/235/317_2024.pdf", "ementa": "Autoriza a participa\u00e7\u00e3o dos vereadores que menciona \u00e0 cidade de bras\u00edlia, capital federal, em viagem de representa\u00e7\u00e3o do munic\u00edpio."}, {"id": "236", "ano": "2024", "numero": "318", "tipo__sigla": "PDL", "tipo__descricao": "Projeto de Decreto Legislativo", "autoria": "Mesa Diretora - MESA", "texto_original": "http://sapl.patydoalferes.rj.leg.br/media/sapl/public/materialegislativa/2024/236/318_2024.pdf", "ementa": "Autoriza a participa\u00e7\u00e3o dos vereadores que menciona \u00e0 cidade de bras\u00edlia, capital federal, em viagem de representa\u00e7\u00e3o do munic\u00edpio."}, {"id": "237", "ano": "2024", "numero": "319", "tipo__sigla": "PDL", "tipo__descricao": "Projeto de Decreto Legislativo", "autoria": "Mesa Diretora - MESA", "texto_original": "http://sapl.patydoalferes.rj.leg.br/media/sapl/public/materialegislativa/2024/237/319_2024.pdf", "ementa": "Autoriza a participa\u00e7\u00e3o dos vereadores que menciona \u00e0 cidade de bras\u00edlia, capital federal, em viagem de representa\u00e7\u00e3o do munic\u00edpio."}, {"id": "247", "ano": "2024", "numero": "337", "tipo__sigla": "PDL", "tipo__descricao": "Projeto de Decreto Legislativo", "autoria": "Mesa Diretora - MESA", "texto_original": "http://sapl.patydoalferes.rj.leg.br/media/sapl/public/materialegislativa/2024/247/337_2024_projeto_de_decreto_legislativo_-_alteracao_de_horario_de_realizacao_de_sessoes_-_periodo_eleitoral_-_agosto_2024_2.pdf", "ementa": "Disp\u00f5e sobre a altera\u00e7\u00e3o do hor\u00e1rio de realiza\u00e7\u00e3o das Sess\u00f5es Ordin\u00e1rias no \u00e2mbito da C\u00e2mara Municipal de Paty do Alferes que, excepcionalmente, no per\u00edodo de 1\u00ba de Setembro a 02 de Outubro de 2024, ser\u00e3o realizadas as 18:00 horas."}, {"id": "261", "ano": "2024", "numero": "361", "tipo__sigla": "PDL", "tipo__descricao": "Projeto de Decreto Legislativo", "autoria": "Mesa Diretora - MESA", "texto_original": "http://sapl.patydoalferes.rj.leg.br/media/sapl/public/materialegislativa/2024/261/361_2024_projeto_de_decreto_legislativo_viagem_brasilia__de_07_a_11_de_outubro_dudu_heliomar_e_zaninho.pdf", "ementa": "Autoriza a participa\u00e7\u00e3o dos vereadores que menciona \u00e0 cidade de Bras\u00edlia, capital federal, em viagem de representa\u00e7\u00e3o do munic\u00edpio."}, {"id": "262", "ano": "2024", "numero": "362", "tipo__sigla": "PDL", "tipo__descricao": "Projeto de Decreto Legislativo", "autoria": "Mesa Diretora - MESA", "texto_original": "http://sapl.patydoalferes.rj.leg.br/media/sapl/public/materialegislativa/2024/262/317_2024.pdf", "ementa": "Autoriza a participa\u00e7\u00e3o dos vereadores que menciona \u00e0 cidade de Bras\u00edlia, capital federal, em viagem de representa\u00e7\u00e3o do munic\u00edpio."}, {"id": "263", "ano": "2024", "numero": "370", "tipo__sigla": "PDL", "tipo__descricao": "Projeto de Decreto Legislativo", "autoria": "", "texto_original": "http://sapl.patydoalferes.rj.leg.br/media/", "ementa": "Autoriza a participa\u00e7\u00e3o dos vereadores que menciona \u00e0 cidade de Bras\u00edlia, capital federal, em viagem de representa\u00e7\u00e3o do munic\u00edpio."}, {"id": "264", "ano": "2024", "numero": "371", "tipo__sigla": "PDL", "tipo__descricao": "Projeto de Decreto Legislativo", "autoria": "Mesa Diretora - MESA", "texto_original": "http://sapl.patydoalferes.rj.leg.br/media/sapl/public/materialegislativa/2024/264/371_2024_projeto_de_decreto_legislativo_viagem_brasilia_de_14_a_18_de_outubro_sabia_e_pedro_dentista_2.pdf", "ementa": "Autoriza a participa\u00e7\u00e3o dos vereadores que menciona \u00e0 cidade de Bras\u00edlia, capital federal, em viagem de representa\u00e7\u00e3o do munic\u00edpio."}, {"id": "265", "ano": "2024", "numero": "375", "tipo__sigla": "PDL", "tipo__descricao": "Projeto de Decreto Legislativo", "autoria": "Mesa Diretora - MESA", "texto_original": "http://sapl.patydoalferes.rj.leg.br/media/sapl/public/materialegislativa/2024/265/375_2024_projeto_de_decreto_legislativo_viagem_brasilia__de_22_a_24_de_outubro_juju_avelino.pdf", "ementa": "Autoriza a participa\u00e7\u00e3o dos vereadores que menciona \u00e0 cidade de Bras\u00edlia, capital federal, em viagem de representa\u00e7\u00e3o do munic\u00edpio."}, {"id": "266", "ano": "2024", "numero": "420", "tipo__sigla": "PDL", "tipo__descricao": "Projeto de Decreto Legislativo", "autoria": "Plen\u00e1rio - PLEN", "texto_original": "http://sapl.patydoalferes.rj.leg.br/media/sapl/public/materialegislativa/2024/266/420_2024_projeto_de_decreto_legislativo_viagem_brasilia__de_18_a_22_de_novembro_dudu_heliomar_e_zaninho.pdf", "ementa": "Autoriza a participa\u00e7\u00e3o dos vereadores que menciona \u00e0 cidade de Bras\u00edlia, capital federal, em viagem de representa\u00e7\u00e3o do munic\u00edpio."}, {"id": "267", "ano": "2024", "numero": "421", "tipo__sigla": "PDL", "tipo__descricao": "Projeto de Decreto Legislativo", "autoria": "Mesa Diretora - MESA", "texto_original": "http://sapl.patydoalferes.rj.leg.br/media/sapl/public/materialegislativa/2024/267/421_2024_projeto_de_decreto_legislativo_viagem_brasilia__de_18_a_22_novembro_macarrao_sergio_sabia_e_pedro.pdf", "ementa": "Autoriza a participa\u00e7\u00e3o dos vereadores que menciona \u00e0 cidade de Bras\u00edlia, capital federal, em viagem de representa\u00e7\u00e3o do munic\u00edpio."}, {"id": "268", "ano": "2024", "numero": "422", "tipo__sigla": "PDL", "tipo__descricao": "Projeto de Decreto Legislativo", "autoria": "Mesa Diretora - MESA", "texto_original": "http://sapl.patydoalferes.rj.leg.br/media/sapl/public/materialegislativa/2024/268/422_2024_projeto_de_decreto_legislativo_viagem_venda_nova-es__de_11_a_15_de_novembro_rominholeinho_e_edinho.pdf", "ementa": "Autoriza a participa\u00e7\u00e3o dos vereadores que menciona \u00e0 cidade de Bras\u00edlia, capital federal, em viagem de representa\u00e7\u00e3o do munic\u00edpio."}, {"id": "269", "ano": "2024", "numero": "423", "tipo__sigla": "PDL", "tipo__descricao": "Projeto de Decreto Legislativo", "autoria": "Mesa Diretora - MESA", "texto_original": "http://sapl.patydoalferes.rj.leg.br/media/sapl/public/materialegislativa/2024/269/423_2024_projeto_de_decreto_legislativo_viagem_brasilia__de_09_a_13_de_dezembro_rominholeinho.pdf", "ementa": "Autoriza a participa\u00e7\u00e3o dos vereadores que menciona \u00e0 cidade de Bras\u00edlia, capital federal, em viagem de representa\u00e7\u00e3o do munic\u00edpio."}, {"id": "318", "ano": "2024", "numero": "441", "tipo__sigla": "PDL", "tipo__descricao": "Projeto de Decreto Legislativo", "autoria": "Mesa Diretora - MESA", "texto_original": "http://sapl.patydoalferes.rj.leg.br/media/sapl/public/materialegislativa/2024/318/441_2024_projeto_de_decreto_legislativo_viagem_brasilia__de_19_a_21_de_novembro_juju_avelino.pdf", "ementa": "Autoriza a participa\u00e7\u00e3o do vereador que menciona \u00e0 cidade de Bras\u00edlia, capital federal, em viagem de representa\u00e7\u00e3o do munic\u00edpio."}, {"id": "323", "ano": "2024", "numero": "452", "tipo__sigla": "PDL", "tipo__descricao": "Projeto de Decreto Legislativo", "autoria": "Mesa Diretora - MESA", "texto_original": "http://sapl.patydoalferes.rj.leg.br/media/sapl/public/materialegislativa/2024/323/452_2024_projeto_de_decreto_legislativo_viagem_brasilia__de_26_a_28_de_novembro_juju_avelino.pdf", "ementa": "Autoriza a participa\u00e7\u00e3o do vereador que menciona \u00e0 cidade de Bras\u00edlia, capital federal, em viagem de representa\u00e7\u00e3o do munic\u00edpio."}, {"id": "338", "ano": "2024", "numero": "478", "tipo__sigla": "PDL", "tipo__descricao": "Projeto de Decreto Legislativo", "autoria": "Mesa Diretora - MESA", "texto_original": "http://sapl.patydoalferes.rj.leg.br/media/sapl/public/materialegislativa/2024/338/478_2024_projeto_de_decreto_legislativo_viagem_brasilia__de_02_a_06_de_dezembro_rominholeinho.pdf", "ementa": "Autoriza a participa\u00e7\u00e3o dos vereadores que menciona \u00e0 cidade de Bras\u00edlia, capital federal, em viagem de representa\u00e7\u00e3o do munic\u00edpio."}, {"id": "342", "ano": "2024", "numero": "484", "tipo__sigla": "PDL", "tipo__descricao": "Projeto de Decreto Legislativo", "autoria": "Mesa Diretora - MESA", "texto_original": "http://sapl.patydoalferes.rj.leg.br/media/sapl/public/materialegislativa/2024/342/484_2024_projeto_de_decreto_legislativo-_ponto_facultativo_-_final_de_ano.pdf", "ementa": "Decreta Ponto Facultativo na sede do Poder Legislativo Municipal de Paty do Alferes, nos dias 23, 24, 30 e 31 de dezembro de 2024."}, {"id": "347", "ano": "2024", "numero": "494", "tipo__sigla": "PDL", "tipo__descricao": "Projeto de Decreto Legislativo", "autoria": "Mesa Diretora - MESA", "texto_original": "http://sapl.patydoalferes.rj.leg.br/media/sapl/public/materialegislativa/2024/347/494_2024_projeto_de_decreto_legislativo_-_mudanca_do_local_e_horario_da_sessao_de_posse.pdf", "ementa": "Altera o local e o hor\u00e1rio da sess\u00e3o especial de posse do Prefeito, Vice-Prefeito e Vereadores eleitos da elei\u00e7\u00e3o de 2024, para o mandato de 2025 a 2028."}, {"id": "136", "ano": "2024", "numero": "174", "tipo__sigla": "PRE", "tipo__descricao": "Projeto de Resolu\u00e7\u00e3o", "autoria": "Mesa Diretora - MESA", "texto_original": "http://sapl.patydoalferes.rj.leg.br/media/sapl/public/materialegislativa/2024/136/174_2024_-_projeto_de_resolucao_-_licitacao_de_gasolina_-_pregao_eletronico_-_maio_2024_1.pdf", "ementa": "Autoriza a realiza\u00e7\u00e3o de processo licitat\u00f3rio, na modalidade preg\u00e3o eletr\u00f4nico, para contrata\u00e7\u00e3o de empresa para fornecimento de combust\u00edvel \u2013 gasolina comum -e d\u00e1 outras provid\u00eancias."}, {"id": "60", "ano": "2024", "numero": "22", "tipo__sigla": "REQ", "tipo__descricao": "Requerimento", "autoria": "Julinho Juju", "texto_original": "http://sapl.patydoalferes.rj.leg.br/media/sapl/public/materialegislativa/2024/60/22_mocao_de_aplausos_ao_pastor_fabiano_borba_silva_da_assembleia_de_deus_acampamento..pdf", "ementa": "Requeiro \u00e0 Mesa Diretora que seja expedida na forma regimental Mo\u00e7\u00e3o de Aplausos ao PASTOR FABIANO BORBA SILVA DA ASSEMBLEIA DE DEUS ACAMPAMENTO."}, {"id": "70", "ano": "2024", "numero": "52", "tipo__sigla": "REQ", "tipo__descricao": "Requerimento", "autoria": "Dudu Mariotti", "texto_original": "http://sapl.patydoalferes.rj.leg.br/media/sapl/public/materialegislativa/2024/70/052_2024_primeiro_lugar_na_primeira_etapa_do_circuito_estadual_de_jiu_jitsu.pdf", "ementa": "Requeiro \u00e0 Mesa Diretora que seja expedida na forma regimental mo\u00e7\u00e3o de aplausos ao Professor Wellington Soares de Moraes e seu time do Projeto Escola L\u00e9o Brazilian Jiu-Jitsu, pela brilhante conquista do primeiro lugar na Primeira Etapa do Circuito Estadual de Jiu Jitsu, a saber: Ana Julia Lima dos Santos; Ellen Rocha Missias; Evellin Rocha Euzebio; Emilly de Carvalho vieira; Guilherme Santana de Morais; Jo\u00e3o Guilherme Santana; Heloisa Teixeira Lopes; Livia Teixeira Lopes; Enzo de Souza Moreno Baldez Machado; Isabella Baltar Barros; Jo\u00e3o Miguel Oliveira; Jonatas Roberto da Silva Borges; Julia Barbosa Ferreira Alves; Leila Marques de Azevedo; Logan Feitosa Monte Mor; Nathan Silva Gon\u00e7alves; Paulo Fellype Faustino Campos; Roberto Augusto Pereira e Souza; Samyra Afonso da Silva; Sophia de Carvalho da Silva Lima; Yasmin Gon\u00e7alves Duarte da Silva; Ysabelle Duarte Esteves e Davi Lucas Lima dos Santos."}, {"id": "66", "ano": "2024", "numero": "61", "tipo__sigla": "REQ", "tipo__descricao": "Requerimento", "autoria": "Dudu Mariotti", "texto_original": "http://sapl.patydoalferes.rj.leg.br/media/sapl/public/materialegislativa/2024/66/061_2024_solicitacao_acerca_de_esclarecimentos_e_informacoes_cruciais_em_relacao_ao_projeto_que_esta_sendo_delineado_para_o_centro_comercial_loca.pdf", "ementa": "Requeiro \u00e0 Mesa Diretora que seja expedida na forma regimental solicita\u00e7\u00e3o acerca de esclarecimentos e informa\u00e7\u00f5es cruciais em rela\u00e7\u00e3o ao projeto que est\u00e1 sendo delineado para o Centro Comercial, localizado no centro de Paty do Alferes \u2013 RJ."}, {"id": "20", "ano": "2024", "numero": "98", "tipo__sigla": "REQ", "tipo__descricao": "Requerimento", "autoria": "Dudu Mariotti", "texto_original": "http://sapl.patydoalferes.rj.leg.br/media/sapl/public/materialegislativa/2024/20/098_2024_igreja_evangelica_congregacional_bereia.pdf", "ementa": "Requeiro \u00e0 Mesa Diretora que seja expedida na forma regimental Mo\u00e7\u00e3o de Aplausos \u00e0 Igreja Evang\u00e9lica Congregacional Bereia."}, {"id": "149", "ano": "2024", "numero": "127", "tipo__sigla": "REQ", "tipo__descricao": "Requerimento", "autoria": "Dudu Mariotti", "texto_original": "http://sapl.patydoalferes.rj.leg.br/media/sapl/public/materialegislativa/2024/149/127_2024_mocao_de_pesar_a_familia_do_sr._ruval_queiroz_dantas.pdf", "ementa": "Requeiro \u00e0 Mesa Diretora que seja expedida na forma regimental Mo\u00e7\u00e3o de Pesar \u00e0 fam\u00edlia do SR. RUVAL QUEIROZ DANTAS."}, {"id": "99", "ano": "2024", "numero": "128", "tipo__sigla": "REQ", "tipo__descricao": "Requerimento", "autoria": "Macarr\u00e3o", "texto_original": "http://sapl.patydoalferes.rj.leg.br/media/sapl/public/materialegislativa/2024/99/128_2024_mocao_de_aplausos_a_loja_comercial_friburguense_sob_a_lideranca_inspiradora_de_seu_dedicado_responsavel_sr._fabio_de_andrade_berbert..pdf", "ementa": "Requeiro \u00e0 Mesa Diretora que seja expedida na forma regimental Mo\u00e7\u00e3o de Aplausos a loja COMERCIAL FRIBURGUENSE, sob a lideran\u00e7a inspiradora de seu dedicado respons\u00e1vel, SR. F\u00c1BIO DE ANDRADE BERBERT."}, {"id": "104", "ano": "2024", "numero": "140", "tipo__sigla": "REQ", "tipo__descricao": "Requerimento", "autoria": "Dudu Mariotti", "texto_original": "http://sapl.patydoalferes.rj.leg.br/media/sapl/public/materialegislativa/2024/104/140_2024_pedido_de_informacoes_sobre_a_linha_de_onibus_que_percorre_os_bairros_de_coqueiros_e_maravilha_operada_pela_empresa_linave.pdf", "ementa": "Requeiro \u00e0 Mesa Diretora que seja expedida na forma regimental pedido de informa\u00e7\u00f5es sobre a linha de \u00f4nibus que percorre os Bairros de Coqueiros e Maravilha, operada pela empresa LINAVE."}, {"id": "105", "ano": "2024", "numero": "143", "tipo__sigla": "REQ", "tipo__descricao": "Requerimento", "autoria": "Dudu Mariotti", "texto_original": "http://sapl.patydoalferes.rj.leg.br/media/", "ementa": "Requeiro \u00e0 Mesa Diretora que seja expedida na forma regimental Notifica\u00e7\u00e3o \u00e0 Empresa Respons\u00e1vel pela Constru\u00e7\u00e3o do Complexo Esportivo em Arcozelo."}, {"id": "123", "ano": "2024", "numero": "167", "tipo__sigla": "REQ", "tipo__descricao": "Requerimento", "autoria": "Juarez Leinho", "texto_original": "http://sapl.patydoalferes.rj.leg.br/media/sapl/public/materialegislativa/2024/123/167_2024_revitalizacao_do_jardim_de_avelar_e_melhoria_na_iluminacao_publica..pdf", "ementa": "Requeiro \u00e0 Mesa Diretora que seja expedida na forma regimental a Revitaliza\u00e7\u00e3o do Jardim de Avelar e Melhoria na Ilumina\u00e7\u00e3o P\u00fablica."}, {"id": "124", "ano": "2024", "numero": "172", "tipo__sigla": "REQ", "tipo__descricao": "Requerimento", "autoria": "Julinho Juju", "texto_original": "http://sapl.patydoalferes.rj.leg.br/media/sapl/public/materialegislativa/2024/124/172_2024_esclarecimentos_acerca_da_ausencia_de_realizacao_do_exame_de_ultrassom_especialmente_o_morfologico.pdf", "ementa": "Requeiro \u00e0 Mesa Diretora que seja expedida na forma regimental esclarecimentos acerca da aus\u00eancia de realiza\u00e7\u00e3o do exame de ultrassom, especialmente o morfol\u00f3gico."}, {"id": "133", "ano": "2024", "numero": "175", "tipo__sigla": "REQ", "tipo__descricao": "Requerimento", "autoria": "Rominho", "texto_original": "http://sapl.patydoalferes.rj.leg.br/media/sapl/public/materialegislativa/2024/133/175_2024_mocao_de_agradecimento_ao_produtor_sr._pedro_henrique_de_oliveira_ramos_engenheiro_civil_e_atual_presidente_do_der..pdf", "ementa": "Requeiro \u00e0 Mesa Diretora que seja expedida na forma Regimental MO\u00c7\u00c3O DE AGRADECIMENTO ao Produtor SR. PEDRO HENRIQUE DE OLIVEIRA RAMOS, Engenheiro civil, e atual Presidente do DER."}, {"id": "134", "ano": "2024", "numero": "176", "tipo__sigla": "REQ", "tipo__descricao": "Requerimento", "autoria": "Rominho", "texto_original": "http://sapl.patydoalferes.rj.leg.br/media/", "ementa": "Requeiro \u00e0 Mesa Diretora que seja expedida na forma Regimental MO\u00c7\u00c3O DE AGRADECIMENTO ao Produtor SR. PEDRO HENRIQUE DE OLIVEIRA RAMOS, Engenheiro civil, e atual Presidente do DER."}, {"id": "135", "ano": "2024", "numero": "177", "tipo__sigla": "REQ", "tipo__descricao": "Requerimento", "autoria": "Rominho", "texto_original": "http://sapl.patydoalferes.rj.leg.br/media/sapl/public/materialegislativa/2024/135/177_2024_mocao_de_aplausos_a_sra._lucia_de_fatima_fernandes_fonseca_1.pdf", "ementa": "Requeiro \u00e0 Mesa Diretora que seja expedida na forma regimental, MO\u00c7\u00c3O DE APLAUSOS A SRA. LUCIA DE F\u00c1TIMA FERNANDES FONSECA"}, {"id": "146", "ano": "2024", "numero": "184", "tipo__sigla": "REQ", "tipo__descricao": "Requerimento", "autoria": "Denilson Ligeirinho", "texto_original": "http://sapl.patydoalferes.rj.leg.br/media/sapl/public/materialegislativa/2024/146/184_2024_mocao_de_aplausos_a_equipe_representante_de_paty_do_alferes_na_copa_rio_sul_de_futsal.pdf", "ementa": "Requeiro \u00e0 mesa diretora que seja expedida na forma regimental mo\u00e7\u00e3o de aplausos a equipe representante de paty do alferes na copa rio sul de futsal."}, {"id": "150", "ano": "2024", "numero": "185", "tipo__sigla": "REQ", "tipo__descricao": "Requerimento", "autoria": "S\u00e9rgio Sabi\u00e1", "texto_original": "http://sapl.patydoalferes.rj.leg.br/media/sapl/public/materialegislativa/2024/150/1852021.pdf", "ementa": "Requeiro \u00e0 Mesa Diretora que seja expedida na forma regimental informa\u00e7\u00f5es acerca do planejamento e da execu\u00e7\u00e3o das obras referentes ao PROJETO DE EMENDA IMPOSITIVA N\u00ba 657/2022 AO PROJETO DE LEI N\u00ba 621/2022 \u2013 LOA \u2013 2023 e ao PROJETO DE EMENDA IMPOSITIVA N\u00ba 663/2022 AO PROJETO DE LEI N\u00ba 621/2022 \u2013 LOA \u2013 2023, destinado, respectivamente \u00e0 instala\u00e7\u00e3o de uma academia da sa\u00fade na Parada Mestre Xisto, e ao complemento de asfaltamento da Rua J\u00falio Candido da Silva, ambos no bairro Granja Calif\u00f3rnia."}, {"id": "151", "ano": "2024", "numero": "201", "tipo__sigla": "REQ", "tipo__descricao": "Requerimento", "autoria": "Dudu Mariotti", "texto_original": "http://sapl.patydoalferes.rj.leg.br/media/sapl/public/materialegislativa/2024/151/201_2024_mocao_de_aplausos_as_finalistas_do_concurso_de_rainha_da_festa_do_tomate_e_ao_organizador_polibio_pimentel.pdf", "ementa": "Requeiro \u00e0 Mesa Diretora que seja expedida na forma Regimental MO\u00c7\u00c3O DE APLAUSOS \u00c0S FINALISTAS DO CONCURSO DE RAINHA DA FESTA DO TOMATE E AO ORGANIZADOR DO EVENTO."}, {"id": "154", "ano": "2024", "numero": "205", "tipo__sigla": "REQ", "tipo__descricao": "Requerimento", "autoria": "Juarez Leinho", "texto_original": "http://sapl.patydoalferes.rj.leg.br/media/sapl/public/materialegislativa/2024/154/205_2024_mocao_de_aplausos_aos_srs.pdf", "ementa": "Requeiro \u00e0 Mesa Diretora que seja expedida na forma Regimental Mo\u00e7\u00e3o de Aplausos aos SRs. Jo\u00e3o Batista Da Silva Carius, Gabriel Raizer De Souza, Jo\u00e3o Pedro Aguiar Machado, Emilson Camara Raizer, Adilson Benfica Pimentel, Robson Rodrigues De Oliveira e Ariel Carlos Araujo Santos."}, {"id": "162", "ano": "2024", "numero": "212", "tipo__sigla": "REQ", "tipo__descricao": "Requerimento", "autoria": "Julinho Juju", "texto_original": "http://sapl.patydoalferes.rj.leg.br/media/sapl/public/materialegislativa/2024/162/212_2024_disponibilizacao_do_contrato_com_o_lixao_do_barro_branco_e_providencias_urgentes..pdf", "ementa": "Requeiro \u00e0 Mesa Diretora que seja expedida na forma regimental a Disponibiliza\u00e7\u00e3o do Contrato com a Usina de Lixo do Bairro Barro Branco e Provid\u00eancias Urgentes."}, {"id": "176", "ano": "2024", "numero": "235", "tipo__sigla": "REQ", "tipo__descricao": "Requerimento", "autoria": "Julinho Juju", "texto_original": "http://sapl.patydoalferes.rj.leg.br/media/sapl/public/materialegislativa/2024/176/235_2024_explicacoes_sobre_a_obra_no_centro_da_cidade_rua_sebastiao_de_lacerda..pdf", "ementa": "Requeiro \u00e0 Mesa Diretora que seja expedida na forma regimental explica\u00e7\u00f5es sobre a obra no centro da cidade, na Rua Sebasti\u00e3o de Lacerda."}, {"id": "177", "ano": "2024", "numero": "236", "tipo__sigla": "REQ", "tipo__descricao": "Requerimento", "autoria": "Julinho Juju", "texto_original": "http://sapl.patydoalferes.rj.leg.br/media/sapl/public/materialegislativa/2024/177/236_2024_informacoes_detalhadas_a_respeito_da_queima_de_lixo_que_esta_ocorrendo_de_forma_indevida_no_lixao_do_barro_branco..docx.pdf", "ementa": "Requeiro \u00e0 Mesa Diretora que seja expedida na forma regimental informa\u00e7\u00f5es detalhadas a respeito da queima de lixo que est\u00e1 ocorrendo de forma indevida no Lix\u00e3o do Barro Branco."}, {"id": "185", "ano": "2024", "numero": "252", "tipo__sigla": "REQ", "tipo__descricao": "Requerimento", "autoria": "Julinho Juju", "texto_original": "http://sapl.patydoalferes.rj.leg.br/media/", "ementa": "Requeiro \u00e0 Mesa Diretora que seja expedida na forma regimental a Disponibiliza\u00e7\u00e3o do Contrato com a Empresa Respons\u00e1vel pela Obra na Rua Sebasti\u00e3o de Lacerda, Centro."}, {"id": "203", "ano": "2024", "numero": "271", "tipo__sigla": "REQ", "tipo__descricao": "Requerimento", "autoria": "Julinho Juju", "texto_original": "http://sapl.patydoalferes.rj.leg.br/media/sapl/public/materialegislativa/2024/203/271_2024_informacoes_sobre_o_enquadramento_de_cursos_para_professores..pdf", "ementa": "Requeiro \u00e0 Mesa Diretora que seja expedida na forma regimental informa\u00e7\u00f5es sobre o enquadramento de cursos para professores."}, {"id": "225", "ano": "2024", "numero": "306", "tipo__sigla": "REQ", "tipo__descricao": "Requerimento", "autoria": "Rominho", "texto_original": "http://sapl.patydoalferes.rj.leg.br/media/sapl/public/materialegislativa/2024/225/306_2024__mocao_de_aplausos_ao_sr._valter_alves_franca.pdf", "ementa": "Requeiro \u00e0 Mesa Diretora que seja expedida na forma regimental, mo\u00e7\u00e3o de aplausos ao sr. Valter Alves Fran\u00e7a."}, {"id": "231", "ano": "2024", "numero": "314", "tipo__sigla": "REQ", "tipo__descricao": "Requerimento", "autoria": "Rominho, Edinho da Dengue, Heliomar do G\u00e1s, Juarez Leinho, Macarr\u00e3o, Zaninho", "texto_original": "http://sapl.patydoalferes.rj.leg.br/media/sapl/public/materialegislativa/2024/231/314_2024__mocao_de_aplausos_as_equipes_participantes_dos_jogos_esportivos_de_paty_do_alferes_jespa.pdf", "ementa": "Requeiro \u00e0 mesa diretora que seja expedida na forma regimental, mo\u00e7\u00e3o de aplausos as equipes participantes dos jogos esportivos de paty do alferes (jespa) 2024, a saber: equipe de arcozelo, equipe de monte alegre, equipe da granja e equipe de avelar."}, {"id": "242", "ano": "2024", "numero": "331", "tipo__sigla": "REQ", "tipo__descricao": "Requerimento", "autoria": "Julinho Juju", "texto_original": "http://sapl.patydoalferes.rj.leg.br/media/sapl/public/materialegislativa/2024/242/331-2024.pdf", "ementa": "Requeiro \u00e0 mesa diretora que seja expedida na forma regimental, mo\u00e7\u00e3o de aplausos ao atleta Eric Niedner, da sele\u00e7\u00e3o brasileira de pesca submarina."}, {"id": "243", "ano": "2024", "numero": "334", "tipo__sigla": "REQ", "tipo__descricao": "Requerimento", "autoria": "Julinho Juju", "texto_original": "http://sapl.patydoalferes.rj.leg.br/media/sapl/public/materialegislativa/2024/243/334_2024__mocao_de_aplausos_aos_alunos_e_professores_do_colegio_estadual_edmundo_peralta_bernardes_ceepb_que_disputaram_o_jerj_2024..pdf", "ementa": "Requeiro \u00e0 mesa diretora que seja expedida na forma regimental, mo\u00e7\u00e3o de aplausos aos alunos e professores do col\u00e9gio estadual Edmundo Peralta Bernardes (ceepb) que disputaram os jogos escolares do Rio de Janeiro (jerj) 2024."}, {"id": "244", "ano": "2024", "numero": "335", "tipo__sigla": "REQ", "tipo__descricao": "Requerimento", "autoria": "Rominho", "texto_original": "http://sapl.patydoalferes.rj.leg.br/media/sapl/public/materialegislativa/2024/244/335_2024__mocao_de_aplausos_a_diretora_rosimeri_de_lima_lisboa._2.pdf", "ementa": "Requeiro \u00e0 mesa diretora que seja expedida na forma regimental, mo\u00e7\u00e3o de aplausos \u00e0 diretora Rosimeri de Lima Lisboa."}, {"id": "245", "ano": "2024", "numero": "336", "tipo__sigla": "REQ", "tipo__descricao": "Requerimento", "autoria": "Rominho", "texto_original": "http://sapl.patydoalferes.rj.leg.br/media/sapl/public/materialegislativa/2024/245/336_2024_mocao_de_aplausos_aos_alunos_e_professores_do_colegio_estadual_edmundo_peralta_bernardes_ceepb_que_disputaram_os_jogos_escolares_do_rio_de_j.pdf", "ementa": "Requeiro \u00e0 mesa diretora que seja expedida na forma regimental, mo\u00e7\u00e3o de aplausos aos alunos e professores do col\u00e9gio estadual Edmundo Peralta Bernardes (ceepb) que disputaram os jogos escolares do rio de janeiro (jerj) 2024, representando a regi\u00e3o sul fluminense na modalidade de futsal."}, {"id": "311", "ano": "2024", "numero": "350", "tipo__sigla": "REQ", "tipo__descricao": "Requerimento", "autoria": "Plen\u00e1rio - PLEN", "texto_original": "http://sapl.patydoalferes.rj.leg.br/media/sapl/public/materialegislativa/2024/311/350_2024_mocao_de_pesar_a_familia_do_sr._marcio..pdf", "ementa": "Requeiro \u00e0 Mesa Diretora que seja expedida na forma regimental Mo\u00e7\u00e3o de Pesar \u00e0 fam\u00edlia do SR. MARCIO ANTONIO CUNHA DOS ANJOS."}, {"id": "277", "ano": "2024", "numero": "373", "tipo__sigla": "REQ", "tipo__descricao": "Requerimento", "autoria": "Pedro Medeiros", "texto_original": "http://sapl.patydoalferes.rj.leg.br/media/sapl/public/materialegislativa/2024/277/373_2024_explicacoes_sobre_a_situacao_das_calcadas_na_obra_em_andamento_na_rua_sebastiao_de_lacerda..pdf", "ementa": "Requeiro \u00e0 Mesa Diretora que seja expedida na forma regimental explica\u00e7\u00f5es sobre a situa\u00e7\u00e3o das cal\u00e7adas na obra em andamento na Rua Sebasti\u00e3o de Lacerda."}, {"id": "279", "ano": "2024", "numero": "417", "tipo__sigla": "REQ", "tipo__descricao": "Requerimento", "autoria": "Julinho Juju", "texto_original": "http://sapl.patydoalferes.rj.leg.br/media/sapl/public/materialegislativa/2024/279/417_2024_mocao_de_aplausos_ao_humorista_pedro_jose_manso.pdf", "ementa": "Requeiro \u00e0 Mesa Diretora que seja expedida na forma regimental Mo\u00e7\u00e3o de Aplausos ao ilustre humorista e imitador brasileiro, Pedro Jos\u00e9 Manso, natural de nossa cidade, Paty do Alferes, e reconhecido como um grande humorista da Am\u00e9rica Latina."}, {"id": "286", "ano": "2024", "numero": "430", "tipo__sigla": "REQ", "tipo__descricao": "Requerimento", "autoria": "Pedro Medeiros", "texto_original": "http://sapl.patydoalferes.rj.leg.br/media/sapl/public/materialegislativa/2024/286/430_2024_informacoes_sobre_as_medidas_adotadas_em_relacao_aos_serios_problemas_encontrados_no_recem_inaugurado_posto_de_saude_da_visa_alegre..pdf", "ementa": "Requeiro \u00e0 Mesa Diretora REQUERIMENTO DE INFORMA\u00c7\u00d5ES junto \u00e0 Prefeitura Municipal de Paty do Alferes para que informe no prazo regimental as medidas que foram tomadas quanto aos graves problemas encontrados no rec\u00e9m inaugurado posto de Sa\u00fade da Visa Alegre, se a empresa contratada para a constru\u00e7\u00e3o foi comunicada e se a garantia da obra foi acionada para a corre\u00e7\u00e3o dos problemas. Em v\u00eddeos divulgados nas redes sociais \u00e9 poss\u00edvel constatar falhas graves na cobertura do posto, com uma queda d\u2019\u00e1gua nos bocais de luz, inundando todas as depend\u00eancias da unidade de sa\u00fade."}, {"id": "287", "ano": "2024", "numero": "431", "tipo__sigla": "REQ", "tipo__descricao": "Requerimento", "autoria": "Pedro Medeiros", "texto_original": "http://sapl.patydoalferes.rj.leg.br/media/sapl/public/materialegislativa/2024/287/431_2024_informacoes_sobre_as_acoes_tomadas_em_relacao_aos_problemas_identificados_na_obra_conhecida_como_casario.pdf", "ementa": "Requeiro \u00e0 Mesa Diretora que seja expedido na forma da Lei REQUERIMENTO DE INFORMA\u00c7\u00d5ES junto \u00e0 Prefeitura Municipal de Paty do Alferes para que informe no prazo regimental as medidas que foram tomadas quanto aos problemas encontrados na obra denominada Casario, com defeitos aparentes, como a escada que d\u00e1 acesso ao pr\u00e9dio, parte el\u00e9trica com queixa de v\u00e1rios lojistas que foram obrigados a fazer obras de substitui\u00e7\u00e3o da fia\u00e7\u00e3o entregue, problemas na capta\u00e7\u00e3o de \u00e1gua das chuvas e vazamentos nas lojas, entre outros. A prefeitura dever\u00e1 informar as medidas tomadas, bem como se a empresa contratada para a constru\u00e7\u00e3o foi comunicada e se a garantia da obra foi acionada para a corre\u00e7\u00e3o dos problemas."}, {"id": "320", "ano": "2024", "numero": "449", "tipo__sigla": "REQ", "tipo__descricao": "Requerimento", "autoria": "Macarr\u00e3o", "texto_original": "http://sapl.patydoalferes.rj.leg.br/media/sapl/public/materialegislativa/2024/320/449_2024_mocao_de_pesar_a_familia_da_professora_janete_pereira_lima..pdf", "ementa": "Requeiro \u00e0 Mesa Diretora que seja expedida na forma regimental Mo\u00e7\u00e3o de Pesar \u00e0 fam\u00edlia da PROFESSORA JANETE PEREIRA LIMA."}, {"id": "337", "ano": "2024", "numero": "477", "tipo__sigla": "REQ", "tipo__descricao": "Requerimento", "autoria": "Edinho da Dengue", "texto_original": "http://sapl.patydoalferes.rj.leg.br/media/sapl/public/materialegislativa/2024/337/477_2024_mocao_de_aplausos_ao_sr._dione_de_barros_borges..pdf", "ementa": "Requeiro \u00e0 mesa diretora que seja expedida na forma regimental, mo\u00e7\u00e3o de aplausos ao sr. Dione de Barros Borges."}, {"id": "288", "ano": "2024", "numero": "376", "tipo__sigla": "PEI", "tipo__descricao": "Projeto de Emenda Impositiva", "autoria": "Juarez Leinho", "texto_original": "http://sapl.patydoalferes.rj.leg.br/media/sapl/public/materialegislativa/2024/288/376_2024_emenda_impositiva_-_saude_-_juarez_leinho.pdf", "ementa": "Cirurgias Otorrinolaringol\u00f3gicas"}, {"id": "289", "ano": "2024", "numero": "377", "tipo__sigla": "PEI", "tipo__descricao": "Projeto de Emenda Impositiva", "autoria": "Heliomar do G\u00e1s", "texto_original": "http://sapl.patydoalferes.rj.leg.br/media/sapl/public/materialegislativa/2024/289/377_2024_emenda_impositiva_-_saude_-_heliomar.pdf", "ementa": "Cirurgias De Catarata"}, {"id": "290", "ano": "2024", "numero": "378", "tipo__sigla": "PEI", "tipo__descricao": "Projeto de Emenda Impositiva", "autoria": "Denilson Ligeirinho", "texto_original": "http://sapl.patydoalferes.rj.leg.br/media/sapl/public/materialegislativa/2024/290/378_2024_emenda_impositiva_-_saude_-_denilson_ligeirinho.pdf", "ementa": "Procedimentos E Cirurgias Dos Olhos"}, {"id": "291", "ano": "2024", "numero": "379", "tipo__sigla": "PEI", "tipo__descricao": "Projeto de Emenda Impositiva", "autoria": "Julinho Juju, Pedro Medeiros, S\u00e9rgio Sabi\u00e1", "texto_original": "http://sapl.patydoalferes.rj.leg.br/media/sapl/public/materialegislativa/2024/291/379_2024_emenda_impositiva_-__saude_-_julinho_jujusabia_e_pedro_dentista.pdf", "ementa": "Aquisi\u00e7\u00e3o De Medicamentos."}, {"id": "292", "ano": "2024", "numero": "380", "tipo__sigla": "PEI", "tipo__descricao": "Projeto de Emenda Impositiva", "autoria": "Dudu Mariotti", "texto_original": "http://sapl.patydoalferes.rj.leg.br/media/sapl/public/materialegislativa/2024/292/380_2024_emenda_impositiva_-_saude_-_dudu_mariotti.pdf", "ementa": "Aquisi\u00e7\u00e3o De Insumos Para Diabetes."}, {"id": "293", "ano": "2024", "numero": "381", "tipo__sigla": "PEI", "tipo__descricao": "Projeto de Emenda Impositiva", "autoria": "Edinho da Dengue", "texto_original": "http://sapl.patydoalferes.rj.leg.br/media/sapl/public/materialegislativa/2024/293/381_2024_emenda_impositiva_-_saude_-_edinho_da_dengue.pdf", "ementa": "Aquisi\u00e7\u00e3o De Ve\u00edculo De Passeio Para Atender Aos Programas Do Munic\u00edpio Na \u00c1rea Da Dengue, Zoonose E Vigi\u00e1gua."}, {"id": "294", "ano": "2024", "numero": "382", "tipo__sigla": "PEI", "tipo__descricao": "Projeto de Emenda Impositiva", "autoria": "Zaninho", "texto_original": "http://sapl.patydoalferes.rj.leg.br/media/sapl/public/materialegislativa/2024/294/382_2024_emenda_impositiva_-_saude_-__zaninho.pdf", "ementa": "Fundo Municipal De Sa\u00fade"}, {"id": "295", "ano": "2024", "numero": "383", "tipo__sigla": "PEI", "tipo__descricao": "Projeto de Emenda Impositiva", "autoria": "Zaninho", "texto_original": "http://sapl.patydoalferes.rj.leg.br/media/sapl/public/materialegislativa/2024/295/383_2024_emenda_impositiva-_saude_-_aquisicao_de_academias_-_zaninho.pdf", "ementa": "Aquisi\u00e7\u00e3o De Academias De Sa\u00fade, No Bairro De Bela Vista Instala\u00e7\u00e3o Na Pracinha, No Bairro Arcozelo Instala\u00e7\u00e3o Na Pracinha Rua Vera Lucia."}, {"id": "296", "ano": "2024", "numero": "384", "tipo__sigla": "PEI", "tipo__descricao": "Projeto de Emenda Impositiva", "autoria": "Zaninho", "texto_original": "http://sapl.patydoalferes.rj.leg.br/media/sapl/public/materialegislativa/2024/296/384_2024_emenda_impositiva-_saude_-_aquisicao_de_academia_-_rominho.pdf", "ementa": "Aquisi\u00e7\u00e3o De Academias De Sa\u00fade. Para O Bairro Capivara Instala\u00e7\u00e3o No Col\u00e9gio,  No Bairro Barro Branco Instala\u00e7\u00e3o Na Associa\u00e7\u00e3o De Moradores, No Bairro Palmares Instala\u00e7\u00e3o Na Associa\u00e7ao De Moradores, E No Aquenta Sol Instalac\u00e3o Na Pracinha."}, {"id": "297", "ano": "2024", "numero": "385", "tipo__sigla": "PEI", "tipo__descricao": "Projeto de Emenda Impositiva", "autoria": "Macarr\u00e3o", "texto_original": "http://sapl.patydoalferes.rj.leg.br/media/sapl/public/materialegislativa/2024/297/385_2024_emenda_impositiva-_saude_-_macarrao.pdf", "ementa": "Procedimentos Oftalmol\u00f3gicos"}, {"id": "298", "ano": "2024", "numero": "391", "tipo__sigla": "PEI", "tipo__descricao": "Projeto de Emenda Impositiva", "autoria": "Zaninho", "texto_original": "http://sapl.patydoalferes.rj.leg.br/media/sapl/public/materialegislativa/2024/298/391_2024_emenda_impositiva_-_infraestrutura_-_zaninho.pdf", "ementa": "Asfaltamento Da Rua Em Frente \u00c0 Igreja Assembleia De Deus No Bairro Caetes."}, {"id": "299", "ano": "2024", "numero": "394", "tipo__sigla": "PEI", "tipo__descricao": "Projeto de Emenda Impositiva", "autoria": "Dudu Mariotti", "texto_original": "http://sapl.patydoalferes.rj.leg.br/media/sapl/public/materialegislativa/2024/299/394_2024_emenda_impositiva-_infraestrutura_-_dudu_mariotti.pdf", "ementa": "Reforma Do Telhado Do Gin\u00e1sio Esportivo Hugo Bernardes."}, {"id": "300", "ano": "2024", "numero": "395", "tipo__sigla": "PEI", "tipo__descricao": "Projeto de Emenda Impositiva", "autoria": "Pedro Medeiros", "texto_original": "http://sapl.patydoalferes.rj.leg.br/media/sapl/public/materialegislativa/2024/300/395_2024_emenda_impositiva_-_infraestrutura_-_pedro_dentista.pdf", "ementa": "Reforma E Manuten\u00e7\u00e3o Da Ciclovia"}, {"id": "301", "ano": "2024", "numero": "396", "tipo__sigla": "PEI", "tipo__descricao": "Projeto de Emenda Impositiva", "autoria": "S\u00e9rgio Sabi\u00e1", "texto_original": "http://sapl.patydoalferes.rj.leg.br/media/sapl/public/materialegislativa/2024/301/396_2024__emenda_impositiva_-_infraestrutura_-_sergio_sabia.pdf", "ementa": "Asfaltamento Na Rua Do Mestre Xisto, Beirando A Linha Do Trem."}, {"id": "302", "ano": "2024", "numero": "397", "tipo__sigla": "PEI", "tipo__descricao": "Projeto de Emenda Impositiva", "autoria": "Julinho Juju", "texto_original": "http://sapl.patydoalferes.rj.leg.br/media/sapl/public/materialegislativa/2024/302/397_2024_emendas_impositivas_-_infraestrutura_-_juju_avelino.pdf", "ementa": "Aquisi\u00e7\u00e3o De Ve\u00edculo De Passeio Para Distrital Em Avelar."}, {"id": "303", "ano": "2024", "numero": "404", "tipo__sigla": "PEI", "tipo__descricao": "Projeto de Emenda Impositiva", "autoria": "Denilson Ligeirinho", "texto_original": "http://sapl.patydoalferes.rj.leg.br/media/sapl/public/materialegislativa/2024/303/404_2024_emenda_impositiva_-_infraestrutura_-_denilson_nogueira.pdf", "ementa": "Aquisi\u00e7\u00e3o De Parquinho De Fibra Para O Espa\u00e7o Infantil No Bosque Recanto."}, {"id": "304", "ano": "2024", "numero": "405", "tipo__sigla": "PEI", "tipo__descricao": "Projeto de Emenda Impositiva", "autoria": "Rominho, Edinho da Dengue, Heliomar do G\u00e1s, Macarr\u00e3o", "texto_original": "http://sapl.patydoalferes.rj.leg.br/media/sapl/public/materialegislativa/2024/304/405_2024_emenda_impositiva_-_infraestrutura_-_rominho_edinho_macarrao_heliomar.pdf", "ementa": "Constru\u00e7\u00e3o De Uma Quadra De Areia No Bosque Do Recanto."}, {"id": "305", "ano": "2024", "numero": "406", "tipo__sigla": "PEI", "tipo__descricao": "Projeto de Emenda Impositiva", "autoria": "Rominho, Edinho da Dengue, Heliomar do G\u00e1s, Macarr\u00e3o", "texto_original": "http://sapl.patydoalferes.rj.leg.br/media/sapl/public/materialegislativa/2024/305/406_2024_emenda_impositiva_-_infraestrutura_-_rominho_edinho_macarrao_heliomar.pdf", "ementa": "Constru\u00e7\u00e3o De Bar E Banheiros Na \u00c1rea Esportiva E De Lazer No Bosque Do Recanto."}, {"id": "306", "ano": "2024", "numero": "407", "tipo__sigla": "PEI", "tipo__descricao": "Projeto de Emenda Impositiva", "autoria": "Denilson Ligeirinho", "texto_original": "http://sapl.patydoalferes.rj.leg.br/media/sapl/public/materialegislativa/2024/306/407_2024_emenda_impositiva-_infraestrutura_-_denilson_ligeirinho_.pdf", "ementa": "Constru\u00e7\u00e3o De Bar E Banheiros Na \u00c1rea Esportiva E De Lazer No Bosque Do Recanto."}, {"id": "61", "ano": "2024", "numero": "17", "tipo__sigla": "APL", "tipo__descricao": "Anteprojeto de Lei", "autoria": "Dudu Mariotti", "texto_original": "http://sapl.patydoalferes.rj.leg.br/media/sapl/public/materialegislativa/2024/61/017_2024_anteprojeto_de_lei_no_017_2024.pdf", "ementa": "EMENTA: DISP\u00d5E SOBRE A ALTERA\u00c7\u00c3O NA LEI 2.470 DE 19 DE JULHO DE 2018 EM QUE INSTITUI O VALE FEIRA PARA OS SERVIDORES INATIVOS E PENSIONISTAS DO PATYPREVI NO \u00c2MBITO DO MUNIC\u00cdPIO DE PATY DO ALFERES E DA OUTRAS PROVID\u00caNCIAS."}, {"id": "71", "ano": "2024", "numero": "104", "tipo__sigla": "APL", "tipo__descricao": "Anteprojeto de Lei", "autoria": "Dudu Mariotti", "texto_original": "http://sapl.patydoalferes.rj.leg.br/media/sapl/public/materialegislativa/2024/71/autoriza_a_implantacao_de_balancos_e_brinquedos_para_criancas_cadeirantes_nas_pracas_de_lazer_localizadas_no_municipio_de_paty_do.pdf", "ementa": "AUTORIZA A IMPLANTA\u00c7\u00c3O DE BALAN\u00c7OS E BRINQUEDOS PARA CRIAN\u00c7AS CADEIRANTES NAS PRA\u00c7AS DE LAZER LOCALIZADAS NO MUNIC\u00cdPIO DE PATY DO ALFERES E D\u00c1 OUTRAS PROVID\u00caNCIAS."}, {"id": "88", "ano": "2024", "numero": "114", "tipo__sigla": "APL", "tipo__descricao": "Anteprojeto de Lei", "autoria": "Juliano Melo", "texto_original": "http://sapl.patydoalferes.rj.leg.br/media/sapl/public/materialegislativa/2024/88/114_2024_dispoe_sobre_a_criacao_do_programa_escola_bilingue_no_sistema_municipal_de_ensino_em_paty_do_alferes.pdf", "ementa": "disp\u00f5e sobre a cria\u00e7\u00e3o do programa \"escola bil\u00edngue\" no sistema municipal de ensino em Paty do Alferes \u2013 RJ."}, {"id": "106", "ano": "2024", "numero": "152", "tipo__sigla": "APL", "tipo__descricao": "Anteprojeto de Lei", "autoria": "Dudu Mariotti", "texto_original": "http://sapl.patydoalferes.rj.leg.br/media/sapl/public/materialegislativa/2024/106/152_2024_autoriza_o_poder_executivo_a_instituir_o_programa_de_vale_transporte_social_1.pdf", "ementa": "Autoriza o poder executivo a instituir o programa de \u201cvale transporte social\u201d, para a popula\u00e7\u00e3o de baixa renda e aos desempregados, com o objetivo de assegurar o transporte p\u00fablico coletivo gratuito no munic\u00edpio de paty do alferes e d\u00e1 outras provid\u00eancias."}, {"id": "144", "ano": "2024", "numero": "173", "tipo__sigla": "APL", "tipo__descricao": "Anteprojeto de Lei", "autoria": "Dudu Mariotti", "texto_original": "http://sapl.patydoalferes.rj.leg.br/media/sapl/public/materialegislativa/2024/144/173_2024_autoriza_o_poder_executivo_a_instituir_tarifa_zero_no_transporte_publico_no_municipio_de_paty_do_alferes_e_da_outras_providencias.pdf", "ementa": "Autoriza o poder executivo a instituir tarifa zero no transporte p\u00fablico no munic\u00edpio de paty do alferes e d\u00e1 outras provid\u00eancias."}, {"id": "189", "ano": "2024", "numero": "263", "tipo__sigla": "APL", "tipo__descricao": "Anteprojeto de Lei", "autoria": "Pedro Medeiros", "texto_original": "http://sapl.patydoalferes.rj.leg.br/media/sapl/public/materialegislativa/2024/189/263_2024_anteprojeto_de_lei_no_2024_1.pdf", "ementa": "Institui gratuidade no transporte coletivo urbano, no munic\u00edpio de paty do alferes, para pessoa acometida de transtorno mental e d\u00e1 outras provid\u00eancias"}, {"id": "204", "ano": "2024", "numero": "270", "tipo__sigla": "APL", "tipo__descricao": "Anteprojeto de Lei", "autoria": "Dudu Mariotti", "texto_original": "http://sapl.patydoalferes.rj.leg.br/media/sapl/public/materialegislativa/2024/204/270_2024_institui_o_auxilio_emergencial_manutencao_do_emprego_e_da_renda_aos_comerciantes_afetados_pelas_obras.pdf", "ementa": "institui o aux\u00edlio emergencial manuten\u00e7\u00e3o do emprego e da renda aos comerciantes afetados pelas obras no centro da cidade e d\u00e1 outras provid\u00eancias."}, {"id": "213", "ano": "2024", "numero": "294", "tipo__sigla": "APL", "tipo__descricao": "Anteprojeto de Lei", "autoria": "Dudu Mariotti", "texto_original": "http://sapl.patydoalferes.rj.leg.br/media/sapl/public/materialegislativa/2024/213/294_2024_concede_isencao_do_imposto_predial_e_territorial_urbano.pdf", "ementa": "concede isen\u00e7\u00e3o do imposto predial e territorial urbano (iptu) para o exerc\u00edcio de 2025 aos comerciantes estabelecidos na rua sebasti\u00e3o de lacerda e na pra\u00e7a pedro chaim, em virtude das obras de revitaliza\u00e7\u00e3o do centro da cidade."}, {"id": "234", "ano": "2024", "numero": "320", "tipo__sigla": "APL", "tipo__descricao": "Anteprojeto de Lei", "autoria": "Zaninho", "texto_original": "http://sapl.patydoalferes.rj.leg.br/media/sapl/public/materialegislativa/2024/234/320_2024_concede_a_isencao_de_iptu.pdf", "ementa": "Concede a isen\u00e7\u00e3o de iptu aos deficientes F\u00edsicos, deficientes mentais, portadores de s\u00edndrome de down e portadores de tea \u2013 transtorno espectro autista."}, {"id": "62", "ano": "2024", "numero": "1", "tipo__sigla": "PL", "tipo__descricao": "Projeto de Lei", "autoria": "Juliano Melo", "texto_original": "http://sapl.patydoalferes.rj.leg.br/media/sapl/public/materialegislativa/2024/62/001_2024projeto_de_lei_no_001_2024.pdf", "ementa": "D\u00e1 denomina\u00e7\u00e3o de rua alicio de souza vieira, a rua B entre os lote 07 e 20 no loteamento novo arcozelo no bairro arcozelo em paty do alferes - rj."}, {"id": "63", "ano": "2024", "numero": "23", "tipo__sigla": "PL", "tipo__descricao": "Projeto de Lei", "autoria": "Poder Executivo - PDE", "texto_original": "http://sapl.patydoalferes.rj.leg.br/media/sapl/public/materialegislativa/2024/63/mensagem_001-24_-_suplementa_fms_-_r_2.427.59325_-_incremento_mac_-_hospital_mp.pdf", "ementa": "AUTORIZA O PODER EXECUTIVO A ABRIR CR\u00c9DITO ADICIONAL SUPLEMENTAR, NO OR\u00c7AMENTO VIGENTE, NO VALOR TOTAL DE R$ 2.427.593,25 (DOIS MILH\u00d5ES, QUATROCENTOS E VINTE E SETE MIL, QUINHENTOS E NOVENTA E TR\u00caS REAIS E VINTE E CINCO CENTAVOS). PARA O FUNDO MUNICIPAL DE SA\u00daDE."}, {"id": "64", "ano": "2024", "numero": "24", "tipo__sigla": "PL", "tipo__descricao": "Projeto de Lei", "autoria": "Poder Executivo - PDE", "texto_original": "http://sapl.patydoalferes.rj.leg.br/media/sapl/public/materialegislativa/2024/64/mensagem_002-24_-_suplementa_smo_-_r_101.19826_-_altera_emenda_impositiva_559_-_wilson.pdf", "ementa": "AUTORIZA O PODER EXECUTIVO A ABRIR CR\u00c9DITO ADICIONAL ESPECIAL, NO OR\u00c7AMENTO VIGENTE, NO VALOR TOTAL DE R$ 101.198,26 (CENTO E UM MIL, CENTO E NOVENTA E OITO REAIS E VINTE E SEIS CENTAVOS). PARA SECRETARIA DE OBRAS E SERVI\u00c7OS P\u00daBLICOS."}, {"id": "65", "ano": "2024", "numero": "41", "tipo__sigla": "PL", "tipo__descricao": "Projeto de Lei", "autoria": "Julinho Juju", "texto_original": "http://sapl.patydoalferes.rj.leg.br/media/sapl/public/materialegislativa/2024/65/041_2024_-_projeto_de_lei_-_gratuidade_aos_produtores_rurais_-_festa_do_tomate_-_julinho_juju.pdf", "ementa": "DISP\u00d5E SOBRE A GRATUIDADE NA FESTA DO TOMATE PARA PRODUTORES RURAIS E SEUS PARENTES DE PRIMEIRO GRAU QUE ESTEJAM EM DIA COM SEUS TAL\u00d5ES DE PRODUTOR RURAL."}, {"id": "67", "ano": "2024", "numero": "62", "tipo__sigla": "PL", "tipo__descricao": "Projeto de Lei", "autoria": "Eurico Pinheiro Bernardes neto", "texto_original": "http://sapl.patydoalferes.rj.leg.br/media/sapl/public/materialegislativa/2024/67/mensagem_005-24_-_criacao_de_vaga_-_merendeira.pdf", "ementa": "Autoriza o poder executivo a abrir duas vagas para o cargo de merendeira, na parte permanente do quadro de pessoal, anexo i, grupo ii, da lei n\u00b0 1.520, de 23 de outubro de 2008."}, {"id": "68", "ano": "2024", "numero": "63", "tipo__sigla": "PL", "tipo__descricao": "Projeto de Lei", "autoria": "Eurico Pinheiro Bernardes neto", "texto_original": "http://sapl.patydoalferes.rj.leg.br/media/sapl/public/materialegislativa/2024/68/mensagem_006-24_-concessao_de_revisao_geral_anual_e_reajuste_salarial_-_servidores_publicos_-_2024.pdf", "ementa": "Autoriza ao poder executivo a conceder revis\u00e3o geral anual e reajuste salarial dos vencimentos dos servidores p\u00fablicos do munic\u00edpio de paty do alferes, ativos, inativos, e pensionistas e d\u00e1 outras provid\u00eancias."}, {"id": "69", "ano": "2024", "numero": "64", "tipo__sigla": "PL", "tipo__descricao": "Projeto de Lei", "autoria": "Eurico Pinheiro Bernardes neto", "texto_original": "http://sapl.patydoalferes.rj.leg.br/media/sapl/public/materialegislativa/2024/69/mensagem_007-24_-_concessao_de_revisao_geral_anual_aos_agentes_politicos_-_2024.pdf", "ementa": "Autoriza a concess\u00e3o de recomposi\u00e7\u00e3o de subs\u00eddios atrav\u00e9s da revis\u00e3o geral anual aos agentes pol\u00edticos do munic\u00edpio de paty do alferes \u2013 poder executivo e poder legislativo na forma do que disp\u00f5e o artigo 37, x \u2013 exerc\u00edcio de 2024, considerando a mesma data e o mesmo \u00edndice concedido aos servidores p\u00fablicos municipais e d\u00e1 outras provid\u00eancias."}, {"id": "79", "ano": "2024", "numero": "86", "tipo__sigla": "PL", "tipo__descricao": "Projeto de Lei", "autoria": "Edinho da Dengue", "texto_original": "http://sapl.patydoalferes.rj.leg.br/media/sapl/public/materialegislativa/2024/79/086_2024_dispoe_sobre_a_semana_da_campanha_de_orientacao_conscientizacao_combate_e_prevencao_aos_virus_.pdf", "ementa": "DISP\u00d5E SOBRE A SEMANA DA CAMPANHA DE ORIENTA\u00c7\u00c3O, CONSCIENTIZA\u00c7\u00c3O, COMBATE E PREVEN\u00c7\u00c3O AOS V\u00cdRUS DA DENGUE, CHIKUNGUNYA E ZIKA, DOEN\u00c7AS TRANSMITIDAS PELO MOSQUITO AEDES AEGYPTI NO MUNIC\u00cdPIO DE PATY DO ALFERES E D\u00c1 OUTRAS PROVID\u00caNCIAS."}, {"id": "89", "ano": "2024", "numero": "105", "tipo__sigla": "PL", "tipo__descricao": "Projeto de Lei", "autoria": "Eurico Pinheiro Bernardes neto", "texto_original": "http://sapl.patydoalferes.rj.leg.br/media/sapl/public/materialegislativa/2024/89/mensagem_011-24_-_suplementa_cultura_-_r234.87181_-_aldir_blanc.pdf", "ementa": "Autoriza o Poder Executivo a abrir Cr\u00e9dito Adicional Especial no valor total de R$ 234.871,81 (duzentos e trinta e quatro mil, oitocentos e setenta e um reais e oitenta e um centavos), para a Secretaria de Cultura e Economia Criativa."}, {"id": "85", "ano": "2024", "numero": "106", "tipo__sigla": "PL", "tipo__descricao": "Projeto de Lei", "autoria": "Eurico Pinheiro Bernardes neto", "texto_original": "http://sapl.patydoalferes.rj.leg.br/media/sapl/public/materialegislativa/2024/85/mensagem_012-24_-_suplementa_camara_-_r54.94296_-_ajuste_loa.pdf", "ementa": "Autoriza o Poder Executivo a abrir Cr\u00e9dito Adicional Suplementar no valor total de R$ 54.942,96 (cinquenta e quatro mil, novecentos e quarenta e dois reais e noventa e seis centavos), para a C\u00e2mara Municipal de Paty do Alferes."}, {"id": "86", "ano": "2024", "numero": "109", "tipo__sigla": "PL", "tipo__descricao": "Projeto de Lei", "autoria": "Mesa Diretora - MESA", "texto_original": "http://sapl.patydoalferes.rj.leg.br/media/sapl/public/materialegislativa/2024/86/mensagem_011-24_-_suplementa_cultura_-_r234.87181_-_aldir_blanc.pdf", "ementa": "Autoriza o Poder Executivo a abrir Cr\u00e9dito Adicional Especial no valor total de R$ 234.871,81 (duzentos e trinta e quatro mil, oitocentos e setenta e um reais e oitenta e um centavos), para a Secretaria de Cultura e Economia Criativa."}, {"id": "87", "ano": "2024", "numero": "113", "tipo__sigla": "PL", "tipo__descricao": "Projeto de Lei", "autoria": "Macarr\u00e3o", "texto_original": "http://sapl.patydoalferes.rj.leg.br/media/", "ementa": "D\u00e1 denomina\u00e7\u00e3o de rua Francisco Ant\u00f4nio rosa, a rua que se inicia na estrada do quilombo e se consuma na estrada Jos\u00e9 Noberto Leal, divisa de Para\u00edba do Sul e Paty do Alferes \u2013 RJ."}, {"id": "95", "ano": "2024", "numero": "121", "tipo__sigla": "PL", "tipo__descricao": "Projeto de Lei", "autoria": "Eurico Pinheiro Bernardes neto", "texto_original": "http://sapl.patydoalferes.rj.leg.br/media/sapl/public/materialegislativa/2024/95/mensagem_014-24_-_suplementa_fms_-_r_4.352.63788_-_hospital_mp.pdf", "ementa": "Autoriza o Poder Executivo a abrir Cr\u00e9dito Adicional Suplementar, por anula\u00e7\u00e3o, no valor total de R$ 4.352.637,88 (quatro milh\u00f5es, trezentos e cinquenta e dois mil, seiscentos e trinta e sete reais e oitenta e oito centavos), para o Fundo Municipal de Sa\u00fade."}, {"id": "96", "ano": "2024", "numero": "122", "tipo__sigla": "PL", "tipo__descricao": "Projeto de Lei", "autoria": "Eurico Pinheiro Bernardes neto", "texto_original": "http://sapl.patydoalferes.rj.leg.br/media/sapl/public/materialegislativa/2024/96/projeto_de_lei_-_ldo_2025.pdf", "ementa": "Projeto de Lei, que estabelece as Diretrizes Or\u00e7ament\u00e1rias para o exerc\u00edcio de 2025 (LDO-2025)"}, {"id": "107", "ano": "2024", "numero": "132", "tipo__sigla": "PL", "tipo__descricao": "Projeto de Lei", "autoria": "Macarr\u00e3o", "texto_original": "http://sapl.patydoalferes.rj.leg.br/media/sapl/public/materialegislativa/2024/107/mensagem_015-24_-_suplementa_smo_-_r_100.00000_-_secretaria_de_obras_e_servicos_publicos.pdf", "ementa": "Autoriza o Poder Executivo a abrir Cr\u00e9dito Adicional Suplementar, por excesso de arrecada\u00e7\u00e3o, no valor total de R$ 100.000,00 ( cem mil reais), para a Secretaria de Obras e Servi\u00e7os P\u00fablicos."}, {"id": "108", "ano": "2024", "numero": "133", "tipo__sigla": "PL", "tipo__descricao": "Projeto de Lei", "autoria": "Eurico Pinheiro Bernardes neto", "texto_original": "http://sapl.patydoalferes.rj.leg.br/media/", "ementa": "Autoriza o Poder Executivo a abrir Cr\u00e9dito Adicional Suplementar, por excesso prov\u00e1vel de arrecada\u00e7\u00e3o, no valor total de R$ 63.701,18 ( sessenta e tr\u00eas mil, setecentos e um reais e dezoito centavos), para a Secretaria de Obras e Servi\u00e7os P\u00fablicos."}, {"id": "109", "ano": "2024", "numero": "134", "tipo__sigla": "PL", "tipo__descricao": "Projeto de Lei", "autoria": "Eurico Pinheiro Bernardes neto", "texto_original": "http://sapl.patydoalferes.rj.leg.br/media/sapl/public/materialegislativa/2024/109/mensagem_017-24_-_suplementa_fme_-_r_4.297.25000_-_apoio_magisterio.pdf", "ementa": "Autoriza o Poder Executivo a abrir Cr\u00e9dito Adicional Especial, por anula\u00e7\u00e3o, no valor total de R$ 4.297.250,00 ( quatro milh\u00f5es, duzentos e noventa e sete mil, duzentos e cinquenta reais), para o Fundo Municipal de Educa\u00e7\u00e3o."}, {"id": "110", "ano": "2024", "numero": "144", "tipo__sigla": "PL", "tipo__descricao": "Projeto de Lei", "autoria": "Eurico Pinheiro Bernardes neto", "texto_original": "http://sapl.patydoalferes.rj.leg.br/media/sapl/public/materialegislativa/2024/110/mensagem_018-24_-_suplementa_fms_-_r_2.427.59325_-_incremento_mac.pdf", "ementa": "Autoriza o Poder Executivo a abrir Cr\u00e9dito Adicional Suplementar, por excesso de arrecada\u00e7\u00e3o, no valor total de R$ 2.427.593,25 (dois milh\u00f5es, quatrocentos e vinte e sete mil, quinhentos e noventa e tr\u00eas reais e vinte e cinco centavos), para o Fundo Municipal de Sa\u00fade."}, {"id": "111", "ano": "2024", "numero": "153", "tipo__sigla": "PL", "tipo__descricao": "Projeto de Lei", "autoria": "Eurico Pinheiro Bernardes neto", "texto_original": "http://sapl.patydoalferes.rj.leg.br/media/sapl/public/materialegislativa/2024/111/mensagem_019-24_-_regularizacao_de_obras.pdf", "ementa": "Concede prazo para legaliza\u00e7\u00e3o de constru\u00e7\u00e3o em desacordo com o disposto no c\u00f3digo municipal de obras de paty do alferes e d\u00e1 outras provid\u00eancias."}, {"id": "112", "ano": "2024", "numero": "156", "tipo__sigla": "PL", "tipo__descricao": "Projeto de Lei", "autoria": "Eurico Pinheiro Bernardes neto", "texto_original": "http://sapl.patydoalferes.rj.leg.br/media/", "ementa": "Disp\u00f5e sobre o regime de adiantamento de que trata o art.68, da lei federal n\u00ba4.320 de 17 de mar\u00e7o de 1964, no \u00e2mbito do munic\u00edpio de Paty do Alferes."}, {"id": "125", "ano": "2024", "numero": "168", "tipo__sigla": "PL", "tipo__descricao": "Projeto de Lei", "autoria": "Eurico Pinheiro Bernardes neto", "texto_original": "http://sapl.patydoalferes.rj.leg.br/media/sapl/public/materialegislativa/2024/125/mensagem_021-24_-_altera_codigo_de_parcelamento_-_art_25_-_caput_-_nova_redacao.pdf", "ementa": "Altera a reda\u00e7\u00e3o do caput do artigo 25 da lei complementar n\u00ba 05, de 10 de julho de 1996, que criou o c\u00f3digo de parcelamento do solo para fins urbanos no munic\u00edpio de paty do alferes."}, {"id": "126", "ano": "2024", "numero": "169", "tipo__sigla": "PL", "tipo__descricao": "Projeto de Lei", "autoria": "Rominho", "texto_original": "http://sapl.patydoalferes.rj.leg.br/media/sapl/public/materialegislativa/2024/126/169_2024_modifica_criterio_de_gabarito_no_municipio_de_paty_do_alferes_que_especifica_e_da_outras_providencias..pdf", "ementa": "Modifica crit\u00e9rio de gabarito no munic\u00edpio de Paty do Alferes que especifica e d\u00e1 outras provid\u00eancias."}, {"id": "155", "ano": "2024", "numero": "206", "tipo__sigla": "PL", "tipo__descricao": "Projeto de Lei", "autoria": "Eurico Pinheiro Bernardes neto", "texto_original": "http://sapl.patydoalferes.rj.leg.br/media/sapl/public/materialegislativa/2024/155/mensagem_032-24_-_suplementa_fms_-r_1.866.04432_-_excesso_icms.pdf", "ementa": "Autoriza o poder executivo a abrir cr\u00e9dito adicional suplementar, no or\u00e7amento vigente, no valor total de R$ 1.866.044,32 (um milh\u00e3o, oitocentos e sessenta e seis mil, quarenta e quatro reais e trinta e dois centavos)."}, {"id": "156", "ano": "2024", "numero": "207", "tipo__sigla": "PL", "tipo__descricao": "Projeto de Lei", "autoria": "Eurico Pinheiro Bernardes neto", "texto_original": "http://sapl.patydoalferes.rj.leg.br/media/sapl/public/materialegislativa/2024/156/mensagem_031-24_-_suplementa_fme_-r_6.750.04034_-_excesso_fpm_e_fundeb.pdf", "ementa": "Autoriza o poder executivo a abrir cr\u00e9dito adicional suplementar, no or\u00e7amento vigente, no valor total de R$ 6.750.040,34 (seis milh\u00f5es, setecentos e cinquenta mil, quarenta reais e trinta e quatro centavos)."}, {"id": "157", "ano": "2024", "numero": "208", "tipo__sigla": "PL", "tipo__descricao": "Projeto de Lei", "autoria": "Eurico Pinheiro Bernardes neto", "texto_original": "http://sapl.patydoalferes.rj.leg.br/media/sapl/public/materialegislativa/2024/157/mensagem_030-24_-_suplementa_diversos_-_r_5.249.46823_-_excesso_ir_e_iss.pdf", "ementa": "Autoriza o poder executivo a abrir cr\u00e9dito adicional suplementar, no or\u00e7amento vigente, no valor total de R$ 5.249.468,23 (cinco milh\u00f5es, duzentos e quarenta e nove mil, quatrocentos e sessenta e oito reais e vinte e tr\u00eas centavos)."}, {"id": "158", "ano": "2024", "numero": "209", "tipo__sigla": "PL", "tipo__descricao": "Projeto de Lei", "autoria": "Eurico Pinheiro Bernardes neto", "texto_original": "http://sapl.patydoalferes.rj.leg.br/media/sapl/public/materialegislativa/2024/158/mensagem_033-24_-_suplementa_fms_-r_3.053.56702_-_excesso_fundo_a_fundo_sus.pdf", "ementa": "Autoriza o poder executivo a abrir cr\u00e9dito adicional suplementar, no or\u00e7amento vigente, no valor total de R$ 3.053.567,02 (tr\u00eas milh\u00f5es, cinquenta e tr\u00eas mil, quinhentos e sessenta e sete reais e dois centavos)."}, {"id": "169", "ano": "2024", "numero": "226", "tipo__sigla": "PL", "tipo__descricao": "Projeto de Lei", "autoria": "Eurico Pinheiro Bernardes neto", "texto_original": "http://sapl.patydoalferes.rj.leg.br/media/sapl/public/materialegislativa/2024/169/mensagem_034-24_-_saude_-_institui_inc._de_financeiro_de_qualidade_-_esf_-_esb_-_proc_4981-24.pdf", "ementa": "Disp\u00f5e sobre a institui\u00e7\u00e3o de incentivo vari\u00e1vel por desempenho do componente de qualidade do cofinanciamento federal do piso de aten\u00e7\u00e3o prim\u00e1ria \u00e0 sa\u00fade no munic\u00edpio."}, {"id": "170", "ano": "2024", "numero": "227", "tipo__sigla": "PL", "tipo__descricao": "Projeto de Lei", "autoria": "Eurico Pinheiro Bernardes neto", "texto_original": "http://sapl.patydoalferes.rj.leg.br/media/sapl/public/materialegislativa/2024/170/mensagem_035-24_-_cria_3_vagas_acs_-_agente_comunitario_de_saude_-_proc_2718_e_2719-24.pdf", "ementa": "Autoriza o poder executivo a criar 03 (tr\u00eas) vagas para o cargo de agente comunit\u00e1rio de sa\u00fade, institu\u00eddo pela lei n\u00b0 1.754, de 20 de julho de 2011."}, {"id": "171", "ano": "2024", "numero": "228", "tipo__sigla": "PL", "tipo__descricao": "Projeto de Lei", "autoria": "Eurico Pinheiro Bernardes neto", "texto_original": "http://sapl.patydoalferes.rj.leg.br/media/sapl/public/materialegislativa/2024/171/mensagem_036-24_-_cria_vaga_para_saude_-_proc_2716-24_-_tec_enfermagem_-_saude_mental.pdf", "ementa": "Autoriza o poder executivo a abrir 01 (uma) vaga para o cargo de t\u00e9cnico de enfermagem \u201cb\u201d \u2013 sa\u00fade mental, na parte permanente do quadro de pessoal, anexo i, grupo ocupacional ix, da lei n\u00b0 1.520 de 23 de setembro de 2008."}, {"id": "172", "ano": "2024", "numero": "229", "tipo__sigla": "PL", "tipo__descricao": "Projeto de Lei", "autoria": "Eurico Pinheiro Bernardes neto", "texto_original": "http://sapl.patydoalferes.rj.leg.br/media/sapl/public/materialegislativa/2024/172/mensagem_037-24_-_pgm_-_honorarios_de_sucumbencia.pdf", "ementa": "Disp\u00f5e sobre a distribui\u00e7\u00e3o dos honor\u00e1rios advocat\u00edcios entre os advogados p\u00fablicos do munic\u00edpio de paty do alferes, conforme previs\u00e3o do \u00a7 19, do art. 85 da lei federal n\u00ba 13.105 \u2013 c\u00f3digo de processo civil, de 16 de mar\u00e7o de 2015, e d\u00e1 outras provid\u00eancias."}, {"id": "173", "ano": "2024", "numero": "230", "tipo__sigla": "PL", "tipo__descricao": "Projeto de Lei", "autoria": "Eurico Pinheiro Bernardes neto", "texto_original": "http://sapl.patydoalferes.rj.leg.br/media/sapl/public/materialegislativa/2024/173/mensagem_038-24_-_pgm_-_reestruturacao_administrativa.pdf", "ementa": "Disp\u00f5e sobre a estrutura, funcionamento e organiza\u00e7\u00e3o da procuradoria geral do munic\u00edpio \u2013 PGM bem como define os cargos e suas atribui\u00e7\u00f5es e d\u00e1 outras provid\u00eancias"}, {"id": "174", "ano": "2024", "numero": "231", "tipo__sigla": "PL", "tipo__descricao": "Projeto de Lei", "autoria": "Eurico Pinheiro Bernardes neto", "texto_original": "http://sapl.patydoalferes.rj.leg.br/media/sapl/public/materialegislativa/2024/174/mensagem_039-24_-_suplementa_fms_-r_1.296.14800_-_anulacao.pdf", "ementa": "Autoriza o poder executivo a abrir cr\u00e9dito adicional especial, no or\u00e7amento vigente, no valor total de R$ 1.296.148,00 (um milh\u00e3o, duzentos e noventa e seis mil, cento e quarenta e oito reais)."}, {"id": "175", "ano": "2024", "numero": "232", "tipo__sigla": "PL", "tipo__descricao": "Projeto de Lei", "autoria": "Eurico Pinheiro Bernardes neto", "texto_original": "http://sapl.patydoalferes.rj.leg.br/media/sapl/public/materialegislativa/2024/175/mensagem_040-24_-_suplementa_sma_-r_50.00000_-_concurso.pdf", "ementa": "Autoriza o poder executivo a abrir cr\u00e9dito adicional especial, no or\u00e7amento vigente, no valor total de R$ 50.000,00 (cinquenta mil reais)."}, {"id": "178", "ano": "2024", "numero": "240", "tipo__sigla": "PL", "tipo__descricao": "Projeto de Lei", "autoria": "Eurico Pinheiro Bernardes neto", "texto_original": "http://sapl.patydoalferes.rj.leg.br/media/sapl/public/materialegislativa/2024/178/mensagem_041-24_-_social_-_contratacao_de_01_ofic_recreacao_-_excep_interesse_-_proc_5138-24.pdf", "ementa": "Autoriza ao poder executivo a contratar 01 (um) cargo de facilitador de oficina de recrea\u00e7\u00e3o para atender, em car\u00e1ter tempor\u00e1rio, em excepcional interesse p\u00fablico, para atua\u00e7ao na secretaria municipal de desenvolvimento social, direitos humanos e habita\u00e7\u00e3o."}, {"id": "179", "ano": "2024", "numero": "241", "tipo__sigla": "PL", "tipo__descricao": "Projeto de Lei", "autoria": "Eurico Pinheiro Bernardes neto", "texto_original": "http://sapl.patydoalferes.rj.leg.br/media/sapl/public/materialegislativa/2024/179/mensagem_042-24_-_suplementa_smo_-_r_3.121.36043_-_cef_pavimentacao.pdf", "ementa": "Autoriza o poder executivo a abrir cr\u00e9dito adicional especial no or\u00e7amento vigente no valor total de R$ 3.121.360,43 (tr\u00eas milh\u00f5es, cento e vinte e um mil, trezentos e sessenta reais e quarenta e tr\u00eas centavos)."}, {"id": "186", "ano": "2024", "numero": "251", "tipo__sigla": "PL", "tipo__descricao": "Projeto de Lei", "autoria": "Pedro Medeiros", "texto_original": "http://sapl.patydoalferes.rj.leg.br/media/sapl/public/materialegislativa/2024/186/251_2024_projeto_de_lei_no_251_2024.pdf", "ementa": "Reconhece como essencial a pr\u00e1tica esportiva orientada por profissionais da educa\u00e7\u00e3o f\u00edsica, bem como academias, studios fitness e d\u00e1 outras provid\u00eancias."}, {"id": "190", "ano": "2024", "numero": "257", "tipo__sigla": "PL", "tipo__descricao": "Projeto de Lei", "autoria": "Eurico Pinheiro Bernardes neto", "texto_original": "http://sapl.patydoalferes.rj.leg.br/media/", "ementa": "Autoriza o poder executivo a abrir cr\u00e9dito adicional especial, no or\u00e7amento vigente, no valor total de R$ 50.000,00 (cinquenta mil reais)."}, {"id": "191", "ano": "2024", "numero": "258", "tipo__sigla": "PL", "tipo__descricao": "Projeto de Lei", "autoria": "Eurico Pinheiro Bernardes neto", "texto_original": "http://sapl.patydoalferes.rj.leg.br/media/sapl/public/materialegislativa/2024/191/mensagem_045-24_-_suplementa_fms_-r_101.19826_-_ei_527.pdf", "ementa": "Autoriza o poder executivo a abrir cr\u00e9dito adicional especial, no or\u00e7amento vigente, no valor total de R$ 101.198,26 (cento e um mil, cento e noventa e oito reais e vinte e seis centavos)."}, {"id": "192", "ano": "2024", "numero": "259", "tipo__sigla": "PL", "tipo__descricao": "Projeto de Lei", "autoria": "Eurico Pinheiro Bernardes neto", "texto_original": "http://sapl.patydoalferes.rj.leg.br/media/sapl/public/materialegislativa/2024/192/mensagem_046-24_-_suplementa_smo_-r_1.761.02654_-_remuneracao_bancaria.pdf", "ementa": "Autoriza o poder executivo a abrir cr\u00e9dito adicional suplementar, no or\u00e7amento vigente, no valor total de r$ 1.761.026,54 (um milh\u00e3o, setecentos e sessenta e um mil, vinte e seis reais e cinquenta e quatro centavos)."}, {"id": "193", "ano": "2024", "numero": "260", "tipo__sigla": "PL", "tipo__descricao": "Projeto de Lei", "autoria": "Eurico Pinheiro Bernardes neto", "texto_original": "http://sapl.patydoalferes.rj.leg.br/media/", "ementa": "Autoriza o poder executivo a abrir cr\u00e9dito adicional suplementar, no or\u00e7amento vigente, no valor total de R$ 1.359.537,52 (um milh\u00e3o, trezentos e cinquenta e nove mil, quinhentos e trinta e sete reais e cinquenta e dois centavos)."}, {"id": "194", "ano": "2024", "numero": "261", "tipo__sigla": "PL", "tipo__descricao": "Projeto de Lei", "autoria": "Eurico Pinheiro Bernardes neto", "texto_original": "http://sapl.patydoalferes.rj.leg.br/media/sapl/public/materialegislativa/2024/194/mensagem_048-24_-_suplementa_fme_-_r_137.86200_-_pnae.pdf", "ementa": "Autoriza o poder executivo a abrir cr\u00e9dito adicional suplementar, no or\u00e7amento vigente, no valor total de R$ 137.862,00 (cento e trinta e sete mil, oitocentos e sessenta e dois reais)."}, {"id": "195", "ano": "2024", "numero": "262", "tipo__sigla": "PL", "tipo__descricao": "Projeto de Lei", "autoria": "Eurico Pinheiro Bernardes neto", "texto_original": "http://sapl.patydoalferes.rj.leg.br/media/sapl/public/materialegislativa/2024/195/mensagem_049-24_-_suplementa_fms_-r_1.198.20260_-_sus_pahi.pdf", "ementa": "Autoriza o poder executivo a abrir cr\u00e9dito adicional suplementar, no or\u00e7amento vigente, no valor total de R$ 1.198.202,60 (um milh\u00e3o, cento e noventa e oito mil, duzentos e dois reais e sessenta centavos)."}, {"id": "208", "ano": "2024", "numero": "284", "tipo__sigla": "PL", "tipo__descricao": "Projeto de Lei", "autoria": "Pedro Medeiros", "texto_original": "http://sapl.patydoalferes.rj.leg.br/media/sapl/public/materialegislativa/2024/208/284_2024_declara_como_patrimonio_cultural_imaterial_do_municipio_de_paty_do_alferes_a_folia_de_reis.pdf", "ementa": "Declara como patrom\u00f4nio cultural imaterial  do munic\u00edpio de paty do alferes a Folia de Reis."}, {"id": "214", "ano": "2024", "numero": "289", "tipo__sigla": "PL", "tipo__descricao": "Projeto de Lei", "autoria": "Eurico Pinheiro Bernardes neto", "texto_original": "http://sapl.patydoalferes.rj.leg.br/media/sapl/public/materialegislativa/2024/214/mensagem_043-24_-_altera_lei_1.519-08_-_estatuto_-_real._concurso.pdf", "ementa": "Altera dispositivo da lei n\u00ba 1.519, de 19 de setembro de 2008, que disp\u00f5e sobre o estatuto dos servidores p\u00fablicos da administra\u00e7\u00e3o direta, aut\u00e1rquica e fundacional do munic\u00edpio de paty do alferes."}, {"id": "216", "ano": "2024", "numero": "290", "tipo__sigla": "PL", "tipo__descricao": "Projeto de Lei", "autoria": "Eurico Pinheiro Bernardes neto", "texto_original": "http://sapl.patydoalferes.rj.leg.br/media/sapl/public/materialegislativa/2024/216/mensagem_050-24_-_suplementa_smo_-r_2.435.79200_-_emenda_dep._aureo.pdf", "ementa": "Autoriza o poder executivo a abrir cr\u00e9dito adicional suplementar, no or\u00e7amento vigente, no valor total de r$ 2.435.792,00 (dois milh\u00f5es, quatrocentos e trinta e cinco mil, setecentos e noventa e dois reais)."}, {"id": "217", "ano": "2024", "numero": "291", "tipo__sigla": "PL", "tipo__descricao": "Projeto de Lei", "autoria": "Eurico Pinheiro Bernardes neto", "texto_original": "http://sapl.patydoalferes.rj.leg.br/media/sapl/public/materialegislativa/2024/217/mensagem_051-24_-_suplementa_fms_-r_210.81500_-_fundo_a_fundo_1.pdf", "ementa": "Autoriza o poder executivo a abrir cr\u00e9dito adicional suplementar, no or\u00e7amento vigente, no valor total de r$ 210.815,00 (duzentos e dez mil, oitocentos e quinze reais)."}, {"id": "218", "ano": "2024", "numero": "292", "tipo__sigla": "PL", "tipo__descricao": "Projeto de Lei", "autoria": "Eurico Pinheiro Bernardes neto", "texto_original": "http://sapl.patydoalferes.rj.leg.br/media/", "ementa": "Autoriza ao poder executivo a contratar por prazo determinado, os profissionais que especifica, em car\u00e1ter excepcional, de interesse p\u00fablico, com v\u00ednculo \u00e0 dota\u00e7\u00e3o or\u00e7ament\u00e1ria pr\u00f3pria de acordo com a portaria mds n\u00ba 871, de 29 de mar\u00e7o de 2023 \u2013 programa de fortalecimento emergencial do atendimento do cadastro \u00fanico no sistema \u00fanico da assist\u00eancia social e d\u00e1 outras provid\u00eancias."}, {"id": "219", "ano": "2024", "numero": "293", "tipo__sigla": "PL", "tipo__descricao": "Projeto de Lei", "autoria": "S\u00e9rgio Sabi\u00e1", "texto_original": "http://sapl.patydoalferes.rj.leg.br/media/sapl/public/materialegislativa/2024/219/293_2024_-_denominacao_de_quadra_antonio_marques.pdf", "ementa": "D\u00e1 denomina\u00e7\u00e3o de quadra poliesportiva ant\u00f4nio marques, \u00e0 quadra poliesportiva situada na rua oswaldo de souza adra, no bairro granja calif\u00f3rnia, munic\u00edpio de paty do alferes \u2013 rj."}, {"id": "228", "ano": "2024", "numero": "300", "tipo__sigla": "PL", "tipo__descricao": "Projeto de Lei", "autoria": "Julinho Juju", "texto_original": "http://sapl.patydoalferes.rj.leg.br/media/sapl/public/materialegislativa/2024/228/300_2024_-_projeto_de_lei_institui_o_atendimento_prioritario_para_as_pessoas_com_transtorno_do_espectro_autista_.pdf", "ementa": "Institui o atendimento priorit\u00e1rio para as pessoas com transtorno do espectro autista nos estabelecimentos p\u00fablicos e privados de paty do alferes."}, {"id": "226", "ano": "2024", "numero": "307", "tipo__sigla": "PL", "tipo__descricao": "Projeto de Lei", "autoria": "Eurico Pinheiro Bernardes neto", "texto_original": "http://sapl.patydoalferes.rj.leg.br/media/sapl/public/materialegislativa/2024/226/mensagem_053-24_-_planejamento_-_padronizacao_de_letreiros.pdf", "ementa": "Estabelece a obrigatoriedade de padroniza\u00e7\u00e3o dos letreiros nos estabelecimentos situados na rua Sebasti\u00e3o de Lacerda e d\u00e1 outras provid\u00eancias."}, {"id": "227", "ano": "2024", "numero": "310", "tipo__sigla": "PL", "tipo__descricao": "Projeto de Lei", "autoria": "Rominho", "texto_original": "http://sapl.patydoalferes.rj.leg.br/media/sapl/public/materialegislativa/2024/227/310_2024_pl_poda_de_arvores_-_rominho_e_zaninho.pdf", "ementa": "estabelece limites para o plantio de \u00e1rvores ex\u00f3ticas e nativas pr\u00f3ximo \u00e0 rede de distribui\u00e7\u00e3o de energia el\u00e9trica e d\u00e1 outras provid\u00eancias."}, {"id": "232", "ano": "2024", "numero": "315", "tipo__sigla": "PL", "tipo__descricao": "Projeto de Lei", "autoria": "Denilson Ligeirinho", "texto_original": "http://sapl.patydoalferes.rj.leg.br/media/", "ementa": "DECLARA COMO PATRIM\u00d4NIO IMATERIAL DO MUNIC\u00cdPIO DE PATY DO ALFERES OS JOGOS ESPORTIVOS DE PATY DO ALFERES (JESPA).\r\n\r\nFA\u00c7O SABER que a C\u00e2mara Municipal de Paty do Alferes aprovou e eu sanciono e promulgo a seguinte:\r\nL E I:\r\n\r\nArt. 1\u00ba. Fica declarado como Patrim\u00f4nio de Natureza Imaterial do Munic\u00edpio de Paty do Alferes, os Jogos Esportivos de Paty Do Alferes (JESPA).\r\n\r\nArt. 2\u00ba. O JESPA, como Patrim\u00f4nio Imaterial, ser\u00e1 protegido, incentivado e promovido pelo poder p\u00fablico municipal, garantindo sua continuidade e preserva\u00e7\u00e3o como manifesta\u00e7\u00e3o cultural e esportiva.\r\n\r\nArt. 3\u00b0. Para os fins do disposto nesta Lei, o Poder Executivo do Munic\u00edpio de Paty do Alferes proceder\u00e1 os registros necess\u00e1rios em livro pr\u00f3prio do \u00f3rg\u00e3o competente.\r\n\r\nArt. 4\u00b0. Esta Lei entra em vigor na data de sua publica\u00e7\u00e3o, revogadas as disposi\u00e7\u00f5es em contr\u00e1rio."}, {"id": "233", "ano": "2024", "numero": "316", "tipo__sigla": "PL", "tipo__descricao": "Projeto de Lei", "autoria": "Denilson Ligeirinho", "texto_original": "http://sapl.patydoalferes.rj.leg.br/media/sapl/public/materialegislativa/2024/233/316_2024_da_denominacao_de_fabio_ferreira_gomes_duboc.pdf", "ementa": "D\u00e1 denomina\u00e7\u00e3o de F\u00e1bio Ferreira Gomes Duboc, a rua que se inicia em frente a esta\u00e7\u00e3o da igu\u00e1 (antiga cedae) na RJ-123 (estrada avelar/vista alegre) subindo em dire\u00e7\u00e3o ao cemit\u00e9rio e do seu lado esquerdo contornando as terras do sr. Sergio Gomes duboc e terminando na RJ-123 em Avelar/Paty do Alferes-RJ."}, {"id": "238", "ano": "2024", "numero": "324", "tipo__sigla": "PL", "tipo__descricao": "Projeto de Lei", "autoria": "Eurico Pinheiro Bernardes neto", "texto_original": "http://sapl.patydoalferes.rj.leg.br/media/sapl/public/materialegislativa/2024/238/mensagem_054-24_-_suplementa_obras_-_r_182.39652-_emenda_impositiva_548-549-554-555-556-23.pdf", "ementa": "Autoriza o Poder Executivo a abrir Cr\u00e9dito Adicional Especial, no valor total de R$ 182.396,52 (cento e oitenta e dois mil, trezentos e noventa e seis reais e cinquenta e dois centavos), para a Secretaria de Obras e Servi\u00e7os P\u00fablicos."}, {"id": "239", "ano": "2024", "numero": "328", "tipo__sigla": "PL", "tipo__descricao": "Projeto de Lei", "autoria": "Eurico Pinheiro Bernardes neto", "texto_original": "http://sapl.patydoalferes.rj.leg.br/media/sapl/public/materialegislativa/2024/239/mensagem_055-24_-_suplementa_fms_-_r_377.11985_-_royalties_-_hospital_mp.pdf", "ementa": "Autoriza o Poder Executivo a abrir Cr\u00e9dito Adicional Suplementar, por excesso prov\u00e1vel de arrecada\u00e7\u00e3o, no valor total de R$ 377.119,85 (trezentos e setenta e sete mil, cento e dezenove reais e oitenta e cinco centavos), para o Fundo Municipal de Sa\u00fade."}, {"id": "240", "ano": "2024", "numero": "329", "tipo__sigla": "PL", "tipo__descricao": "Projeto de Lei", "autoria": "Eurico Pinheiro Bernardes neto", "texto_original": "http://sapl.patydoalferes.rj.leg.br/media/sapl/public/materialegislativa/2024/240/mensagem_057-24_-_projeto_condominio_rural.pdf", "ementa": "Autoriza o poder executivo a aprovar projetos de condom\u00ednio horizontal de lotes residenciais, em \u00e1rea rural e d\u00e1 outras provid\u00eancias."}, {"id": "215", "ano": "2024", "numero": "330", "tipo__sigla": "PL", "tipo__descricao": "Projeto de Lei", "autoria": "Eurico Pinheiro Bernardes neto", "texto_original": "http://sapl.patydoalferes.rj.leg.br/media/sapl/public/materialegislativa/2024/215/mensagem_043-24_-_altera_lei_1.519-08_-_estatuto_-_real._concurso.pdf", "ementa": "Altera dispositivo da lei n\u00ba 1.519, de 19 de setembro de 2008, que disp\u00f5e sobre o estatuto dos servidores p\u00fablicos da administra\u00e7\u00e3o direta, aut\u00e1rquica e fundacional do munic\u00edpio de paty do alferes."}, {"id": "246", "ano": "2024", "numero": "333", "tipo__sigla": "PL", "tipo__descricao": "Projeto de Lei", "autoria": "Macarr\u00e3o", "texto_original": "http://sapl.patydoalferes.rj.leg.br/media/sapl/public/materialegislativa/2024/246/333_2024_da_denominacao_de_quadra_poliesportiva_jose_alfredo_rosa_de_azevedo_a_quadra_poliesportiva.pdf", "ementa": "D\u00e1 denomina\u00e7\u00e3o de quadra poliesportiva Jos\u00e9 Alfredo Rosa de Azevedo, \u00e0 quadra poliesportiva situada na estrada do retiro, n\u00ba 155, no bairro vista alegre, munic\u00edpio de Paty do Alferes \u2013 RJ."}, {"id": "248", "ano": "2024", "numero": "338", "tipo__sigla": "PL", "tipo__descricao": "Projeto de Lei", "autoria": "Pedro Medeiros", "texto_original": "http://sapl.patydoalferes.rj.leg.br/media/sapl/public/materialegislativa/2024/248/338_2024_institui_a_obrigatoriedade_de_sessao_de_cinema_adaptada_a_criancas_com_transtorno_do_espectro_autista_e_suas_familias..pdf", "ementa": "Institui a obrigatoriedade de sess\u00f5es de cinema adaptadas para crian\u00e7as com transtorno do espectro autista e suas fam\u00edlias, em sess\u00f5es promovidas pelo poder p\u00fablico ou em parceria com iniciativas conveniadas."}, {"id": "250", "ano": "2024", "numero": "341", "tipo__sigla": "PL", "tipo__descricao": "Projeto de Lei", "autoria": "Eurico Pinheiro Bernardes neto", "texto_original": "http://sapl.patydoalferes.rj.leg.br/media/", "ementa": "Estima a receita e fixa a despesa para o or\u00e7amento do exerc\u00edcio financeiro de 2025 - LOA 2025"}, {"id": "251", "ano": "2024", "numero": "342", "tipo__sigla": "PL", "tipo__descricao": "Projeto de Lei", "autoria": "Eurico Pinheiro Bernardes neto", "texto_original": "http://sapl.patydoalferes.rj.leg.br/media/sapl/public/materialegislativa/2024/251/mensagem_059-24_-_lei_revisao_ppa_2025.pdf", "ementa": "Disp\u00f5e sobre a revis\u00e3o anual do plano plurianual para o per\u00edodo 2022/2025 - lei n\u00ba 2.839 de 27 de dezembro de 2021."}, {"id": "252", "ano": "2024", "numero": "344", "tipo__sigla": "PL", "tipo__descricao": "Projeto de Lei", "autoria": "Eurico Pinheiro Bernardes neto", "texto_original": "http://sapl.patydoalferes.rj.leg.br/media/sapl/public/materialegislativa/2024/252/mensagem_060-24_-_suplementa_obras_-_r_291.33229_-_cosip.pdf", "ementa": "Autoriza o Poder Executivo a abrir Cr\u00e9dito Adicional Suplementar, por excesso prov\u00e1vel de arrecada\u00e7\u00e3o, no valor total de R$ 291.332,29 (duzentos e noventa e um mil, trezentos e trinta e dois reais e vinte e nove centavos), para a Secretaria de Obras e Servi\u00e7os P\u00fablicos.\u201d"}, {"id": "253", "ano": "2024", "numero": "347", "tipo__sigla": "PL", "tipo__descricao": "Projeto de Lei", "autoria": "Denilson Ligeirinho", "texto_original": "http://sapl.patydoalferes.rj.leg.br/media/sapl/public/materialegislativa/2024/253/347_2024_da_denominacao_de_parque_infantil_estevao_brunes_dias_na_mario_koef_bairro_arcozelo_munic_de_paty_do_alferes__rj1.pdf", "ementa": "D\u00e1 denomina\u00e7\u00e3o de parque infantil estev\u00e3o brunes dias, o parque infantil de arcozelo situado na rua dr. Mario kroeff, no bairro arcozelo, munic\u00edpio de paty do alferes \u2013 rj."}, {"id": "254", "ano": "2024", "numero": "348", "tipo__sigla": "PL", "tipo__descricao": "Projeto de Lei", "autoria": "Mesa Diretora - MESA", "texto_original": "http://sapl.patydoalferes.rj.leg.br/media/sapl/public/materialegislativa/2024/254/348_2024_projeto_de_lei_-_fixa_os_subsidios_dos_vereadores_-_2025-2028.pdf", "ementa": "fixa os subs\u00eddios dos vereadores para a legislatura que se inicia em 2025 e d\u00e1 outras provid\u00eancias."}, {"id": "255", "ano": "2024", "numero": "349", "tipo__sigla": "PL", "tipo__descricao": "Projeto de Lei", "autoria": "Mesa Diretora - MESA", "texto_original": "http://sapl.patydoalferes.rj.leg.br/media/sapl/public/materialegislativa/2024/255/349_2024_projeto_de_lei_-_fixa_os_subsidios_do_prefeito_-_2025-2028.pdf", "ementa": "fixa os subs\u00eddios do prefeito, do vice-prefeito e dos secret\u00e1rios municipais para o mandato de 2025 \u00e0 2028 e d\u00e1 outras provid\u00eancias."}, {"id": "259", "ano": "2024", "numero": "356", "tipo__sigla": "PL", "tipo__descricao": "Projeto de Lei", "autoria": "", "texto_original": "http://sapl.patydoalferes.rj.leg.br/media/sapl/public/materialegislativa/2024/259/356_2024_da_denominacao_de_quadra_joao_alberto_da_silva_a_quadra_da_escola_municipal_jose_pereira_da_silva_situada_na_estrada_da_capivara_bairro_capivara_m.docx", "ementa": "D\u00c1 DENOMINA\u00c7\u00c3O DE QUADRA JO\u00c3O ALBERTO DA SILVA, A QUADRA DA ESCOLA MUNICIPAL JOS\u00c9 PEREIRA DA SILVA, SITUADA NA ESTRADA DA CAPIVARA, BAIRRO CAPIVARA, MUNIC\u00cdPIO DE PATY DO ALFERES \u2013 RJ."}, {"id": "272", "ano": "2024", "numero": "363", "tipo__sigla": "PL", "tipo__descricao": "Projeto de Lei", "autoria": "Eurico Pinheiro Bernardes neto", "texto_original": "http://sapl.patydoalferes.rj.leg.br/media/sapl/public/materialegislativa/2024/272/mensagem_061-24_-_suplementa_diversos_-_r_5.389.96888_-_pessoal.pdf", "ementa": "Autoriza o Poder Executivo a abrir Cr\u00e9dito Adicional Suplementar, por excesso prov\u00e1vel de arrecada\u00e7\u00e3o, no valor total de R$ 5.389.968,88 (cinco milh\u00f5es, trezentos e oitenta e nove mil, novecentos e sessenta e oito reais e oitenta e oito centavos), para a Secretaria de Administra\u00e7\u00e3o, Fazenda, Planejamento, Obras e Servi\u00e7os P\u00fablicos, Agricultura, Ordem P\u00fablica e Gabinete do Prefeito."}, {"id": "273", "ano": "2024", "numero": "364", "tipo__sigla": "PL", "tipo__descricao": "Projeto de Lei", "autoria": "Eurico Pinheiro Bernardes neto", "texto_original": "http://sapl.patydoalferes.rj.leg.br/media/sapl/public/materialegislativa/2024/273/mensagem_062-24_-_suplementa_fms_-_r_1.035.822374_-_pessoal.pdf", "ementa": "Autoriza o Poder Executivo a abrir Cr\u00e9dito Adicional Suplementar, por excesso prov\u00e1vel de arrecada\u00e7\u00e3o, no valor total de R$ 1.035.822,74 (um milh\u00e3o, trinta e cinco mil, oitocentos e vinte e dois reais e setenta e quatro centavos), para o Fundo Municipal de Sa\u00fade."}, {"id": "274", "ano": "2024", "numero": "368", "tipo__sigla": "PL", "tipo__descricao": "Projeto de Lei", "autoria": "Eurico Pinheiro Bernardes neto", "texto_original": "http://sapl.patydoalferes.rj.leg.br/media/sapl/public/materialegislativa/2024/274/mensagem_063-24_-_suplementa_fms_-_r_432.43607_-_hospital_royalties.pdf", "ementa": "Autoriza o Poder Executivo a abrir Cr\u00e9dito Adicional Suplementar, por excesso prov\u00e1vel de arrecada\u00e7\u00e3o, no valor total de R$ 432.436,07 (quatrocentos e trinta e dois mil, quatrocentos e trinta e seis reais e sete centavos), para o Fundo Municipal de Sa\u00fade."}, {"id": "275", "ano": "2024", "numero": "369", "tipo__sigla": "PL", "tipo__descricao": "Projeto de Lei", "autoria": "Eurico Pinheiro Bernardes neto", "texto_original": "http://sapl.patydoalferes.rj.leg.br/media/sapl/public/materialegislativa/2024/275/mensagem_064-24_-_suplementa_fme_-_r_699.49865_-_royalties.pdf", "ementa": "Autoriza o Poder Executivo a abrir Cr\u00e9dito Adicional Suplementar, por excesso prov\u00e1vel de arrecada\u00e7\u00e3o, no valor total de R$ 699.498,65 (seiscentos e noventa e nove mil, quatrocentos e noventa e oito reais e sessenta e cinco centavos), para o Fundo Municipal de Educa\u00e7\u00e3o."}, {"id": "276", "ano": "2024", "numero": "372", "tipo__sigla": "PL", "tipo__descricao": "Projeto de Lei", "autoria": "Pedro Medeiros", "texto_original": "http://sapl.patydoalferes.rj.leg.br/media/sapl/public/materialegislativa/2024/276/372_2024_autoriza_que_os_veiculos_que_realizam_transporte_coletivo_permitam_o_desembarque_de_passag_fora_dos_pontos_determinados.pdf", "ementa": "Autoriza que os ve\u00edculos que realizam transporte coletivo em linhas regulares permitam o desembarque de passageiros fora dos pontos determinados, no \u00e2mbito do munic\u00edpio de Paty do Alferes."}, {"id": "278", "ano": "2024", "numero": "374", "tipo__sigla": "PL", "tipo__descricao": "Projeto de Lei", "autoria": "Denilson Ligeirinho", "texto_original": "http://sapl.patydoalferes.rj.leg.br/media/sapl/public/materialegislativa/2024/278/374_2024_autoriza_a_garantia_de_vagas_em_creches_municipais_para_criancas_a_partir_dos_zero_anos_no_ambito_do_muni.pdf", "ementa": "Autoriza a garantia de vagas em creches municipais para crian\u00e7as a partir dos zero anos no \u00e2mbito do munic\u00edpio de Paty do Alferes e d\u00e1 outras provid\u00eancias."}, {"id": "280", "ano": "2024", "numero": "418", "tipo__sigla": "PL", "tipo__descricao": "Projeto de Lei", "autoria": "Eurico Pinheiro Bernardes neto", "texto_original": "http://sapl.patydoalferes.rj.leg.br/media/sapl/public/materialegislativa/2024/280/mensagem_066-24_-_suplementa_obras_-_r_286.77251_-_residuos.pdf", "ementa": "Autoriza o Poder Executivo a abrir Cr\u00e9dito Adicional Suplementar, por excesso prov\u00e1vel de arrecada\u00e7\u00e3o, no valor total de R$ 286.772,51 (duzentos e oitenta e seis mil, setecentos e setenta e dois reais e cinquenta e um centavos), para a Secretaria de Obras e Servi\u00e7os P\u00fablicos."}, {"id": "283", "ano": "2024", "numero": "426", "tipo__sigla": "PL", "tipo__descricao": "Projeto de Lei", "autoria": "Eurico Pinheiro Bernardes neto", "texto_original": "http://sapl.patydoalferes.rj.leg.br/media/sapl/public/materialegislativa/2024/283/mensagem_067-24_-_suplementa_ordem_publica_-_r_127.33295_-_multas.pdf", "ementa": "Autoriza o Poder Executivo a abrir Cr\u00e9dito Adicional Suplementar, por excesso prov\u00e1vel de arrecada\u00e7\u00e3o, no valor total de R$ 127.332,95 (cento e vinte e sete mil, trezentos e trinta e dois reais e noventa e cinco centavos), para a Secretaria de Ordem P\u00fablica."}, {"id": "284", "ano": "2024", "numero": "427", "tipo__sigla": "PL", "tipo__descricao": "Projeto de Lei", "autoria": "Eurico Pinheiro Bernardes neto", "texto_original": "http://sapl.patydoalferes.rj.leg.br/media/sapl/public/materialegislativa/2024/284/mensagem_068-24_-_dispoe_sobre_parcelamento_uso_e_zoneamento_-maravilha_e_floresta.pdf", "ementa": "Disp\u00f5e sobre o parcelamento, zoneamento e uso de solo nas localidades que especifica e d\u00e1 outras provid\u00eancias."}, {"id": "312", "ano": "2024", "numero": "433", "tipo__sigla": "PL", "tipo__descricao": "Projeto de Lei", "autoria": "Denilson Ligeirinho", "texto_original": "http://sapl.patydoalferes.rj.leg.br/media/sapl/public/materialegislativa/2024/312/433_2024_declara_como_patrimonio_imaterial_do_municipio_de_paty_do_alferes_o_forum_permanente_de_educacao_etnico-racial.pdf", "ementa": "Declara como patrim\u00f4nio imaterial do munic\u00edpio de Paty do Alferes o f\u00f3rum permanente de educa\u00e7\u00e3o \u00e9tnico-racial e de diversidade (fpeerd)."}, {"id": "313", "ano": "2024", "numero": "434", "tipo__sigla": "PL", "tipo__descricao": "Projeto de Lei", "autoria": "Juarez Leinho", "texto_original": "http://sapl.patydoalferes.rj.leg.br/media/sapl/public/materialegislativa/2024/313/434_2024_-dispoe_sobre_a_execucao_do_hino_nacional_brasileiro_nas_escolas_da_rede_municipal_de_ensino_de_paty_do_alferes.pdf", "ementa": "Disp\u00f5e sobre a execu\u00e7\u00e3o do hino nacional Brasileiro nas escolas da rede municipal de ensino de Paty do Alferes, e d\u00e1 outras provid\u00eancias."}, {"id": "314", "ano": "2024", "numero": "435", "tipo__sigla": "PL", "tipo__descricao": "Projeto de Lei", "autoria": "Juarez Leinho", "texto_original": "http://sapl.patydoalferes.rj.leg.br/media/sapl/public/materialegislativa/2024/314/435_2024_-dispoe_sobre_a_regulamentacao_do_uso_de_celulares_e_outros_dispositivos_eletronicos_pelos_alunos_nas_unidades_escolares_da_rede_publ_.pdf", "ementa": "Disp\u00f5e sobre a regulamenta\u00e7\u00e3o do uso de celulares e outros dispositivos eletr\u00f4nicos pelos alunos nas unidades escolares da rede p\u00fablica municipal de ensino, e d\u00e1 outras provid\u00eancias."}, {"id": "315", "ano": "2024", "numero": "436", "tipo__sigla": "PL", "tipo__descricao": "Projeto de Lei", "autoria": "Eurico Pinheiro Bernardes neto", "texto_original": "http://sapl.patydoalferes.rj.leg.br/media/sapl/public/materialegislativa/2024/315/mensagem_069-24_-_alteracao_do_paragrafo_unico_do_artigo_86_-_margem_consignavel.pdf", "ementa": "altera o par\u00e1grafo \u00fanico do artigo 86 da lei 1.519 de 19 de setembro de 2008 que define regras para desconto de empr\u00e9stimo consignado em folha de pagamento e d\u00e1 outras provid\u00eancias."}, {"id": "316", "ano": "2024", "numero": "439", "tipo__sigla": "PL", "tipo__descricao": "Projeto de Lei", "autoria": "Denilson Ligeirinho", "texto_original": "http://sapl.patydoalferes.rj.leg.br/media/sapl/public/materialegislativa/2024/316/439_2024_dispoe_sobre_a_identificacao_dos_vereadores_autores_de_emendas_impositivas_em_projetos_de_obras_e_servicos_public.pdf", "ementa": "Disp\u00f5e sobre a identifica\u00e7\u00e3o dos vereadores autores de emendas impositivas em projetos de obras e servi\u00e7os p\u00fablicos realizados no munic\u00edpio de Paty do Alferes."}, {"id": "317", "ano": "2024", "numero": "440", "tipo__sigla": "PL", "tipo__descricao": "Projeto de Lei", "autoria": "Edinho da Dengue", "texto_original": "http://sapl.patydoalferes.rj.leg.br/media/sapl/public/materialegislativa/2024/317/440_2024_projeto_de_lei_denominacao__rua_tereza_da_conceicao_mamedir.pdf", "ementa": "D\u00e1 denomina\u00e7\u00e3o de rua Tereza da Concei\u00e7\u00e3o Mamedir, a Rua n\u00ba 3, situada na planta do loteamento Recreio da Maravilha, com in\u00edcio na estrada da maravilha e se estende at\u00e9 seu t\u00e9rmino em um \u201ccul-de-sac\u201d, configurando uma rua sem sa\u00edda, no bairro Maravilha, em Paty do Alferes - RJ."}, {"id": "319", "ano": "2024", "numero": "448", "tipo__sigla": "PL", "tipo__descricao": "Projeto de Lei", "autoria": "Macarr\u00e3o", "texto_original": "http://sapl.patydoalferes.rj.leg.br/media/sapl/public/materialegislativa/2024/319/mensagem_070-24_-_dispoe_sobre_o_sistema_unico_de_asistencia_social_-_suas.pdf", "ementa": "Disp\u00f5e sobre o sistema \u00fanico de assist\u00eancia social \u2013 suas no munic\u00edpio de Paty do Alferes e d\u00e1 outras provid\u00eancias."}, {"id": "329", "ano": "2024", "numero": "453", "tipo__sigla": "PL", "tipo__descricao": "Projeto de Lei", "autoria": "Eurico Pinheiro Bernardes neto", "texto_original": "http://sapl.patydoalferes.rj.leg.br/media/sapl/public/materialegislativa/2024/329/mensagem_071-24_-_emenda_a_lei_organica_-_reforma_da_previdencia.pdf", "ementa": "Estabelece regras para o regime pr\u00f3prio de previd\u00eancia social do munic\u00edpio de paty do alferes de acordo com a emenda constitucional n\u00ba 103/2019."}, {"id": "330", "ano": "2024", "numero": "454", "tipo__sigla": "PL", "tipo__descricao": "Projeto de Lei", "autoria": "Eurico Pinheiro Bernardes neto", "texto_original": "http://sapl.patydoalferes.rj.leg.br/media/sapl/public/materialegislativa/2024/330/mensagem_072-24_-_projeto_de_lei_complementar_-_reforma_da_previdencia.pdf", "ementa": "Disp\u00f5e sobre as aposentadorias e pens\u00f5es do regime pr\u00f3prio de previd\u00eancia social do munic\u00edpio de paty do alferes, de acordo com a emenda constitucional n\u00ba 103, de 12 de novembro de 2019, e d\u00e1 outras provid\u00eancias."}, {"id": "331", "ano": "2024", "numero": "455", "tipo__sigla": "PL", "tipo__descricao": "Projeto de Lei", "autoria": "Eurico Pinheiro Bernardes neto", "texto_original": "http://sapl.patydoalferes.rj.leg.br/media/sapl/public/materialegislativa/2024/331/mensagem_073-24_-_suplementa_obras_-_r_5.00000-_emenda_impositiva_547-23.pdf", "ementa": "Autoriza o Poder Executivo a abrir Cr\u00e9dito Adicional Suplementar, no valor total de R$ 5.000,00 (cinco mil reais), para a Secretaria de Obras e Servi\u00e7os P\u00fablicos."}, {"id": "332", "ano": "2024", "numero": "459", "tipo__sigla": "PL", "tipo__descricao": "Projeto de Lei", "autoria": "Rominho", "texto_original": "http://sapl.patydoalferes.rj.leg.br/media/sapl/public/materialegislativa/2024/332/459_2024___da_denominacao_de_posto_joao_machado_da_costa_o_posto_denominado_de_alaor_vianna_da_costa_bairro_bela_vista_1.pdf", "ementa": "D\u00e1 denomina\u00e7\u00e3o de posto de sa\u00fade jo\u00e3o machado da costa, o posto de sa\u00fade Alaor Vianna da Costa, situado no bairro Bela Vista, munic\u00edpio de Paty do Alferes \u2013 RJ."}, {"id": "333", "ano": "2024", "numero": "463", "tipo__sigla": "PL", "tipo__descricao": "Projeto de Lei", "autoria": "Juarez Leinho", "texto_original": "http://sapl.patydoalferes.rj.leg.br/media/sapl/public/materialegislativa/2024/333/463_2024_-dispoe_sobre_a_regulamentacao_da_deposicao_de_entulhos_nas_calcadas.pdf", "ementa": "Disp\u00f5e sobre a regulamenta\u00e7\u00e3o da deposi\u00e7\u00e3o de entulhos nas cal\u00e7adas, estabelecendo dias espec\u00edficos para o descarte e criando penalidades para o descumprimento."}, {"id": "334", "ano": "2024", "numero": "464", "tipo__sigla": "PL", "tipo__descricao": "Projeto de Lei", "autoria": "Denilson Ligeirinho", "texto_original": "http://sapl.patydoalferes.rj.leg.br/media/sapl/public/materialegislativa/2024/334/464__2024_declara_como_patrimonio_publico_cultural_e_historico_do_municipio_de_paty_do_alferes_o_calcamento_de_paralelepipedo_existente.pdf", "ementa": "Declara como patrim\u00f4nio p\u00fablico cultural e hist\u00f3rico do munic\u00edpio de Paty do Alferes o cal\u00e7amento de paralelep\u00edpedo existente nos bairros avelar e parque barcelos."}, {"id": "343", "ano": "2024", "numero": "482", "tipo__sigla": "PL", "tipo__descricao": "Projeto de Lei", "autoria": "Eurico Pinheiro Bernardes neto", "texto_original": "http://sapl.patydoalferes.rj.leg.br/media/sapl/public/materialegislativa/2024/343/mensagem_074-24_-_social_-_plano_para_a_primeira_infancia.pdf", "ementa": "Disp\u00f5e sobre a regulamenta\u00e7\u00e3o do plano municipal pela primeira inf\u00e2ncia \u2013 PMPI \u2013 paty do alferes \u2013 RJ."}, {"id": "341", "ano": "2024", "numero": "483", "tipo__sigla": "PL", "tipo__descricao": "Projeto de Lei", "autoria": "Eurico Pinheiro Bernardes neto", "texto_original": "http://sapl.patydoalferes.rj.leg.br/media/sapl/public/materialegislativa/2024/341/mensagem_075-24_-_denomina_creche_rosenea_marques_-_neinha_-_altera_local_para_arcozelo.pdf", "ementa": "Altera o Art. 1\u00ba da lei n\u00ba 2787/2021 que denomina \u201ccreche municipal tia neinha \u2013 professora rosenea borges marques goulart\u201d."}, {"id": "348", "ano": "2024", "numero": "485", "tipo__sigla": "PL", "tipo__descricao": "Projeto de Lei", "autoria": "Denilson Ligeirinho", "texto_original": "http://sapl.patydoalferes.rj.leg.br/media/sapl/public/materialegislativa/2024/348/485_2024_declara_como_patrimonio_imaterial_do_municipio_de_paty_do_alferes_o_nucleo_de_estudos_afro-brasileiros_e_indigenas.pdf", "ementa": "Declara como patrim\u00f4nio imaterial do munic\u00edpio de Paty do Alferes o n\u00facleo de estudos afro-brasileiros e ind\u00edgenas \u2013 NEABI Manoel Congo."}, {"id": "349", "ano": "2024", "numero": "486", "tipo__sigla": "PL", "tipo__descricao": "Projeto de Lei", "autoria": "Eurico Pinheiro Bernardes neto", "texto_original": "http://sapl.patydoalferes.rj.leg.br/media/sapl/public/materialegislativa/2024/349/mensagem_076-24_-_regulamentacao_dos_bairros_do_municipio.pdf", "ementa": "Disp\u00f5e sobre a delimita\u00e7\u00e3o dos bairros de Paty do Alferes e d\u00e1 outras provid\u00eancias."}, {"id": "346", "ano": "2024", "numero": "493", "tipo__sigla": "PL", "tipo__descricao": "Projeto de Lei", "autoria": "Eurico Pinheiro Bernardes neto", "texto_original": "http://sapl.patydoalferes.rj.leg.br/media/sapl/public/materialegislativa/2024/346/mensagem_077-24_-_autoriza_ppp_lixo_zero.pdf", "ementa": "Projeto de Lei visa \u00e0 autoriza\u00e7\u00e3o legislativa para celebra\u00e7\u00e3o de parceria p\u00fablico-privada para gest\u00e3o dos res\u00edduos s\u00f3lidos de Paty do Alferes."}, {"id": "101", "ano": "2024", "numero": "145", "tipo__sigla": "VETO", "tipo__descricao": "Veto Total", "autoria": "Eurico Pinheiro Bernardes neto", "texto_original": "http://sapl.patydoalferes.rj.leg.br/media/sapl/public/materialegislativa/2024/101/041_2024_-_projeto_de_lei_-_gratuidade_aos_produtores_rurais_-_festa_do_tomate_-_julinho_juju_-_fevereiro_2024_2.pdf", "ementa": "Veto Total n\u00ba 145/2024 ao Projeto de Lei n\u00ba 041/2024, de autoria do vereador Julinho Juju, Disp\u00f5e sobre a gratuidade na festa do tomate para produtores rurais e seus parentes de primeiro grau que estejam em dia com seus tal\u00f5es de produtor rural."}]}