{"headers": {"id": "ID", "ano": "Ano", "numero": "N\u00famero", "tipo__sigla": "Tipo de Mat\u00e9ria Legislativa/Sigla", "tipo__descricao": "Tipo de Mat\u00e9ria Legislativa/Descri\u00e7\u00e3o", "autoria": "Autorias", "texto_original": "Texto Original", "ementa": "Ementa"}, "results": [{"id": "1270", "ano": "2026", "numero": "17", "tipo__sigla": "IND", "tipo__descricao": "Indica\u00e7\u00e3o", "autoria": "Edinho da Dengue", "texto_original": "http://sapl.patydoalferes.rj.leg.br/media/sapl/public/materialegislativa/2026/1270/017_2026__patrolamento_e_ensaibramento_nas_ruas_dos_bairros_coqueiros_e_rio_pardo_reiterando_minha_indicacao_313_2025.docx", "ementa": "SOLICITA AO PREFEITO MUNICIPAL A REALIZA\u00c7\u00c3O DE PATROLAMENTO E ENSAIBRAMENTO NAS RUAS DOS BAIRROS COQUEIROS E RIO PARDO. REITERANDO MINHA INDICA\u00c7\u00c3O DE N\u00ba 313/2025."}, {"id": "1271", "ano": "2026", "numero": "18", "tipo__sigla": "IND", "tipo__descricao": "Indica\u00e7\u00e3o", "autoria": "Edinho da Dengue", "texto_original": "http://sapl.patydoalferes.rj.leg.br/media/sapl/public/materialegislativa/2026/1271/018_2026_manutencao_do_calcamento_no_inicio_da_rua_sebastiao_de_lacerda__centro_proximo_a_loja_casa_salgado..docx", "ementa": "SOLICITA AO PREFEITO MUNICIPAL A MANUTEN\u00c7\u00c3O DO CAL\u00c7AMENTO NO IN\u00cdCIO DA RUA SEBASTI\u00c3O DE LACERDA \u2013 CENTRO, PR\u00d3XIMO \u00c0 LOJA CASA SALGADO."}, {"id": "1272", "ano": "2026", "numero": "19", "tipo__sigla": "IND", "tipo__descricao": "Indica\u00e7\u00e3o", "autoria": "Edinho da Dengue", "texto_original": "http://sapl.patydoalferes.rj.leg.br/media/sapl/public/materialegislativa/2026/1272/019_2026_realize_em_conjunto_com_a_secretaria_de_obras_patrolamento_e_ensaibramento_das_principais_ruas_do_bairro_prata.docx", "ementa": "SOLICITA AO PREFEITO MUNICIPAL QUE REALIZE, EM CONJUNTO COM A SECRETARIA DE OBRAS, O PATROLAMENTO E ENSAIBRAMENTO DAS PRINCIPAIS RUAS DO BAIRRO PRATA. REITERANDO MINHA INDICA\u00c7\u00c3O DE N\u00ba 448/2025."}, {"id": "1273", "ano": "2026", "numero": "20", "tipo__sigla": "IND", "tipo__descricao": "Indica\u00e7\u00e3o", "autoria": "Lenice Viana", "texto_original": "http://sapl.patydoalferes.rj.leg.br/media/sapl/public/materialegislativa/2026/1273/020_2026_solicita_ao_prefeito_municipal_a_aplicacao_de_po_de_pedra_na_estrada_porcino_borges_de_andrade_no_bairro_campo_verde..docx", "ementa": "SOLICITA AO PREFEITO MUNICIPAL A APLICA\u00c7\u00c3O DE P\u00d3 DE PEDRA NA ESTRADA PORCINO BORGES DE ANDRADE, NO BAIRRO CAMPO VERDE."}, {"id": "1274", "ano": "2026", "numero": "21", "tipo__sigla": "IND", "tipo__descricao": "Indica\u00e7\u00e3o", "autoria": "Lenice Viana", "texto_original": "http://sapl.patydoalferes.rj.leg.br/media/sapl/public/materialegislativa/2026/1274/021_2026_solicita_ao_prefeito_municipal_a_aplicacao_de_po_de_pedra_no_morro_do_zeze_lopes..docx", "ementa": "SOLICITA AO PREFEITO MUNICIPAL A APLICA\u00c7\u00c3O DE P\u00d3 DE PEDRA NO MORRO DO ZEZ\u00c9 LOPES."}, {"id": "1275", "ano": "2026", "numero": "22", "tipo__sigla": "IND", "tipo__descricao": "Indica\u00e7\u00e3o", "autoria": "Marco Aurelio", "texto_original": "http://sapl.patydoalferes.rj.leg.br/media/sapl/public/materialegislativa/2026/1275/022_2026_construcao_de_um_ponto_de_onibus_na_granja_as_margens_da_rj-125_proximo_a_rua_que_da_acesso_ao_posto_de_saude..docx", "ementa": "SOLICITA AO PREFEITO MUNICIPAL A CONSTRU\u00c7\u00c3O DE UM PONTO DE \u00d4NIBUS NO BAIRRO GRANJA CALIF\u00d3RNIA, \u00c0S MARGENS DA RJ-125, PR\u00d3XIMO \u00c0 RUA QUE D\u00c1 ACESSO AO POSTO DE SA\u00daDE."}, {"id": "1276", "ano": "2026", "numero": "23", "tipo__sigla": "IND", "tipo__descricao": "Indica\u00e7\u00e3o", "autoria": "Guilherme Rosa", "texto_original": "http://sapl.patydoalferes.rj.leg.br/media/sapl/public/materialegislativa/2026/1276/023_2026___implantacao_de_um_posto_da_guarda_municipal_no_bairro_avelar..docx", "ementa": "SOLICITA AO PREFEITO MUNICIPAL A IMPLANTA\u00c7\u00c3O DE UM POSTO DA GUARDA MUNICIPAL NO BAIRRO AVELAR."}, {"id": "1280", "ano": "2026", "numero": "27", "tipo__sigla": "IND", "tipo__descricao": "Indica\u00e7\u00e3o", "autoria": "Claudio Japones", "texto_original": "http://sapl.patydoalferes.rj.leg.br/media/sapl/public/materialegislativa/2026/1280/027_2026__a_realizacao_de_servicos_de_patrolamento_e_ensaibramento_na_rua_cinco_e_na_rua_seis.docx", "ementa": "SOLICITA AO PREFEITO MUNICIPAL A REALIZA\u00c7\u00c3O DE SERVI\u00c7OS DE PATROLAMENTO E ENSAIBRAMENTO NAS RUAS CINCO E SEIS, LOCALIZADAS NO BAIRRO MARAVILHA."}, {"id": "1281", "ano": "2026", "numero": "28", "tipo__sigla": "IND", "tipo__descricao": "Indica\u00e7\u00e3o", "autoria": "Claudio Japones", "texto_original": "http://sapl.patydoalferes.rj.leg.br/media/sapl/public/materialegislativa/2026/1281/028_2026_a_criacao_de_abrigos_nos_pontos_de_onibus_do_bairro_maravilha.docx", "ementa": "SOLICITA AO PREFEITO MUNICIPAL A CRIA\u00c7\u00c3O DE ABRIGOS NOS PONTOS DE \u00d4NIBUS DO BAIRRO MARAVILHA, BEM COMO A DEVIDA MARCA\u00c7\u00c3O PARA QUE OS \u00d4NIBUS PAREM NOS LOCAIS APROPRIADOS."}, {"id": "1282", "ano": "2026", "numero": "29", "tipo__sigla": "IND", "tipo__descricao": "Indica\u00e7\u00e3o", "autoria": "Feij\u00e3o", "texto_original": "http://sapl.patydoalferes.rj.leg.br/media/sapl/public/materialegislativa/2026/1282/029_2026__a_substituicao_da_iluminacao_do_calcadao_do_bairro_granja_california_por_iluminacao_em_led..docx", "ementa": "SOLICITA AO PREFEITO MUNICIPAL A SUBSTITUI\u00c7\u00c3O DA ILUMINA\u00c7\u00c3O DO CAL\u00c7AD\u00c3O DO BAIRRO GRANJA CALIF\u00d3RNIA POR ILUMINA\u00c7\u00c3O EM LED."}, {"id": "1283", "ano": "2026", "numero": "30", "tipo__sigla": "IND", "tipo__descricao": "Indica\u00e7\u00e3o", "autoria": "Feij\u00e3o", "texto_original": "http://sapl.patydoalferes.rj.leg.br/media/sapl/public/materialegislativa/2026/1283/030_2026__a_realizacao_de_reparos_no_asfalto_a_troca_de_manilhas_entupidas_e_a_construcao_de_um_bueiro_na_rua_agenor_jose_rosa.docx", "ementa": "SOLICITA AO PREFEITO MUNICIPAL A REALIZA\u00c7\u00c3O DE REPAROS NO ASFALTO, TROCA DE MANILHAS ENTUPIDAS E CONSTRU\u00c7\u00c3O DE UM BUEIRO NA RUA AGENOR JOS\u00c9 ROSA, BAIRRO BARRO BRANCO, PR\u00d3XIMO AO N\u00ba 1123."}, {"id": "1288", "ano": "2026", "numero": "39", "tipo__sigla": "IND", "tipo__descricao": "Indica\u00e7\u00e3o", "autoria": "Feij\u00e3o", "texto_original": "http://sapl.patydoalferes.rj.leg.br/media/sapl/public/materialegislativa/2026/1288/039_2026_construcao_de_quadra_poliesportiva_a_realizacao_das_aulas_de_educacao_fisica_na_escola_joao_abreu_granja_california..docx", "ementa": "SOLICITA AO PREFEITO MUNICIPAL A CONSTRU\u00c7\u00c3O DE UMA QUADRA POLIESPORTIVA PARA A REALIZA\u00c7\u00c3O DAS AULAS DE EDUCA\u00c7\u00c3O F\u00cdSICA NA ESCOLA JO\u00c3O ABREU, LOCALIZADA NO BAIRRO GRANJA CALIF\u00d3RNIA."}, {"id": "1289", "ano": "2026", "numero": "40", "tipo__sigla": "IND", "tipo__descricao": "Indica\u00e7\u00e3o", "autoria": "Feij\u00e3o", "texto_original": "http://sapl.patydoalferes.rj.leg.br/media/sapl/public/materialegislativa/2026/1289/040_2026__limpeza_e_retirada_de_entulhos_no_morro_do_joao_malandro_bairro_granja_california..docx", "ementa": "SOLICITA AO PREFEITO MUNICIPAL A LIMPEZA E RETIRADA DE ENTULHOS NO MORRO DO JO\u00c3O MALANDRO, BAIRRO GRANJA CALIF\u00d3RNIA. REITERANDO MINHA INDICA\u00c7\u00c3O DE N\u00ba 895/2025."}, {"id": "1291", "ano": "2026", "numero": "42", "tipo__sigla": "IND", "tipo__descricao": "Indica\u00e7\u00e3o", "autoria": "Lenice Viana", "texto_original": "http://sapl.patydoalferes.rj.leg.br/media/sapl/public/materialegislativa/2026/1291/042_2026__aplicacao_de_po_de_pedra_no_morro_que_liga_o_bairro_capivara_ao_bairro_coqueiros..docx", "ementa": "SOLICITA AO PREFEITO MUNICIPAL A APLICA\u00c7\u00c3O DE P\u00d3 DE PEDRA NO MORRO QUE LIGA O BAIRRO CAPIVARA AO BAIRRO COQUEIROS."}, {"id": "1292", "ano": "2026", "numero": "43", "tipo__sigla": "IND", "tipo__descricao": "Indica\u00e7\u00e3o", "autoria": "Lenice Viana", "texto_original": "http://sapl.patydoalferes.rj.leg.br/media/sapl/public/materialegislativa/2026/1292/043_2026_aplicacao_de_po_de_pedra_na_estrada_sitio_barreiros_e_na_rua_assembleia_de_deus_no_bairro_boa_vista..docx", "ementa": "SOLICITA AO PREFEITO MUNICIPAL A APLICA\u00c7\u00c3O DE P\u00d3 DE PEDRA NA ESTRADA S\u00cdTIO BARREIROS E NA RUA ASSEMBLEIA DE DEUS, NO BAIRRO BOA VISTA."}, {"id": "1293", "ano": "2026", "numero": "44", "tipo__sigla": "IND", "tipo__descricao": "Indica\u00e7\u00e3o", "autoria": "Lenice Viana", "texto_original": "http://sapl.patydoalferes.rj.leg.br/media/sapl/public/materialegislativa/2026/1293/044_2026_contratacao_de_medico_neuropediatra_para_atendimento_na_rede_publica_de_saude_do_municipio..docx", "ementa": "SOLICITA AO PREFEITO MUNICIPAL A CONTRATA\u00c7\u00c3O DE M\u00c9DICO NEUROPEDIATRA PARA ATENDIMENTO NA REDE P\u00daBLICA DE SA\u00daDE DO MUNIC\u00cdPIO."}, {"id": "1297", "ano": "2026", "numero": "48", "tipo__sigla": "IND", "tipo__descricao": "Indica\u00e7\u00e3o", "autoria": "Claudio Japones", "texto_original": "http://sapl.patydoalferes.rj.leg.br/media/sapl/public/materialegislativa/2026/1297/048_2026_construcao_de_uma_nova_praca_no_bairro_lameirao..docx", "ementa": "SOLICITA AO PREFEITO MUNICIPAL A CONSTRU\u00c7\u00c3O DE UMA NOVA PRA\u00c7A NO BAIRRO LAMEIR\u00c3O."}, {"id": "1298", "ano": "2026", "numero": "49", "tipo__sigla": "IND", "tipo__descricao": "Indica\u00e7\u00e3o", "autoria": "Claudio Japones", "texto_original": "http://sapl.patydoalferes.rj.leg.br/media/sapl/public/materialegislativa/2026/1298/049_2026_limpeza_dos_bueiros_localizados_na_rua_lucio_teixeira_bairro_tres_porteiras_nas_proximidades_do_no_220..docx", "ementa": "SOLICITA AO PREFEITO MUNICIPAL A LIMPEZA DOS BUEIROS LOCALIZADOS NA RUA L\u00daCIO TEIXEIRA, BAIRRO TR\u00caS PORTEIRAS, NAS PROXIMIDADES DO N\u00ba 220."}, {"id": "1299", "ano": "2026", "numero": "50", "tipo__sigla": "IND", "tipo__descricao": "Indica\u00e7\u00e3o", "autoria": "Zaninho", "texto_original": "http://sapl.patydoalferes.rj.leg.br/media/sapl/public/materialegislativa/2026/1299/050_2026_que_tome_as_providencias_necessarias_quanto_a_construcao_de_uma_creche_no_bairro_monte_alegre_no_espaco_conhecido_como_vale_do_cafe.docx", "ementa": "SOLICITA AO PREFEITO MUNICIPAL QUE TOME AS PROVID\u00caNCIAS NECESS\u00c1RIAS QUANTO \u00c0 CONSTRU\u00c7\u00c3O DE UMA CRECHE NO BAIRRO MONTE ALEGRE, NO ESPA\u00c7O CONHECIDO COMO VALE DO CAF\u00c9, ATUALMENTE SEM UTILIDADE."}, {"id": "1300", "ano": "2026", "numero": "51", "tipo__sigla": "IND", "tipo__descricao": "Indica\u00e7\u00e3o", "autoria": "Marco Aurelio", "texto_original": "http://sapl.patydoalferes.rj.leg.br/media/sapl/public/materialegislativa/2026/1300/051_2026_marco_aurelio_e_macarrao_que_sejam_realizadas_melhorias_na_iluminacao_publica_da_antiga_estacao_ferroviaria_de_avelar.docx", "ementa": "SOLICITA AO PREFEITO MUNICIPAL QUE SEJAM REALIZADAS MELHORIAS NA ILUMINA\u00c7\u00c3O P\u00daBLICA DA ANTIGA ESTA\u00c7\u00c3O FERROVI\u00c1RIA DE AVELAR. REITERANDO A INDICA\u00c7\u00c3O DE N\u00ba 432/2025 DE AUTORIA DO VEREADOR MARCO AUR\u00c9LIO."}, {"id": "1303", "ano": "2026", "numero": "55", "tipo__sigla": "IND", "tipo__descricao": "Indica\u00e7\u00e3o", "autoria": "Lenice Viana", "texto_original": "http://sapl.patydoalferes.rj.leg.br/media/sapl/public/materialegislativa/2026/1303/055_2026_aplicacao_de_po_de_pedra_no_trecho_que_compreende_a_rua_humberto_candido_no_bairro_bela_vista.docx", "ementa": "SOLICITA AO PREFEITO MUNICIPAL A APLICA\u00c7\u00c3O DE P\u00d3 DE PEDRA NO TRECHO QUE COMPREENDE A RUA HUMBERTO C\u00c2NDIDO, NO BAIRRO BELA VISTA, AT\u00c9 A ENTRADA DO BAIRRO CAET\u00c9S."}, {"id": "1304", "ano": "2026", "numero": "56", "tipo__sigla": "IND", "tipo__descricao": "Indica\u00e7\u00e3o", "autoria": "Lenice Viana", "texto_original": "http://sapl.patydoalferes.rj.leg.br/media/sapl/public/materialegislativa/2026/1304/056_2026_conclusao_da_pavimentacao_asfaltica_do_morro_situado_na_estrada_da_bela_vista_no_bairro_bela_vista..docx", "ementa": "SOLICITA AO PREFEITO MUNICIPAL A CONCLUS\u00c3O DA PAVIMENTA\u00c7\u00c3O ASF\u00c1LTICA DO MORRO SITUADO NA ESTRADA DA BELA VISTA, NO BAIRRO BELA VISTA."}, {"id": "1306", "ano": "2026", "numero": "58", "tipo__sigla": "IND", "tipo__descricao": "Indica\u00e7\u00e3o", "autoria": "Edinho da Dengue", "texto_original": "http://sapl.patydoalferes.rj.leg.br/media/sapl/public/materialegislativa/2026/1306/058_2026_retirada_das_sobras_das_podas_de_arvores_no_morro_do_ney_situado_na_rua_garcia_rodrigues_paes_bairro_recanto..docx", "ementa": "SOLICITA AO PREFEITO MUNICIPAL A RETIRADA DAS SOBRAS DAS PODAS DE \u00c1RVORES NO MORRO DO NEY, SITUADO NA RUA GARC\u00cdA RODRIGUES PAES, BAIRRO RECANTO."}, {"id": "1307", "ano": "2026", "numero": "59", "tipo__sigla": "IND", "tipo__descricao": "Indica\u00e7\u00e3o", "autoria": "Edinho da Dengue", "texto_original": "http://sapl.patydoalferes.rj.leg.br/media/sapl/public/materialegislativa/2026/1307/059_2026_interceda_a_empresa_linave_para_o_retorno_das_linhas_que_atendiam_os_bairros_horizonte_palmares_e_rio_pardo..docx", "ementa": "SOLICITA AO PREFEITO MUNICIPAL QUE INTERCEDA JUNTO \u00c0 EMPRESA DE TRANSPORTE LINAVE PARA O RETORNO DAS LINHAS QUE ATENDIAM OS BAIRROS HORIZONTE, PALMARES E RIO PARDO."}, {"id": "1308", "ano": "2026", "numero": "60", "tipo__sigla": "IND", "tipo__descricao": "Indica\u00e7\u00e3o", "autoria": "Edinho da Dengue", "texto_original": "http://sapl.patydoalferes.rj.leg.br/media/sapl/public/materialegislativa/2026/1308/060_2026_edinho_e_peterson_indicacao_instalacao_de_faixa_de_pedestre_e_dois_redutores_de_velocidade_em_frente_ao_quiosque_do_vivinha.docx", "ementa": "SOLICITA AO PREFEITO MUNICIPAL A INSTALA\u00c7\u00c3O DE UMA FAIXA DE PEDESTRE E DOIS REDUTORES DE VELOCIDADE EM FRENTE AO QUIOSQUE DO VIVINHA. REITERANDO A INDICA\u00c7\u00c3O DE N\u00ba 707/2025 DE AUTORIA DO VEREADOR EDINHO."}, {"id": "1309", "ano": "2026", "numero": "61", "tipo__sigla": "IND", "tipo__descricao": "Indica\u00e7\u00e3o", "autoria": "Macarr\u00e3o", "texto_original": "http://sapl.patydoalferes.rj.leg.br/media/sapl/public/materialegislativa/2026/1309/061_2026_realizacao_de_melhorias_na_estrada_sertao_do_calixto_localizada_no_bairro_vista_alegre..docx", "ementa": "SOLICITA AO PREFEITO MUNICIPAL A REALIZA\u00c7\u00c3O DE MELHORIAS NA ESTRADA SERT\u00c3O DO CALIXTO, LOCALIZADA NO BAIRRO VISTA ALEGRE."}, {"id": "1310", "ano": "2026", "numero": "62", "tipo__sigla": "IND", "tipo__descricao": "Indica\u00e7\u00e3o", "autoria": "Macarr\u00e3o", "texto_original": "http://sapl.patydoalferes.rj.leg.br/media/sapl/public/materialegislativa/2026/1310/062_2026_realizacao_de_melhorias_na_rua_francisco_antonio_rosa_localizada_no_bairro_aquenta_sol..docx", "ementa": "SOLICITA AO PREFEITO MUNICIPAL A REALIZA\u00c7\u00c3O DE MELHORIAS NA RUA FRANCISCO ANT\u00d4NIO ROSA, LOCALIZADA NO BAIRRO AQUENTA SOL."}, {"id": "1311", "ano": "2026", "numero": "63", "tipo__sigla": "IND", "tipo__descricao": "Indica\u00e7\u00e3o", "autoria": "Feij\u00e3o", "texto_original": "http://sapl.patydoalferes.rj.leg.br/media/sapl/public/materialegislativa/2026/1311/063_2026_realize_a_reforma_e_pintura_do_posto_de_saude_do_bairro_horizonte..docx", "ementa": "SOLICITA AO PREFEITO MUNICIPAL QUE REALIZE A REFORMA E PINTURA DO POSTO DE SA\u00daDE DO BAIRRO HORIZONTE."}, {"id": "1312", "ano": "2026", "numero": "64", "tipo__sigla": "IND", "tipo__descricao": "Indica\u00e7\u00e3o", "autoria": "Feij\u00e3o", "texto_original": "http://sapl.patydoalferes.rj.leg.br/media/sapl/public/materialegislativa/2026/1312/064_2026_realizacao_de_poda_de_arvore_em_frente_ao_posto_de_saude_localizado_na_rua_maria_pacheco_no_bairro_granja_california..docx", "ementa": "SOLICITA AO PREFEITO MUNICIPAL A REALIZA\u00c7\u00c3O DE PODA DE \u00c1RVORE EM FRENTE AO POSTO DE SA\u00daDE, LOCALIZADO NA RUA MARIA PACHECO, NO BAIRRO GRANJA CALIF\u00d3RNIA."}, {"id": "1316", "ano": "2026", "numero": "71", "tipo__sigla": "IND", "tipo__descricao": "Indica\u00e7\u00e3o", "autoria": "Peterson Liberato", "texto_original": "http://sapl.patydoalferes.rj.leg.br/media/sapl/public/materialegislativa/2026/1316/071_2026_realizacao_de_reforma_do_posto_de_saude_do_bairro_arcozelo.docx", "ementa": "SOLICITA AO PREFEITO MUNICIPAL A REALIZA\u00c7\u00c3O DE REFORMA DO POSTO DE SA\u00daDE DO BAIRRO ARCOZELO."}, {"id": "1317", "ano": "2026", "numero": "72", "tipo__sigla": "IND", "tipo__descricao": "Indica\u00e7\u00e3o", "autoria": "Marco Aurelio", "texto_original": "http://sapl.patydoalferes.rj.leg.br/media/sapl/public/materialegislativa/2026/1317/072_2026__instalacao_de_aparelhos_de_ar-condicionado_na_escola_joao_abreu_situada_no_bairro_granja_california..docx", "ementa": "SOLICITA AO PREFEITO MUNICIPAL A INSTALA\u00c7\u00c3O DE APARELHOS DE AR-CONDICIONADO NA ESCOLA JO\u00c3O ABREU, SITUADA NO BAIRRO GRANJA CALIF\u00d3RNIA."}, {"id": "1318", "ano": "2026", "numero": "73", "tipo__sigla": "IND", "tipo__descricao": "Indica\u00e7\u00e3o", "autoria": "Marco Aurelio", "texto_original": "http://sapl.patydoalferes.rj.leg.br/media/sapl/public/materialegislativa/2026/1318/073_2026__instalacao_de_ventilador_ou_climatizador_bem_como_a_realizacao_de_reforma_geral_na_capela_mortuaria_do_bairro_avelar..docx", "ementa": "SOLICITA AO PREFEITO MUNICIPAL A INSTALA\u00c7\u00c3O DE VENTILADOR OU CLIMATIZADOR, BEM COMO A REALIZA\u00c7\u00c3O DE REFORMA GERAL NA CAPELA MORTU\u00c1RIA DO BAIRRO AVELAR."}, {"id": "1320", "ano": "2026", "numero": "75", "tipo__sigla": "IND", "tipo__descricao": "Indica\u00e7\u00e3o", "autoria": "Lenice Viana", "texto_original": "http://sapl.patydoalferes.rj.leg.br/media/sapl/public/materialegislativa/2026/1320/075_2026_criacao_e_implantacao_de_um_polo_do_tea_ame_no_bairro_granja_california..docx", "ementa": "SOLICITA AO PREFEITO MUNICIPAL A CRIA\u00c7\u00c3O E IMPLANTA\u00c7\u00c3O DE UM POLO DO TEA AME (ATENDIMENTO MULTIDISCIPLINAR ESPECIALIZADO AO ESTUDANTE COM TRANSTORNO DO ESPECTRO AUTISTA) NO BAIRRO GRANJA CALIF\u00d3RNIA."}, {"id": "1321", "ano": "2026", "numero": "76", "tipo__sigla": "IND", "tipo__descricao": "Indica\u00e7\u00e3o", "autoria": "Edinho da Dengue", "texto_original": "http://sapl.patydoalferes.rj.leg.br/media/sapl/public/materialegislativa/2026/1321/076_2026_realize_a_reforma_na_parte_externa_do_posto_de_saude_localizado_no_bairro_coqueiros..docx", "ementa": "SOLICITA AO PREFEITO MUNICIPAL QUE REALIZE A REFORMA NA PARTE EXTERNA DO POSTO DE SA\u00daDE LOCALIZADO NO BAIRRO COQUEIROS. REITERANDO MINHA INDICA\u00c7\u00c3O DE N\u00ba 285/2025."}, {"id": "1323", "ano": "2026", "numero": "78", "tipo__sigla": "IND", "tipo__descricao": "Indica\u00e7\u00e3o", "autoria": "Marco Aurelio", "texto_original": "http://sapl.patydoalferes.rj.leg.br/media/sapl/public/materialegislativa/2026/1323/078_2026_colocacao_de_material_para_contencao_da_lama_na_entrada_da_creche_avelar_situada_ao_lado_da_escola_municipal.docx", "ementa": "SOLICITA AO PREFEITO MUNICIPAL A COLOCA\u00c7\u00c3O DE MATERIAL ADEQUADO PARA CONTEN\u00c7\u00c3O DA LAMA NA ENTRADA DA CRECHE DO BAIRRO AVELAR, SITUADA AO LADO DA ESCOLA MUNICIPAL JOS\u00c9 EUL\u00c1LIO DE ANDRADE."}, {"id": "1324", "ano": "2026", "numero": "79", "tipo__sigla": "IND", "tipo__descricao": "Indica\u00e7\u00e3o", "autoria": "Feij\u00e3o", "texto_original": "http://sapl.patydoalferes.rj.leg.br/media/sapl/public/materialegislativa/2026/1324/079_2026_drenagem_limpeza_do_rio_proximo_ponte_do_balaeiro_vem_danificando_o_barranco_e_colocando_em_risco_a_pista_da_rj-125..docx", "ementa": "SOLICITA AO PREFEITO MUNICIPAL A DRENAGEM E LIMPEZA DO RIO PR\u00d3XIMO \u00c0 PONTE DO BALAEIRO, ONDE A EROS\u00c3O VEM DANIFICANDO O BARRANCO E COLOCANDO EM RISCO A PISTA DA RJ-125."}, {"id": "1325", "ano": "2026", "numero": "80", "tipo__sigla": "IND", "tipo__descricao": "Indica\u00e7\u00e3o", "autoria": "Feij\u00e3o", "texto_original": "http://sapl.patydoalferes.rj.leg.br/media/sapl/public/materialegislativa/2026/1325/080_2026_poda_de_uma_arvore_localizada_na_rua_vereador_oswaldo_fernandes_barros_filho_bairro_horizonte_proximo_ao_no_5017..docx", "ementa": "SOLICITA AO PREFEITO MUNICIPAL A PODA DE UMA \u00c1RVORE LOCALIZADA NA RUA VEREADOR OSWALDO FERNANDES BARROS FILHO, BAIRRO HORIZONTE, PR\u00d3XIMO AO N\u00ba 5017."}, {"id": "1326", "ano": "2026", "numero": "81", "tipo__sigla": "IND", "tipo__descricao": "Indica\u00e7\u00e3o", "autoria": "Feij\u00e3o", "texto_original": "http://sapl.patydoalferes.rj.leg.br/media/sapl/public/materialegislativa/2026/1326/081_2026_realizacao_da_limpeza_do_rio_que_passa_em_frente_a_vila_barros_localizada_no_bairro_granja_california..docx", "ementa": "SOLICITA AO PREFEITO MUNICIPAL A REALIZA\u00c7\u00c3O DA LIMPEZA DO RIO QUE PASSA EM FRENTE \u00c0 VILA BARROS, LOCALIZADA NO BAIRRO GRANJA CALIF\u00d3RNIA."}, {"id": "1337", "ano": "2026", "numero": "93", "tipo__sigla": "IND", "tipo__descricao": "Indica\u00e7\u00e3o", "autoria": "Feij\u00e3o", "texto_original": "http://sapl.patydoalferes.rj.leg.br/media/sapl/public/materialegislativa/2026/1337/093_2026_reforma_da_ponte_do_balaeiro_que_da_acesso_a_rua_jacob_no_bairro_granja_california..docx", "ementa": "SOLICITA AO PREFEITO MUNICIPAL A REFORMA DA PONTE DO BALAEIRO, QUE D\u00c1 ACESSO \u00c0 RUA JACOB, NO BAIRRO GRANJA CALIF\u00d3RNIA."}, {"id": "1338", "ano": "2026", "numero": "94", "tipo__sigla": "IND", "tipo__descricao": "Indica\u00e7\u00e3o", "autoria": "Feij\u00e3o", "texto_original": "http://sapl.patydoalferes.rj.leg.br/media/sapl/public/materialegislativa/2026/1338/094_2026_reforma_e_manutencao_da_ponte_principal_localizada_na_entrada_do_bairro_barro_branco..docx", "ementa": "SOLICITA AO PREFEITO MUNICIPAL A REFORMA E MANUTEN\u00c7\u00c3O DA PONTE PRINCIPAL LOCALIZADA NA ENTRADA DO BAIRRO BARRO BRANCO."}, {"id": "1339", "ano": "2026", "numero": "95", "tipo__sigla": "IND", "tipo__descricao": "Indica\u00e7\u00e3o", "autoria": "Feij\u00e3o", "texto_original": "http://sapl.patydoalferes.rj.leg.br/media/sapl/public/materialegislativa/2026/1339/095_2026_realizacao_de_reforma_geral_na_escola_municipal_leopoldo_pullig_localizada_no_bairro_granja_california..docx", "ementa": "SOLICITA AO PREFEITO MUNICIPAL A REALIZA\u00c7\u00c3O DE REFORMA GERAL NA ESCOLA MUNICIPAL LEOPOLDO PULLIG, LOCALIZADA NO BAIRRO GRANJA CALIF\u00d3RNIA."}, {"id": "1340", "ano": "2026", "numero": "96", "tipo__sigla": "IND", "tipo__descricao": "Indica\u00e7\u00e3o", "autoria": "Edinho da Dengue", "texto_original": "http://sapl.patydoalferes.rj.leg.br/media/sapl/public/materialegislativa/2026/1340/096_2026_realizacao_de_patrolamento_e_ensaibramento_na_rua_armando_fernandes_ribeiro_localizada_no_bairro_maravilha..docx", "ementa": "SOLICITA AO PREFEITO MUNICIPAL A REALIZA\u00c7\u00c3O DE PATROLAMENTO E ENSAIBRAMENTO NA RUA ARMANDO FERNANDES RIBEIRO, LOCALIZADA NO BAIRRO MARAVILHA."}, {"id": "1341", "ano": "2026", "numero": "97", "tipo__sigla": "IND", "tipo__descricao": "Indica\u00e7\u00e3o", "autoria": "Edinho da Dengue", "texto_original": "http://sapl.patydoalferes.rj.leg.br/media/sapl/public/materialegislativa/2026/1341/097_2026_realizacao_de_patrolamento_e_ensaibramento_na_rua_quatorze_rua_do_canil_localizada_no_bairro_maravilha..docx", "ementa": "SOLICITA AO PREFEITO MUNICIPAL A REALIZA\u00c7\u00c3O DE PATROLAMENTO, ENSAIBRAMENTO E APLICA\u00c7\u00c3O DE P\u00d3 DE PEDRA NA RUA QUATORZE (RUA DO CANIL), LOCALIZADA NO BAIRRO MARAVILHA. REITERANDO MINHA INDICA\u00c7\u00c3O DE N\u00ba 953/2025."}, {"id": "1342", "ano": "2026", "numero": "98", "tipo__sigla": "IND", "tipo__descricao": "Indica\u00e7\u00e3o", "autoria": "Claudio Japones", "texto_original": "http://sapl.patydoalferes.rj.leg.br/media/sapl/public/materialegislativa/2026/1342/098_2026_distribuicao_de_folhetos_explicativos_sobre_o_procedimento_atualizado_em_caso_de_engasgamento.docx", "ementa": "SOLICITA AO PREFEITO MUNICIPAL A DISTRIBUI\u00c7\u00c3O DE FOLHETOS EXPLICATIVOS SOBRE O PROCEDIMENTO ATUALIZADO EM CASO DE ENGASGAMENTO, PARA SEREM ENTREGUES AOS ALUNOS E SEUS RESPONS\u00c1VEIS NAS ESCOLAS, CRECHES, ORFANATOS E ABRIGOS DO MUNIC\u00cdPIO."}, {"id": "1343", "ano": "2026", "numero": "99", "tipo__sigla": "IND", "tipo__descricao": "Indica\u00e7\u00e3o", "autoria": "Claudio Japones", "texto_original": "http://sapl.patydoalferes.rj.leg.br/media/sapl/public/materialegislativa/2026/1343/099_2026_realizacao_de_rocada_patrolamento_e_ensaibramento_na_rua_e_no_morro_do_capitao..docx", "ementa": "SOLICITA AO PREFEITO MUNICIPAL A REALIZA\u00c7\u00c3O DE RO\u00c7ADA EM TODA A EXTENS\u00c3O DA SUBIDA DA RUA DO MORRO DO CAPIT\u00c3O, BEM COMO A EXECU\u00c7\u00c3O DE PATROLAMENTO E ENSAIBRAMENTO NOS TRECHOS ONDE A VIA N\u00c3O POSSUI PAVIMENTA\u00c7\u00c3O ASF\u00c1LTICA."}, {"id": "1344", "ano": "2026", "numero": "100", "tipo__sigla": "IND", "tipo__descricao": "Indica\u00e7\u00e3o", "autoria": "Claudio Japones", "texto_original": "http://sapl.patydoalferes.rj.leg.br/media/sapl/public/materialegislativa/2026/1344/100_2026_melhoria_e_ampliacao_dos_equipamentos_de_protecao_individual_epis_fornecidos_aos_funcionarios_responsaveis_pela_coleta_de_lixo.docx", "ementa": "SOLICITA AO PREFEITO MUNICIPAL MELHORIA E AMPLIA\u00c7\u00c3O DOS EQUIPAMENTOS DE PROTE\u00c7\u00c3O INDIVIDUAL (EPIS) FORNECIDOS AOS FUNCION\u00c1RIOS RESPONS\u00c1VEIS PELA COLETA DE LIXO, INCLUINDO A DISPONIBILIZA\u00c7\u00c3O DE CAMISAS T\u00c9RMICAS E PROTETOR SOLAR. REITERANDO MINHA INDICA\u00c7\u00c3O DE N\u00ba 167/2025."}, {"id": "1345", "ano": "2026", "numero": "113", "tipo__sigla": "IND", "tipo__descricao": "Indica\u00e7\u00e3o", "autoria": "Lenice Viana", "texto_original": "http://sapl.patydoalferes.rj.leg.br/media/sapl/public/materialegislativa/2026/1345/113_2026_aplicacao_de_po_de_pedra_e_cascalho_na_estrada_humberto_candido_proximo_ao_no_1565_no_bairro_bela_vista..docx", "ementa": "SOLICITA AO PREFEITO MUNICIPAL A APLICA\u00c7\u00c3O DE P\u00d3 DE PEDRA E CASCALHO NA ESTRADA HUMBERTO C\u00c2NDIDO, PR\u00d3XIMO AO N\u00ba 1565, NO BAIRRO BELA VISTA."}, {"id": "1346", "ano": "2026", "numero": "114", "tipo__sigla": "IND", "tipo__descricao": "Indica\u00e7\u00e3o", "autoria": "Lenice Viana", "texto_original": "http://sapl.patydoalferes.rj.leg.br/media/sapl/public/materialegislativa/2026/1346/114_2026_realizacao_de_limpeza_e_retirada_de_barreiras_nos_fundos_do_posto_de_saude_do_bairro_bela_vista..docx", "ementa": "SOLICITA AO PREFEITO MUNICIPAL A REALIZA\u00c7\u00c3O DE LIMPEZA E RETIRADA DE BARREIRAS NOS FUNDOS DO POSTO DE SA\u00daDE DO BAIRRO BELA VISTA."}, {"id": "1347", "ano": "2026", "numero": "115", "tipo__sigla": "IND", "tipo__descricao": "Indica\u00e7\u00e3o", "autoria": "Lenice Viana", "texto_original": "http://sapl.patydoalferes.rj.leg.br/media/sapl/public/materialegislativa/2026/1347/115_2026_realizacao_de_limpeza_e_rocada_ao_redor_do_posto_de_saude_do_bairro_arcozelo..docx", "ementa": "SOLICITA AO PREFEITO MUNICIPAL A REALIZA\u00c7\u00c3O DE LIMPEZA E RO\u00c7ADA AO REDOR DO POSTO DE SA\u00daDE DO BAIRRO ARCOZELO."}, {"id": "1348", "ano": "2026", "numero": "116", "tipo__sigla": "IND", "tipo__descricao": "Indica\u00e7\u00e3o", "autoria": "Edinho da Dengue", "texto_original": "http://sapl.patydoalferes.rj.leg.br/media/sapl/public/materialegislativa/2026/1348/116_2026_realizacao_de_manutencao_na_iluminacao_publica_da_rua_quadro_localizada_no_bairro_clube_velho..docx", "ementa": "SOLICITA AO PREFEITO MUNICIPAL A REALIZA\u00c7\u00c3O DE MANUTEN\u00c7\u00c3O NA ILUMINA\u00c7\u00c3O P\u00daBLICA DA RUA QUATRO, LOCALIZADA NO BAIRRO CLUBE VELHO."}, {"id": "1349", "ano": "2026", "numero": "117", "tipo__sigla": "IND", "tipo__descricao": "Indica\u00e7\u00e3o", "autoria": "Edinho da Dengue", "texto_original": "http://sapl.patydoalferes.rj.leg.br/media/sapl/public/materialegislativa/2026/1349/117_2026_realizacao_de_limpeza_e_desobstrucao_da_rj-117_no_trecho_que_compreende_do_inicio_do_goiabal_ate_o_bairro_coqueiros..docx", "ementa": "SOLICITA AO PREFEITO MUNICIPAL A REALIZA\u00c7\u00c3O DE LIMPEZA E DESOBSTRU\u00c7\u00c3O DA RJ-117, NO TRECHO QUE COMPREENDE DO IN\u00cdCIO DO BAIRRO GOIABAL AT\u00c9 O BAIRRO COQUEIROS."}, {"id": "1350", "ano": "2026", "numero": "118", "tipo__sigla": "IND", "tipo__descricao": "Indica\u00e7\u00e3o", "autoria": "Marco Aurelio", "texto_original": "http://sapl.patydoalferes.rj.leg.br/media/sapl/public/materialegislativa/2026/1350/118_2026_marco_aurelio_e_edinho__limpeza_do_patio_do_ceasa_de_arcozelo.docx", "ementa": "SOLICITA AO PREFEITO MUNICIPAL A LIMPEZA DO P\u00c1TIO DO CEASA DE ARCOZELO, EM RAZ\u00c3O DAS FORTES CHUVAS QUE DEIXARAM O LOCAL EM CONDI\u00c7\u00d5ES PREC\u00c1RIAS."}, {"id": "1351", "ano": "2026", "numero": "119", "tipo__sigla": "IND", "tipo__descricao": "Indica\u00e7\u00e3o", "autoria": "Macarr\u00e3o", "texto_original": "http://sapl.patydoalferes.rj.leg.br/media/sapl/public/materialegislativa/2026/1351/119_2026_macarrao_e_edinho_limpeza_do_rio_que_corta_o_bairro_rio_pardo.docx", "ementa": "SOLICITA AO PREFEITO MUNICIPAL A LIMPEZA DO RIO QUE CORTA O BAIRRO RIO PARDO."}, {"id": "1352", "ano": "2026", "numero": "120", "tipo__sigla": "IND", "tipo__descricao": "Indica\u00e7\u00e3o", "autoria": "Edinho da Dengue", "texto_original": "http://sapl.patydoalferes.rj.leg.br/media/sapl/public/materialegislativa/2026/1352/120_2026_interceda_junto_ao_governo_do_estado_do_rio_de_janeiro_por_meio_do_orgao_competente.docx", "ementa": "SOLICITA AO PREFEITO MUNICIPAL QUE INTERCEDA JUNTO AO GOVERNO DO ESTADO DO RIO DE JANEIRO, POR MEIO DO \u00d3RG\u00c3O COMPETENTE, PARA A CONSTRU\u00c7\u00c3O DE UM MURO DE CONTEN\u00c7\u00c3O NA LATERAL DA PISTA DA RJ-125, PR\u00d3XIMO \u00c0 CURVA DO BALAEIRO, NO BAIRRO GRANJA CALIF\u00d3RNIA."}, {"id": "1353", "ano": "2026", "numero": "121", "tipo__sigla": "IND", "tipo__descricao": "Indica\u00e7\u00e3o", "autoria": "Feij\u00e3o", "texto_original": "http://sapl.patydoalferes.rj.leg.br/media/sapl/public/materialegislativa/2026/1353/121_2026_implantacao_de_nova_rede_de_esgoto_na_rua_julio_pacheco_no_bairro_granja_california..docx", "ementa": "SOLICITA AO PREFEITO MUNICIPAL A IMPLANTA\u00c7\u00c3O DE NOVA REDE DE ESGOTO NA RUA J\u00daLIO PACHECO, NO BAIRRO GRANJA CALIF\u00d3RNIA."}, {"id": "1354", "ano": "2026", "numero": "122", "tipo__sigla": "IND", "tipo__descricao": "Indica\u00e7\u00e3o", "autoria": "Feij\u00e3o", "texto_original": "http://sapl.patydoalferes.rj.leg.br/media/sapl/public/materialegislativa/2026/1354/122_2026__a_substituicao_da_iluminacao_convencional_por_iluminacao_em_led_no_jardim_de_avelar..docx", "ementa": "SOLICITA AO PREFEITO MUNICIPAL A SUBSTITUI\u00c7\u00c3O DA ILUMINA\u00c7\u00c3O CONVENCIONAL POR ILUMINA\u00c7\u00c3O EM LED NO JARDIM DE AVELAR."}, {"id": "1355", "ano": "2026", "numero": "124", "tipo__sigla": "IND", "tipo__descricao": "Indica\u00e7\u00e3o", "autoria": "Claudio Japones", "texto_original": "http://sapl.patydoalferes.rj.leg.br/media/sapl/public/materialegislativa/2026/1355/124_2026_recuperacao_da_canalizacao_do_esgoto_e_a_desobstrucao_das_caixas_de_areia_na_rua_g.docx", "ementa": "SOLICITA AO PREFEITO MUNICIPAL A RECUPERA\u00c7\u00c3O DA CANALIZA\u00c7\u00c3O DO ESGOTO E A DESOBSTRU\u00c7\u00c3O DAS CAIXAS DE AREIA NA RUA G, ESTRADA ARCOZELO/MARAVILHA, PR\u00d3XIMO AO LAVA JATO, PRIMEIRA RUA \u00c0 DIREITA."}, {"id": "1362", "ano": "2026", "numero": "131", "tipo__sigla": "IND", "tipo__descricao": "Indica\u00e7\u00e3o", "autoria": "Marco Aurelio", "texto_original": "http://sapl.patydoalferes.rj.leg.br/media/sapl/public/materialegislativa/2026/1362/131_2026__a_reforma_da_capela_localizada_na_rua_guaribu_velho_sentido_sitio_das_goiabas_no_bairro_granja_california..docx", "ementa": "SOLICITA AO PREFEITO MUNICIPAL A REFORMA DA CAPELA LOCALIZADA NA RUA GUARIB\u00da VELHO, SENTIDO S\u00cdTIO DAS GOIABAS, NO BAIRRO GRANJA CALIF\u00d3RNIA."}, {"id": "1363", "ano": "2026", "numero": "132", "tipo__sigla": "IND", "tipo__descricao": "Indica\u00e7\u00e3o", "autoria": "Edinho da Dengue", "texto_original": "http://sapl.patydoalferes.rj.leg.br/media/sapl/public/materialegislativa/2026/1363/132_2026_substituicao_da_ponte_de_madeira_existente_no_bairro_rio_pardo_lado_da_escola__por_uma_ponte_de_alvenaria_estrutural.docx", "ementa": "SOLICITA AO PREFEITO A SUBSTITUI\u00c7\u00c3O DA PONTE DE MADEIRA ATUALMENTE EXISTENTE NO BAIRRO RIO PARDO, AO LADO DA ESCOLA DO RIO PARDO, POR UMA PONTE DE ALVENARIA ESTRUTURAL. REITERANDO MINHA INDICA\u00c7\u00c3O DE N\u00ba 004/2025."}, {"id": "1364", "ano": "2026", "numero": "133", "tipo__sigla": "IND", "tipo__descricao": "Indica\u00e7\u00e3o", "autoria": "Edinho da Dengue", "texto_original": "http://sapl.patydoalferes.rj.leg.br/media/sapl/public/materialegislativa/2026/1364/133_2026_manutencao_reparo_das_pontes_localizadas_coqueiros_especialmente_a_ponte_curral_do_produtor_rural_igor_melo..docx", "ementa": "SOLICITA AO PREFEITO A MANUTEN\u00c7\u00c3O E REPARO DAS PONTES LOCALIZADAS NO BAIRRO COQUEIROS, ESPECIALMENTE A PONTE QUE D\u00c1 ACESSO AO CURRAL DO PRODUTOR RURAL IGOR MELO."}, {"id": "1366", "ano": "2026", "numero": "135", "tipo__sigla": "IND", "tipo__descricao": "Indica\u00e7\u00e3o", "autoria": "Lenice Viana", "texto_original": "http://sapl.patydoalferes.rj.leg.br/media/sapl/public/materialegislativa/2026/1366/135_2026_determine_a_secretaria_de_meio_ambiente_a_realizacao_do_corte_e_manejo_de_moita_de_bambu_na_estrada_humberto_candido.docx", "ementa": "SOLICITA AO PREFEITO MUNICIPAL QUE DETERMINE \u00c0 SECRETARIA MUNICIPAL DE MEIO AMBIENTE A REALIZA\u00c7\u00c3O DO CORTE E MANEJO DE UMA MOITA DE BAMBU LOCALIZADA NA ESTRADA HUMBERTO C\u00c2NDIDO, PR\u00d3XIMO AO N\u00ba 1565, NO BAIRRO BELA VISTA."}, {"id": "1367", "ano": "2026", "numero": "136", "tipo__sigla": "IND", "tipo__descricao": "Indica\u00e7\u00e3o", "autoria": "Lenice Viana", "texto_original": "http://sapl.patydoalferes.rj.leg.br/media/sapl/public/materialegislativa/2026/1367/136_2026_adocao_de_providencias_quanto_a_arvore_e_ao_poste_com_risco_de_queda_na_rua_nova_mantiqueira_proximo_ao_no_635_no_bairro_centro.docx", "ementa": "SOLICITA AO PREFEITO MUNICIPAL QUE DETERMINE \u00c0 SECRETARIA COMPETENTE A RETIRADA DE BARREIRA, BEM COMO A ADO\u00c7\u00c3O DE PROVID\u00caNCIAS QUANTO \u00c0 \u00c1RVORE E AO POSTE COM RISCO DE QUEDA NA RUA NOVA MANTIQUEIRA, PR\u00d3XIMO AO N\u00ba 635, NO BAIRRO CENTRO."}, {"id": "1368", "ano": "2026", "numero": "137", "tipo__sigla": "IND", "tipo__descricao": "Indica\u00e7\u00e3o", "autoria": "Lenice Viana", "texto_original": "http://sapl.patydoalferes.rj.leg.br/media/sapl/public/materialegislativa/2026/1368/137_2026_intervenha_junto_a_light_para_adocao_de_providencias_quanto_a_poste_com_risco_de_queda_rua_dez_no_02_bairro_centro..docx", "ementa": "SOLICITA AO PREFEITO MUNICIPAL QUE INTERVENHA JUNTO \u00c0 CONCESSION\u00c1RIA LIGHT PARA ADO\u00c7\u00c3O DE PROVID\u00caNCIAS QUANTO AO POSTE COM RISCO DE QUEDA NA RUA DEZ, N\u00ba 02, BAIRRO CENTRO."}, {"id": "1369", "ano": "2026", "numero": "138", "tipo__sigla": "IND", "tipo__descricao": "Indica\u00e7\u00e3o", "autoria": "Peterson Liberato", "texto_original": "http://sapl.patydoalferes.rj.leg.br/media/sapl/public/materialegislativa/2026/1369/138_2026_a_reforma_da_ponte_que_da_acesso_ao_espaco_km_no_bairro_maravilha..docx", "ementa": "SOLICITA AO PREFEITO MUNICIPAL A REFORMA DA PONTE QUE D\u00c1 ACESSO AO ESPA\u00c7O KM, NO BAIRRO MARAVILHA."}, {"id": "1373", "ano": "2026", "numero": "142", "tipo__sigla": "IND", "tipo__descricao": "Indica\u00e7\u00e3o", "autoria": "Feij\u00e3o", "texto_original": "http://sapl.patydoalferes.rj.leg.br/media/sapl/public/materialegislativa/2026/1373/142_2026__a_realizacao_de_patrolamento_da_rua_do_guaribu_velho_via_que_interliga_o_bairro_da_granja_california_ao_bairro_do_guaribu..docx", "ementa": "SOLICITA AO PREFEITO MUNICIPAL A REALIZA\u00c7\u00c3O DE PATROLAMENTO DA RUA DO GUARIB\u00da VELHO, VIA QUE INTERLIGA O BAIRRO DA GRANJA CALIF\u00d3RNIA AO BAIRRO DO GUARIB\u00da."}, {"id": "1374", "ano": "2026", "numero": "143", "tipo__sigla": "IND", "tipo__descricao": "Indica\u00e7\u00e3o", "autoria": "Feij\u00e3o", "texto_original": "http://sapl.patydoalferes.rj.leg.br/media/sapl/public/materialegislativa/2026/1374/143_2026_a_realizacao_da_limpeza_dos_bueiros_localizados_na_rua_irineu_reis_no_bairro_da_granja_california..docx", "ementa": "SOLICITA AO PREFEITO MUNICIPAL A REALIZA\u00c7\u00c3O DA LIMPEZA DOS BUEIROS LOCALIZADOS NA RUA IRINEU REIS, NO BAIRRO DA GRANJA CALIF\u00d3RNIA."}, {"id": "1375", "ano": "2026", "numero": "144", "tipo__sigla": "IND", "tipo__descricao": "Indica\u00e7\u00e3o", "autoria": "Feij\u00e3o", "texto_original": "http://sapl.patydoalferes.rj.leg.br/media/sapl/public/materialegislativa/2026/1375/144_2026__a_realizacao_de_patrolamento_e_aplicacao_de_saibro_nos_pontos_criticos_da_estrada_antonio_faustino_porto.docx", "ementa": "SOLICITA AO PREFEITO MUNICIPAL A REALIZA\u00c7\u00c3O DE PATROLAMENTO E APLICA\u00c7\u00c3O DE SAIBRO NOS PONTOS CR\u00cdTICOS DA ESTRADA ANT\u00d4NIO FAUSTINO PORTO, QUE INTERLIGA A LOCALIDADE FAZENDA DAS ANTAS, NO SENTIDO \u00c0 SAMAMBAIA."}, {"id": "1376", "ano": "2026", "numero": "145", "tipo__sigla": "IND", "tipo__descricao": "Indica\u00e7\u00e3o", "autoria": "Peterson Liberato", "texto_original": "http://sapl.patydoalferes.rj.leg.br/media/sapl/public/materialegislativa/2026/1376/145_2026__a_realizacao_de_rocada_na_rua_d_ate_a_rua_f_no_bairro_roseiral..docx", "ementa": "SOLICITA AO PREFEITO MUNICIPAL A REALIZA\u00c7\u00c3O DE RO\u00c7ADA NA RUA D AT\u00c9 A RUA F, NO BAIRRO ROSEIRAL."}, {"id": "1377", "ano": "2026", "numero": "146", "tipo__sigla": "IND", "tipo__descricao": "Indica\u00e7\u00e3o", "autoria": "Marco Aurelio", "texto_original": "http://sapl.patydoalferes.rj.leg.br/media/sapl/public/materialegislativa/2026/1377/146_2026___a_ampliacao_do_servico_de_entrega_domiciliar_de_correspondencias_nas_ruas_nao_atendidas_do_morro_joao_malandro.docx", "ementa": "SOLICITA AO PREFEITO MUNICIPAL QUE INTERVENHA JUNTO \u00c0 EMPRESA CORREIOS VISANDO \u00c0 AMPLIA\u00c7\u00c3O DO SERVI\u00c7O DE ENTREGA DOMICILIAR DE CORRESPOND\u00caNCIAS NAS RUAS N\u00c3O ATENDIDAS DO MORRO JO\u00c3O MALANDRO, NO BAIRRO GRANJA CALIF\u00d3RNIA."}, {"id": "1378", "ano": "2026", "numero": "150", "tipo__sigla": "IND", "tipo__descricao": "Indica\u00e7\u00e3o", "autoria": "Lenice Viana", "texto_original": "http://sapl.patydoalferes.rj.leg.br/media/sapl/public/materialegislativa/2026/1378/150_2026__transformacao_do_espaco_onde_funcionava_a_antiga_clinica_da_familia_no_bairro_arcozelo_em_um_centro_de_imagem..docx", "ementa": "SOLICITA AO PREFEITO MUNICIPAL A TRANSFORMA\u00c7\u00c3O DO ESPA\u00c7O ONDE FUNCIONAVA A ANTIGA CL\u00cdNICA DA FAM\u00cdLIA, NO BAIRRO ARCOZELO, EM UM CENTRO DE IMAGEM."}, {"id": "1379", "ano": "2026", "numero": "151", "tipo__sigla": "IND", "tipo__descricao": "Indica\u00e7\u00e3o", "autoria": "Lenice Viana", "texto_original": "http://sapl.patydoalferes.rj.leg.br/media/sapl/public/materialegislativa/2026/1379/151_2026__aplicacao_de_po_de_pedra_na_rua_vera_lucia_souza_tendo_como_referencia_o_no_1085_bairro_arcozelo..docx", "ementa": "SOLICITA AO PREFEITO MUNICIPAL A APLICA\u00c7\u00c3O DE P\u00d3 DE PEDRA NA RUA VERA L\u00daCIA SOUZA, TENDO COMO REFER\u00caNCIA O N\u00ba 1085, BAIRRO ARCOZELO."}, {"id": "1380", "ano": "2026", "numero": "152", "tipo__sigla": "IND", "tipo__descricao": "Indica\u00e7\u00e3o", "autoria": "Lenice Viana", "texto_original": "http://sapl.patydoalferes.rj.leg.br/media/sapl/public/materialegislativa/2026/1380/152_2026_conclusao_da_obra_de_reforma_da_passarela_situada_atras_da_aldeia_de_arcozelo..docx", "ementa": "SOLICITA AO PREFEITO MUNICIPAL A CONCLUS\u00c3O DA OBRA DE REFORMA DA PASSARELA SITUADA ATR\u00c1S DA ALDEIA DE ARCOZELO."}, {"id": "1381", "ano": "2026", "numero": "153", "tipo__sigla": "IND", "tipo__descricao": "Indica\u00e7\u00e3o", "autoria": "Macarr\u00e3o", "texto_original": "http://sapl.patydoalferes.rj.leg.br/media/sapl/public/materialegislativa/2026/1381/153_2026__patrolamento_e_ensaibramento_da_rua_altino_antonio_rosa_bairro_aquenta_sol..docx", "ementa": "SOLICITA AO PREFEITO MUNICIPAL O PATROLAMENTO E ENSAIBRAMENTO DA RUA ALTINO ANT\u00d4NIO ROSA, BAIRRO AQUENTA SOL. REITERANDO MINHA INDICA\u00c7\u00c3O DE N\u00ba 043/2025."}, {"id": "1383", "ano": "2026", "numero": "155", "tipo__sigla": "IND", "tipo__descricao": "Indica\u00e7\u00e3o", "autoria": "Claudio Japones", "texto_original": "http://sapl.patydoalferes.rj.leg.br/media/sapl/public/materialegislativa/2026/1383/155_2026_averiguacao_e_o_reparo_da_ponte_situada_na_rua_nova_mantiquira_no_bairro_mantiquira..docx", "ementa": "Solicita ao Prefeito Municipal a averigua\u00e7\u00e3o e o reparo da ponte situada na Rua Nova Mantiquira, no Bairro Mantiquira."}, {"id": "1386", "ano": "2026", "numero": "156", "tipo__sigla": "IND", "tipo__descricao": "Indica\u00e7\u00e3o", "autoria": "Zaninho", "texto_original": "http://sapl.patydoalferes.rj.leg.br/media/sapl/public/materialegislativa/2026/1386/156_2026_autoriza_o_poder_executivo_a_instituir_o_programa_municipal_de_aquisicao_de_tenis_para_os_estudantes.docx", "ementa": "AUTORIZA O PODER EXECUTIVO A INSTITUIR O PROGRAMA MUNICIPAL DE AQUISI\u00c7\u00c3O DE T\u00caNIS PARA OS ESTUDANTES DA REDE P\u00daBLICA MUNICIPAL DE ENSINO DE PATY DO ALFERES E D\u00c1 OUTRAS PROVID\u00caNCIAS."}, {"id": "1387", "ano": "2026", "numero": "157", "tipo__sigla": "IND", "tipo__descricao": "Indica\u00e7\u00e3o", "autoria": "Peterson Liberato", "texto_original": "http://sapl.patydoalferes.rj.leg.br/media/sapl/public/materialegislativa/2026/1387/157_2026_realizacao_de_patrolamento_e_ensaibramento_na_rua_agenor_de_souza_vieira_localizada_no_bairro_arcozelo.docx", "ementa": "SOLICITA AO PREFEITO MUNICIPAL A REALIZA\u00c7\u00c3O DE PATROLAMENTO E ENSAIBRAMENTO NA RUA AGENOR DE SOUZA VIEIRA, LOCALIZADA NO BAIRRO ARCOZELO."}, {"id": "1388", "ano": "2026", "numero": "158", "tipo__sigla": "IND", "tipo__descricao": "Indica\u00e7\u00e3o", "autoria": "Peterson Liberato", "texto_original": "http://sapl.patydoalferes.rj.leg.br/media/sapl/public/materialegislativa/2026/1388/158_2026_realizacao_de_patrolamento_e_aplicacao_de_po_de_pedra_na_rua_osvaldo_moraes_localizada_no_bairro_pedras_ruivas..docx", "ementa": "SOLICITA AO PREFEITO MUNICIPAL A REALIZA\u00c7\u00c3O DE PATROLAMENTO E APLICA\u00c7\u00c3O DE P\u00d3 DE PEDRA NA RUA OSVALDO MOR\u00c3ES, LOCALIZADA NO BAIRRO PEDRAS RUIVAS."}, {"id": "1390", "ano": "2026", "numero": "160", "tipo__sigla": "IND", "tipo__descricao": "Indica\u00e7\u00e3o", "autoria": "Feij\u00e3o", "texto_original": "http://sapl.patydoalferes.rj.leg.br/media/sapl/public/materialegislativa/2026/1390/160_2026_aplicacao_de_material_de_escoria_ou_po_de_pedra_na_estrada_jacob_nas_proximidades_do_no_140_no_bairro_granja_california..docx", "ementa": "SOLICITA AO PREFEITO MUNICIPAL A APLICA\u00c7\u00c3O DE MATERIAL DE ESC\u00d3RIA OU P\u00d3 DE PEDRA NA ESTRADA JACOB, NAS PROXIMIDADES DO N\u00ba 140, NO BAIRRO GRANJA CALIF\u00d3RNIA."}, {"id": "1391", "ano": "2026", "numero": "161", "tipo__sigla": "IND", "tipo__descricao": "Indica\u00e7\u00e3o", "autoria": "", "texto_original": "http://sapl.patydoalferes.rj.leg.br/media/sapl/public/materialegislativa/2026/1391/161_2026_aplicacao_de_escoria_ou_po_de_pedra_nas_ruas_nao_asfaltadas_do_morro_joao_malandro_no_bairro_granja_california..docx", "ementa": "SOLICITA AO PREFEITO MUNICIPAL A APLICA\u00c7\u00c3O DE ESC\u00d3RIA OU P\u00d3 DE PEDRA NAS RUAS N\u00c3O ASFALTADAS DO MORRO JO\u00c3O MALANDRO, NO BAIRRO GRANJA CALIF\u00d3RNIA."}, {"id": "1392", "ano": "2026", "numero": "162", "tipo__sigla": "IND", "tipo__descricao": "Indica\u00e7\u00e3o", "autoria": "Lenice Viana", "texto_original": "http://sapl.patydoalferes.rj.leg.br/media/sapl/public/materialegislativa/2026/1392/162_2026_limpeza_da_vala_no_bairro_bela_vista_no_trecho_atras_da_igreja_assembleia_de_deus_ate_as_estufas_do_russo.docx", "ementa": "SOLICITA AO PREFEITO MUNICIPAL A LIMPEZA DA VALA LOCALIZADA NO BAIRRO BELA VISTA, NO TRECHO COMPREENDIDO ATR\u00c1S DA IGREJA ASSEMBLEIA DE DEUS AT\u00c9 AS PROXIMIDADES DAS ESTUFAS DO RUSSO."}, {"id": "1393", "ano": "2026", "numero": "163", "tipo__sigla": "IND", "tipo__descricao": "Indica\u00e7\u00e3o", "autoria": "Lenice Viana", "texto_original": "http://sapl.patydoalferes.rj.leg.br/media/sapl/public/materialegislativa/2026/1393/163_2026_realizacao_de_servicos_de_limpeza_e_aplicacao_de_po_de_pedra_na_rua_17_localizada_no_bairro_arcozelo..docx", "ementa": "SOLICITA AO PREFEITO MUNICIPAL A REALIZA\u00c7\u00c3O DE SERVI\u00c7OS DE LIMPEZA E APLICA\u00c7\u00c3O DE P\u00d3 DE PEDRA NA RUA 17, LOCALIZADA NO BAIRRO ARCOZELO."}, {"id": "1399", "ano": "2026", "numero": "171", "tipo__sigla": "IND", "tipo__descricao": "Indica\u00e7\u00e3o", "autoria": "Guilherme Rosa", "texto_original": "http://sapl.patydoalferes.rj.leg.br/media/sapl/public/materialegislativa/2026/1399/171_2026_pavimentacao_asfaltica_em_todas_as_ruas_localizadas_no_morro_do_capitao_no_bairro_zenobiopolis._reiterando_a_indicacao.docx", "ementa": "SOLICITA AO PREFEITO MUNICIPAL A REALIZA\u00c7\u00c3O DE PAVIMENTA\u00c7\u00c3O ASF\u00c1LTICA EM TODAS AS RUAS LOCALIZADAS NO MORRO DO CAPIT\u00c3O, NO BAIRRO ZENOBI\u00d3POLIS. REITERANDO A INDICA\u00c7\u00c3O DE N\u00ba 1006/2025 FEITA PELO VEREADOR EDINHO."}, {"id": "1400", "ano": "2026", "numero": "172", "tipo__sigla": "IND", "tipo__descricao": "Indica\u00e7\u00e3o", "autoria": "Edinho da Dengue", "texto_original": "http://sapl.patydoalferes.rj.leg.br/media/sapl/public/materialegislativa/2026/1400/172_2026_solicita_ao_prefeito_municipal_que_realize_em_conjunto_com_a_secretaria_de_obras_a_operacao_tapa-buracos_na_rj-117..docx", "ementa": "SOLICITA AO PREFEITO MUNICIPAL QUE REALIZE, EM CONJUNTO COM A SECRETARIA DE OBRAS, A OPERA\u00c7\u00c3O TAPA-BURACOS NA RJ-117. REITERANDO MINHA INDICA\u00c7\u00c3O DE N\u00ba 113/2025."}, {"id": "1401", "ano": "2026", "numero": "173", "tipo__sigla": "IND", "tipo__descricao": "Indica\u00e7\u00e3o", "autoria": "Edinho da Dengue", "texto_original": "http://sapl.patydoalferes.rj.leg.br/media/sapl/public/materialegislativa/2026/1401/173_2026_realizacao_de_reforma_na_escola_municipal_manoel_rodrigues_situada_no_bairro_coqueiros..docx", "ementa": "SOLICITA AO PREFEITO MUNICIPAL A REALIZA\u00c7\u00c3O DE REFORMA NA ESCOLA MUNICIPAL MANOEL RODRIGUES, SITUADA NO BAIRRO COQUEIROS."}, {"id": "1402", "ano": "2026", "numero": "174", "tipo__sigla": "IND", "tipo__descricao": "Indica\u00e7\u00e3o", "autoria": "Feij\u00e3o", "texto_original": "http://sapl.patydoalferes.rj.leg.br/media/sapl/public/materialegislativa/2026/1402/174_2026_aplicacao_de_escoria_ou_po_de_pedra_nos_pontos_criticos_da_estrada_sao_joaquim_localizada_no_bairro_sao_joaquim..docx", "ementa": "SOLICITA AO PREFEITO MUNICIPAL A APLICA\u00c7\u00c3O DE ESC\u00d3RIA OU P\u00d3 DE PEDRA NOS PONTOS CR\u00cdTICOS DA ESTRADA S\u00c3O JOAQUIM, LOCALIZADA NO BAIRRO S\u00c3O JOAQUIM."}, {"id": "1403", "ano": "2026", "numero": "175", "tipo__sigla": "IND", "tipo__descricao": "Indica\u00e7\u00e3o", "autoria": "Feij\u00e3o", "texto_original": "http://sapl.patydoalferes.rj.leg.br/media/sapl/public/materialegislativa/2026/1403/175_2026_realizacao_de_patrolamento_e_a_aplicacao_de_material_do_tipo_escoria_ou_po_de_pedra_nos_pontos_criticos_da_estrada_do_alto_seco.docx", "ementa": "SOLICITA AO PREFEITO MUNICIPAL A REALIZA\u00c7\u00c3O DE PATROLAMENTO E A APLICA\u00c7\u00c3O DE MATERIAL DO TIPO ESC\u00d3RIA OU P\u00d3 DE PEDRA NOS PONTOS CR\u00cdTICOS DA ESTRADA DO ALTO SECO, LOCALIZADA NO BAIRRO ALTO SECO."}, {"id": "1405", "ano": "2026", "numero": "177", "tipo__sigla": "IND", "tipo__descricao": "Indica\u00e7\u00e3o", "autoria": "Marco Aurelio", "texto_original": "http://sapl.patydoalferes.rj.leg.br/media/sapl/public/materialegislativa/2026/1405/177_2026_substituicao_de_um_poste_de_iluminacao_publica_prestes_a_cair_na_rua_sao_sebastiao_no_bairro_granja_california..docx", "ementa": "SOLICITA AO PREFEITO MUNICIPAL A SUBSTITUI\u00c7\u00c3O DE UM POSTE DE ILUMINA\u00c7\u00c3O P\u00daBLICA QUE SE ENCONTRA PRESTES A CAIR NA RUA S\u00c3O SEBASTI\u00c3O, NO BAIRRO GRANJA CALIF\u00d3RNIA."}, {"id": "1406", "ano": "2026", "numero": "178", "tipo__sigla": "IND", "tipo__descricao": "Indica\u00e7\u00e3o", "autoria": "Marco Aurelio", "texto_original": "http://sapl.patydoalferes.rj.leg.br/media/sapl/public/materialegislativa/2026/1406/178_2026__troca_das_lampadas_da_iluminacao_publica_na_rua_eunice_silva_no_bairro_granja_california..docx", "ementa": "SOLICITA AO PREFEITO MUNICIPAL A TROCA DAS L\u00c2MPADAS DA ILUMINA\u00c7\u00c3O P\u00daBLICA NA RUA EUNICE SILVA, NO BAIRRO GRANJA CALIF\u00d3RNIA."}, {"id": "1407", "ano": "2026", "numero": "182", "tipo__sigla": "IND", "tipo__descricao": "Indica\u00e7\u00e3o", "autoria": "Edinho da Dengue", "texto_original": "http://sapl.patydoalferes.rj.leg.br/media/sapl/public/materialegislativa/2026/1407/182_2026_intervenha_junto_a_light_que_seja_enviada_uma_equipe_tecnica_para_avaliar_as_condicoes_de_alguns_postes_de_madeira.docx", "ementa": "SOLICITA AO PREFEITO MUNICIPAL QUE INTERVENHA JUNTO \u00c0 EMPRESA LIGHT, A FIM DE QUE SEJA ENVIADA UMA EQUIPE T\u00c9CNICA PARA AVALIAR AS CONDI\u00c7\u00d5ES DE ALGUNS POSTES DE MADEIRA QUE SE ENCONTRAM DANIFICADOS EM DECORR\u00caNCIA DAS CHUVAS, NO BAIRRO RIO PARDO."}, {"id": "1408", "ano": "2026", "numero": "183", "tipo__sigla": "IND", "tipo__descricao": "Indica\u00e7\u00e3o", "autoria": "Edinho da Dengue", "texto_original": "http://sapl.patydoalferes.rj.leg.br/media/sapl/public/materialegislativa/2026/1408/183_2026_operacao_tapa-buracos_na_rua_do_recanto_localizada_no_bairro_recanto..docx", "ementa": "SOLICITA AO PREFEITO MUNICIPAL A OPERA\u00c7\u00c3O TAPA-BURACOS NA RUA DO RECANTO, LOCALIZADA NO BAIRRO RECANTO."}, {"id": "1409", "ano": "2026", "numero": "184", "tipo__sigla": "IND", "tipo__descricao": "Indica\u00e7\u00e3o", "autoria": "Edinho da Dengue", "texto_original": "http://sapl.patydoalferes.rj.leg.br/media/sapl/public/materialegislativa/2026/1409/184_2026__patrolamento_e_ensaibramento_nas_ruas_dos_bairros_coqueiros_e_rio_pardo_reiterando.docx", "ementa": "SOLICITA AO PREFEITO MUNICIPAL A REALIZA\u00c7\u00c3O DE PATROLAMENTO E ENSAIBRAMENTO NAS RUAS DOS BAIRROS COQUEIROS E RIO PARDO. REITERANDO MINHA INDICA\u00c7\u00c3O DE N\u00ba 017/2026."}, {"id": "1413", "ano": "2026", "numero": "188", "tipo__sigla": "IND", "tipo__descricao": "Indica\u00e7\u00e3o", "autoria": "Heliomar do G\u00e1s", "texto_original": "http://sapl.patydoalferes.rj.leg.br/media/sapl/public/materialegislativa/2026/1413/188_2026_realizacao_de_reforma_e_manutencao_do_campo_situado_na_rua_c_no_bairro_clube_velho..docx", "ementa": "SOLICITA AO PREFEITO MUNICIPAL A REALIZA\u00c7\u00c3O DE REFORMA E MANUTEN\u00c7\u00c3O DO CAMPO SITUADO NA RUA C, NO BAIRRO CLUBE VELHO."}, {"id": "1414", "ano": "2026", "numero": "189", "tipo__sigla": "IND", "tipo__descricao": "Indica\u00e7\u00e3o", "autoria": "Heliomar do G\u00e1s", "texto_original": "http://sapl.patydoalferes.rj.leg.br/media/sapl/public/materialegislativa/2026/1414/189_2026_patrolamento_e_ensaibramento_troca_de_lampadas_publica_na_rua_c_localizada_no_bairro_clube_velho..docx", "ementa": "SOLICITA AO PREFEITO MUNICIPAL A REALIZA\u00c7\u00c3O DE PATROLAMENTO E ENSAIBRAMENTO, BEM COMO A TROCA DE L\u00c2MPADAS DA ILUMINA\u00c7\u00c3O P\u00daBLICA NA RUA C, LOCALIZADA NO BAIRRO CLUBE VELHO."}, {"id": "1416", "ano": "2026", "numero": "194", "tipo__sigla": "IND", "tipo__descricao": "Indica\u00e7\u00e3o", "autoria": "Guilherme Rosa", "texto_original": "http://sapl.patydoalferes.rj.leg.br/media/sapl/public/materialegislativa/2026/1416/194_2026_guilherme_e_lenice__indicacao_realizacao_do_recapeamento_da_rj_que_liga_o_bairro_monte_alegre_ao_bairro_avelar.docx", "ementa": "SOLICITA AO PREFEITO MUNICIPAL QUE INTERCEDA JUNTO AO GOVERNO DO ESTADO DO RIO DE JANEIRO PARA A REALIZA\u00c7\u00c3O DO RECAPEAMENTO DA RJ QUE LIGA O BAIRRO MONTE ALEGRE AO BAIRRO AVELAR."}, {"id": "1417", "ano": "2026", "numero": "195", "tipo__sigla": "IND", "tipo__descricao": "Indica\u00e7\u00e3o", "autoria": "Feij\u00e3o", "texto_original": "http://sapl.patydoalferes.rj.leg.br/media/sapl/public/materialegislativa/2026/1417/195_2026_realizacao_de_reparos_na_via_e_servicos_de_rocada_na_rua_abilio_murce_situada_no_bairro_granja_california._1.docx", "ementa": "SOLICITA AO PREFEITO MUNICIPAL A REALIZA\u00c7\u00c3O DE REPAROS NA VIA E SERVI\u00c7OS DE RO\u00c7ADA NA RUA AB\u00cdLIO MURCE, SITUADA NO BAIRRO GRANJA CALIF\u00d3RNIA."}, {"id": "1418", "ano": "2026", "numero": "196", "tipo__sigla": "IND", "tipo__descricao": "Indica\u00e7\u00e3o", "autoria": "Zaninho", "texto_original": "http://sapl.patydoalferes.rj.leg.br/media/sapl/public/materialegislativa/2026/1418/196_2026_prorrogacao_do_prazo_para_pagamento_em_cota_unica_do_iptu_2026_com_desconto_por_mais_30_dias_uteis..docx", "ementa": "SOLICITA AO PREFEITO MUNICIPAL A PRORROGA\u00c7\u00c3O DO PRAZO PARA PAGAMENTO EM COTA \u00daNICA DO IPTU 2026, COM DESCONTO, POR MAIS 30 DIAS \u00daTEIS."}, {"id": "1419", "ano": "2026", "numero": "197", "tipo__sigla": "IND", "tipo__descricao": "Indica\u00e7\u00e3o", "autoria": "Edinho da Dengue", "texto_original": "http://sapl.patydoalferes.rj.leg.br/media/sapl/public/materialegislativa/2026/1419/197_2026_retirada_de_uma_barreira_a_curva_na_rua_joaquim_alves_louzada_bairro_biriba_referencia_a_rua_do_sase..docx", "ementa": "SOLICITA AO PREFEITO MUNICIPAL A RETIRADA DE UMA BARREIRA EXISTENTE PR\u00d3XIMA \u00c0 CURVA NA RUA JOAQUIM ALVES LOUZADA, LOCALIZADA NO BAIRRO BIRIBA. REFER\u00caNCIA: RUA DO SASE."}, {"id": "1420", "ano": "2026", "numero": "198", "tipo__sigla": "IND", "tipo__descricao": "Indica\u00e7\u00e3o", "autoria": "Edinho da Dengue", "texto_original": "http://sapl.patydoalferes.rj.leg.br/media/sapl/public/materialegislativa/2026/1420/198_2026_solicita_ao_prefeito_municipal_a_realizacao_de_rocada_e_limpeza_do_morro_do_fama.__reiterando_a_indicacao_de_no.docx", "ementa": "SOLICITA AO PREFEITO MUNICIPAL A REALIZA\u00c7\u00c3O DE RO\u00c7ADA E LIMPEZA DO MORRO DO FAMA. REITERANDO MINHA INDICA\u00c7\u00c3O DE N\u00ba 314/2025."}, {"id": "1422", "ano": "2026", "numero": "200", "tipo__sigla": "IND", "tipo__descricao": "Indica\u00e7\u00e3o", "autoria": "Feij\u00e3o", "texto_original": "http://sapl.patydoalferes.rj.leg.br/media/sapl/public/materialegislativa/2026/1422/200_2026__que_seja_realizada_a_poda_de_uma_arvore_localizada_na_rua_deputado_jose_vaz_no_bairro_avelar.docx", "ementa": "SOLICITA AO PREFEITO MUNICIPAL QUE INTERVENHA, JUNTO \u00c0 EMPRESA LIGHT, PARA QUE SEJA REALIZADA A PODA DE UMA \u00c1RVORE LOCALIZADA NA RUA DEPUTADO JOS\u00c9 VAZ, NO BAIRRO AVELAR, PR\u00d3XIMO \u00c0 MERCEARIA DO VALTINHO."}, {"id": "1423", "ano": "2026", "numero": "201", "tipo__sigla": "IND", "tipo__descricao": "Indica\u00e7\u00e3o", "autoria": "Edinho da Dengue", "texto_original": "http://sapl.patydoalferes.rj.leg.br/media/sapl/public/materialegislativa/2026/1423/201_2026_realizacao_de_servicos_de_limpeza_na_rua_virginia_rangel_localizada_no_bairro_mantiquira..docx", "ementa": "SOLICITA AO PREFEITO MUNICIPAL A REALIZA\u00c7\u00c3O DE SERVI\u00c7OS DE LIMPEZA NA RUA VIRG\u00cdNIA RANGEL, LOCALIZADA NO BAIRRO MANTIQUIRA."}, {"id": "1424", "ano": "2026", "numero": "202", "tipo__sigla": "IND", "tipo__descricao": "Indica\u00e7\u00e3o", "autoria": "Lenice Viana", "texto_original": "http://sapl.patydoalferes.rj.leg.br/media/sapl/public/materialegislativa/2026/1424/202_2026_realizacao_de_patrolamento_e_aplicacao_de_po_de_pedra_na_estrada_do_paiol_velho_localizada_no_bairro_paiol_velho..docx", "ementa": "SOLICITA AO PREFEITO MUNICIPAL A REALIZA\u00c7\u00c3O DE PATROLAMENTO E APLICA\u00c7\u00c3O DE P\u00d3 DE PEDRA NA ESTRADA DO PAIOL VELHO, LOCALIZADA NO BAIRRO PAIOL VELHO."}, {"id": "1427", "ano": "2026", "numero": "205", "tipo__sigla": "IND", "tipo__descricao": "Indica\u00e7\u00e3o", "autoria": "Lenice Viana", "texto_original": "http://sapl.patydoalferes.rj.leg.br/media/sapl/public/materialegislativa/2026/1427/205_2026_a_realizacao_de_rocada_patrolamento_e_aplicacao_de_po_de_pedra_na_estrada_do_grotao_proximo_ao_no_212_localizada_no_bairro_paiol_velho..docx", "ementa": "SOLICITA AO PREFEITO MUNICIPAL A REALIZA\u00c7\u00c3O DE RO\u00c7ADA, PATROLAMENTO E APLICA\u00c7\u00c3O DE P\u00d3 DE PEDRA NA ESTRADA DO GROT\u00c3O, PR\u00d3XIMO AO N\u00ba 212, LOCALIZADA NO BAIRRO PAIOL VELHO."}, {"id": "1428", "ano": "2026", "numero": "210", "tipo__sigla": "IND", "tipo__descricao": "Indica\u00e7\u00e3o", "autoria": "Claudio Japones", "texto_original": "http://sapl.patydoalferes.rj.leg.br/media/sapl/public/materialegislativa/2026/1428/210_2026_instalacao_de_refletores_na_quadra_da_escola_municipal_gioconda_bernardes_localizada_no_bairro_maravilha..docx", "ementa": "SOLICITA AO PREFEITO MUNICIPAL A INSTALA\u00c7\u00c3O DE REFLETORES NA QUADRA DA ESCOLA MUNICIPAL GIOCONDA BERNARDES, LOCALIZADA NO BAIRRO MARAVILHA."}, {"id": "1429", "ano": "2026", "numero": "211", "tipo__sigla": "IND", "tipo__descricao": "Indica\u00e7\u00e3o", "autoria": "Claudio Japones", "texto_original": "http://sapl.patydoalferes.rj.leg.br/media/sapl/public/materialegislativa/2026/1429/211_2026_construcao_de_uma_ponte_na_rua_boa_vista_travessa_440_localizada_no_bairro_boa_vista..docx", "ementa": "SOLICITA AO PREFEITO MUNICIPAL A CONSTRU\u00c7\u00c3O DE UMA PONTE NA RUA BOA VISTA, TRAVESSA 440, LOCALIZADA NO BAIRRO BOA VISTA."}, {"id": "1430", "ano": "2026", "numero": "212", "tipo__sigla": "IND", "tipo__descricao": "Indica\u00e7\u00e3o", "autoria": "Edinho da Dengue", "texto_original": "http://sapl.patydoalferes.rj.leg.br/media/sapl/public/materialegislativa/2026/1430/212_2026_realizada_operacao_tapa-buracos_nas_vias_asfaltadas_dos_bairros_coqueiros_e_rio_pardo..docx", "ementa": "SOLICITA AO PREFEITO MUNICIPAL QUE SEJA REALIZADA OPERA\u00c7\u00c3O TAPA-BURACOS NAS VIAS ASFALTADAS DOS BAIRROS COQUEIROS E RIO PARDO."}, {"id": "1431", "ano": "2026", "numero": "213", "tipo__sigla": "IND", "tipo__descricao": "Indica\u00e7\u00e3o", "autoria": "Edinho da Dengue", "texto_original": "http://sapl.patydoalferes.rj.leg.br/media/sapl/public/materialegislativa/2026/1431/213_2026_realizacao_de_servicos_de_rocada_no_bairro_prata..docx", "ementa": "SOLICITA AO PREFEITO MUNICIPAL A REALIZA\u00c7\u00c3O DE SERVI\u00c7OS DE RO\u00c7ADA NO BAIRRO PRATA."}, {"id": "1432", "ano": "2026", "numero": "214", "tipo__sigla": "IND", "tipo__descricao": "Indica\u00e7\u00e3o", "autoria": "Lenice Viana", "texto_original": "http://sapl.patydoalferes.rj.leg.br/media/sapl/public/materialegislativa/2026/1432/214_2026_realizacao_de_servicos_de_patrolamento_e_aplicacao_de_po_de_pedra_na_rua_lucio_teixeira_no_bairro_tres_porteiras.docx", "ementa": "SOLICITA AO PREFEITO MUNICIPAL A REALIZA\u00c7\u00c3O DE SERVI\u00c7OS DE PATROLAMENTO E APLICA\u00c7\u00c3O DE P\u00d3 DE PEDRA NA RUA L\u00daCIO TEIXEIRA, NO BAIRRO TR\u00caS PORTEIRAS, NAS PROXIMIDADES DO N\u00ba 1117."}, {"id": "1434", "ano": "2026", "numero": "216", "tipo__sigla": "IND", "tipo__descricao": "Indica\u00e7\u00e3o", "autoria": "Edinho da Dengue", "texto_original": "http://sapl.patydoalferes.rj.leg.br/media/sapl/public/materialegislativa/2026/1434/216_2026_realizacao_de_reforma_e_ampliacao_da_pracinha_situada_no_bairro_rio_pardo_bem_como_a_instalacao_de_novos_brinquedos_no_local..docx", "ementa": "SOLICITA AO PREFEITO MUNICIPAL A REALIZA\u00c7\u00c3O DE REFORMA E AMPLIA\u00c7\u00c3O DA PRACINHA SITUADA NO BAIRRO RIO PARDO, BEM COMO A INSTALA\u00c7\u00c3O DE NOVOS BRINQUEDOS NO LOCAL."}, {"id": "1435", "ano": "2026", "numero": "217", "tipo__sigla": "IND", "tipo__descricao": "Indica\u00e7\u00e3o", "autoria": "Peterson Liberato", "texto_original": "http://sapl.patydoalferes.rj.leg.br/media/sapl/public/materialegislativa/2026/1435/217_2026_aplicacao_de_po_de_pedra_na_rua_do_brandao_e_na_alameda_da_quaresma_divino_vale_ambas_no_bairro_palmares.docx", "ementa": "SOLICITA AO PREFEITO MUNICIPAL A APLICA\u00c7\u00c3O DE P\u00d3 DE PEDRA NA RUA DO BRAND\u00c3O (POR CIMA DA \u00c1GUA FRIA) E NA ALAMEDA DA QUARESMA (DIVINO VALE), AMBAS LOCALIZADAS NO BAIRRO PALMARES."}, {"id": "1436", "ano": "2026", "numero": "218", "tipo__sigla": "IND", "tipo__descricao": "Indica\u00e7\u00e3o", "autoria": "Marco Aurelio", "texto_original": "http://sapl.patydoalferes.rj.leg.br/media/sapl/public/materialegislativa/2026/1436/218_2026_instalacao_de_placa_de_sinalizacao_de_proibido_estacionar_na_avenida_vereador_aloisio_ferreira_gomes_no_bairro_avelar..docx", "ementa": "SOLICITA AO PREFEITO MUNICIPAL A INSTALA\u00c7\u00c3O DE PLACA DE SINALIZA\u00c7\u00c3O DE \u201cPROIBIDO ESTACIONAR\u201d NA AVENIDA VEREADOR ALO\u00cdSIO FERREIRA GOMES, NO BAIRRO AVELAR."}, {"id": "1437", "ano": "2026", "numero": "219", "tipo__sigla": "IND", "tipo__descricao": "Indica\u00e7\u00e3o", "autoria": "Marco Aurelio", "texto_original": "http://sapl.patydoalferes.rj.leg.br/media/sapl/public/materialegislativa/2026/1437/219_2026_desobstrucao_de_uma_arvore_e_realizacao_de_poda_na_rede_eletrica_na_rj-125_proximidades_da_estacao_tratamento_da_igua..docx", "ementa": "SOLICITA AO PREFEITO MUNICIPAL A DESOBSTRU\u00c7\u00c3O DE UMA \u00c1RVORE E A REALIZA\u00c7\u00c3O DE PODA NA REDE EL\u00c9TRICA LOCALIZADA NA RJ-125, NAS PROXIMIDADES DA ESTA\u00c7\u00c3O DE TRATAMENTO DA IGU\u00c1."}, {"id": "1438", "ano": "2026", "numero": "220", "tipo__sigla": "IND", "tipo__descricao": "Indica\u00e7\u00e3o", "autoria": "Feij\u00e3o", "texto_original": "http://sapl.patydoalferes.rj.leg.br/media/sapl/public/materialegislativa/2026/1438/220_2026_realizacao_de_servicos_de_rocada_na_rua_guaribu_velho_proximo_ao_sitio_das_goiabas_no_bairro_granja_california..docx", "ementa": "SOLICITA AO PREFEITO MUNICIPAL A REALIZA\u00c7\u00c3O DE SERVI\u00c7OS DE RO\u00c7ADA NA RUA GUARIB\u00da VELHO, PR\u00d3XIMO AO S\u00cdTIO DAS GOIABAS, NO BAIRRO GRANJA CALIF\u00d3RNIA."}, {"id": "1439", "ano": "2026", "numero": "221", "tipo__sigla": "IND", "tipo__descricao": "Indica\u00e7\u00e3o", "autoria": "Feij\u00e3o", "texto_original": "http://sapl.patydoalferes.rj.leg.br/media/sapl/public/materialegislativa/2026/1439/221_2026_substituicao_das_lampadas_de_led_queimadas_na_rua_jacob_no_bairro_granja_california.docx", "ementa": "SOLICITA AO PREFEITO MUNICIPAL A SUBSTITUI\u00c7\u00c3O DAS L\u00c2MPADAS DE LED QUEIMADAS NA RUA JACOB, NO BAIRRO GRANJA CALIF\u00d3RNIA, NO TRECHO COMPREENDIDO ENTRE A PONTE DO BALAEIRO AT\u00c9 O BAIRRO AVELAR."}, {"id": "1441", "ano": "2026", "numero": "225", "tipo__sigla": "IND", "tipo__descricao": "Indica\u00e7\u00e3o", "autoria": "Lenice Viana", "texto_original": "http://sapl.patydoalferes.rj.leg.br/media/sapl/public/materialegislativa/2026/1441/225_2026_locacao_ou_aquisicao_de_uma_tenda_destinada_a_cobertura_da_feira_agroecologica_realizada_na_praca_george_jacob_abdue.docx", "ementa": "SOLICITA AO PREFEITO MUNICIPAL QUE AVALIE A POSSIBILIDADE DE LOCA\u00c7\u00c3O OU AQUISI\u00c7\u00c3O DE UMA TENDA DESTINADA \u00c0 COBERTURA DA FEIRA AGROECOL\u00d3GICA, REALIZADA NA PRA\u00c7A GEORGE JACOB ABDUE. REITERANDO MINHA INDICA\u00c7\u00c3O DE N\u00ba 198/2025."}, {"id": "1442", "ano": "2026", "numero": "226", "tipo__sigla": "IND", "tipo__descricao": "Indica\u00e7\u00e3o", "autoria": "Lenice Viana", "texto_original": "http://sapl.patydoalferes.rj.leg.br/media/sapl/public/materialegislativa/2026/1442/226_2026_instalacao_de_um_bebedouro_publico_na_praca_george_jacob_abdue_para_atender_os_feirantes__-_reiterando.docx", "ementa": "SOLICITA AO PREFEITO MUNICIPAL A INSTALA\u00c7\u00c3O DE UM BEBEDOURO P\u00daBLICO NA PRA\u00c7A GEORGE JACOB ABDUE PARA ATENDER OS FEIRANTES E FREQUENTADORES DA FEIRA AGROECOL\u00d3GICA DE PATY DO ALFERES. REITERANDO MINHA INDICA\u00c7\u00c3O DE N\u00ba 359/2025."}, {"id": "1443", "ano": "2026", "numero": "227", "tipo__sigla": "IND", "tipo__descricao": "Indica\u00e7\u00e3o", "autoria": "Lenice Viana", "texto_original": "http://sapl.patydoalferes.rj.leg.br/media/sapl/public/materialegislativa/2026/1443/227_2026_concessao_de_isencao_do_pagamento_de_estacionamento_rotativo_aos_feirantes_reiterando_lenice_e_zaninho.docx", "ementa": "SOLICITA AO PREFEITO MUNICIPAL A CONCESS\u00c3O DE ISEN\u00c7\u00c3O DO PAGAMENTO DE ESTACIONAMENTO ROTATIVO AOS FEIRANTES DA FEIRA AGROECOL\u00d3GICA DE PATY DO ALFERES, MEDIANTE EMISS\u00c3O DE CREDENCIAL DE IDENTIFICA\u00c7\u00c3O, V\u00c1LIDA NOS DIAS E HOR\u00c1RIOS DE FUNCIONAMENTO DA FEIRA. REITERANDO A INDICA\u00c7\u00c3O DE N\u00ba 370/ 2025 FEITA PELA VEREADORA LENICE VIANA."}, {"id": "1444", "ano": "2026", "numero": "228", "tipo__sigla": "IND", "tipo__descricao": "Indica\u00e7\u00e3o", "autoria": "Edinho da Dengue", "texto_original": "http://sapl.patydoalferes.rj.leg.br/media/sapl/public/materialegislativa/2026/1444/228_2026_revitalizacao_das_faixas_de_pedestre_situadas_na_rua_deputado_bernardes_neto._reinterar.docx", "ementa": "SOLICITA AO PREFEITO MUNICIPAL A REVITALIZA\u00c7\u00c3O DAS FAIXAS DE PEDESTRE SITUADAS NA RUA DEPUTADO BERNARDES NETO, SENDO UMA LOCALIZADA EM FRENTE \u00c0 MATERNIDADE E OUTRA EM FRENTE \u00c0 PADARIA DO JARDIM. REITERANDO MINHA INDICA\u00c7\u00c3O DE N\u00ba 762/2025."}, {"id": "1445", "ano": "2026", "numero": "229", "tipo__sigla": "IND", "tipo__descricao": "Indica\u00e7\u00e3o", "autoria": "Marco Aurelio", "texto_original": "http://sapl.patydoalferes.rj.leg.br/media/sapl/public/materialegislativa/2026/1445/229_2026_operacao_tapa_buracos_limpeza_e_manutencao_de_bueiros_bem_como_rocada_na_avenida_vereador_aloisio_ferreira_gomes.docx", "ementa": "SOLICITA AO PREFEITO MUNICIPAL A REALIZA\u00c7\u00c3O DE SERVI\u00c7OS DE MANUTEN\u00c7\u00c3O GERAL, OPERA\u00c7\u00c3O TAPA-BURACOS, LIMPEZA E MANUTEN\u00c7\u00c3O DE BUEIROS, BEM COMO RO\u00c7ADA, NA AVENIDA VEREADOR ALO\u00cdSIO FERREIRA GOMES, LOCALIZADA NO BAIRRO AVELAR."}, {"id": "1446", "ano": "2026", "numero": "230", "tipo__sigla": "IND", "tipo__descricao": "Indica\u00e7\u00e3o", "autoria": "Claudio Japones", "texto_original": "http://sapl.patydoalferes.rj.leg.br/media/sapl/public/materialegislativa/2026/1446/230_2026_conserto_do_elevador_do_casarios_a_fim_de_garantir_a_acessibilidade_adequada_aos_usuarios_as_pessoas_com_deficiencia..docx", "ementa": "SOLICITA AO PREFEITO MUNICIPAL O CONSERTO DO ELEVADOR DO CASARIO DO ALFERES, A FIM DE GARANTIR A ACESSIBILIDADE ADEQUADA AOS USU\u00c1RIOS, ESPECIALMENTE \u00c0S PESSOAS COM DEFICI\u00caNCIA."}, {"id": "1447", "ano": "2026", "numero": "231", "tipo__sigla": "IND", "tipo__descricao": "Indica\u00e7\u00e3o", "autoria": "Feij\u00e3o", "texto_original": "http://sapl.patydoalferes.rj.leg.br/media/sapl/public/materialegislativa/2026/1447/231_2026_realizacao_de_pavimentacao_asfaltica_na_rua_projetada_h_localizada_no_bairro_avelar..docx", "ementa": "SOLICITA AO PREFEITO MUNICIPAL A REALIZA\u00c7\u00c3O DE PAVIMENTA\u00c7\u00c3O ASF\u00c1LTICA NA RUA PROJETADA H, LOCALIZADA NO BAIRRO AVELAR."}, {"id": "1448", "ano": "2026", "numero": "232", "tipo__sigla": "IND", "tipo__descricao": "Indica\u00e7\u00e3o", "autoria": "Feij\u00e3o", "texto_original": "http://sapl.patydoalferes.rj.leg.br/media/sapl/public/materialegislativa/2026/1448/232_2026_realizacao_de_servicos_de_rocada_no_alto_do_morro_joao_malandro_no_bairro_granja_california..docx", "ementa": "SOLICITA AO PREFEITO MUNICIPAL A REALIZA\u00c7\u00c3O DE SERVI\u00c7OS DE RO\u00c7ADA NO ALTO DO MORRO JO\u00c3O MALANDRO, NO BAIRRO GRANJA CALIF\u00d3RNIA."}, {"id": "1449", "ano": "2026", "numero": "233", "tipo__sigla": "IND", "tipo__descricao": "Indica\u00e7\u00e3o", "autoria": "Lenice Viana", "texto_original": "http://sapl.patydoalferes.rj.leg.br/media/sapl/public/materialegislativa/2026/1449/233_2026_patrolamento_e_ensaibramento_no_trecho_que_se_inicia_na_estrada_da_cachoeira_no_bairro_campo_verde_ate_o_bairro_santa_rosa.docx", "ementa": "SOLICITA AO PREFEITO MUNICIPAL A REALIZA\u00c7\u00c3O DE SERVI\u00c7OS DE PATROLAMENTO E ENSAIBRAMENTO NO TRECHO QUE SE INICIA NA ESTRADA DA CACHOEIRA, NO BAIRRO CAMPO VERDE, AT\u00c9 O BAIRRO SANTA ROSA."}, {"id": "1450", "ano": "2026", "numero": "234", "tipo__sigla": "IND", "tipo__descricao": "Indica\u00e7\u00e3o", "autoria": "Feij\u00e3o", "texto_original": "http://sapl.patydoalferes.rj.leg.br/media/sapl/public/materialegislativa/2026/1450/234_2026_realizacao_de_servicos_de_patrolamento_e_aplicacao_de_po_de_pedra_nas_ruas_fernando_crespo_e_osvaldo_de_moraes.docx", "ementa": "SOLICITA AO PREFEITO MUNICIPAL A REALIZA\u00c7\u00c3O DE SERVI\u00c7OS DE PATROLAMENTO E APLICA\u00c7\u00c3O DE P\u00d3 DE PEDRA NAS RUAS FERNANDO CRESPO E OSVALDO DE MORAES, LOCALIZADAS NO BAIRRO MONTE ALEGRE."}, {"id": "1451", "ano": "2026", "numero": "235", "tipo__sigla": "IND", "tipo__descricao": "Indica\u00e7\u00e3o", "autoria": "Claudio Japones", "texto_original": "http://sapl.patydoalferes.rj.leg.br/media/sapl/public/materialegislativa/2026/1451/235_2026_instalacao_de_quebra-molas_em_frente_ao_posto_de_saude_do_bairro_maravilha.docx", "ementa": "SOLICITA AO PREFEITO MUNICIPAL A INSTALA\u00c7\u00c3O DE UM QUEBRA-MOLAS EM FRENTE AO POSTO DE SA\u00daDE DO BAIRRO MARAVILHA."}, {"id": "1453", "ano": "2026", "numero": "237", "tipo__sigla": "IND", "tipo__descricao": "Indica\u00e7\u00e3o", "autoria": "Heliomar do G\u00e1s", "texto_original": "http://sapl.patydoalferes.rj.leg.br/media/sapl/public/materialegislativa/2026/1453/237_2026_a_realizacao_de_raspagem_nas_ruas_e_aplicacao_de_escoria_nos_pontos_criticos_do_bairro_boa_vista.docx", "ementa": "SOLICITA AO PREFEITO MUNICIPAL A REALIZA\u00c7\u00c3O DE RASPAGEM NAS RUAS E APLICA\u00c7\u00c3O DE ESC\u00d3RIA NOS PONTOS CR\u00cdTICOS DO BAIRRO BOA VISTA. REITERANDO MINHA INDICA\u00c7\u00c3O DE N\u00ba 486/2025."}, {"id": "1454", "ano": "2026", "numero": "238", "tipo__sigla": "IND", "tipo__descricao": "Indica\u00e7\u00e3o", "autoria": "Heliomar do G\u00e1s", "texto_original": "http://sapl.patydoalferes.rj.leg.br/media/sapl/public/materialegislativa/2026/1454/238_2026_a_realizacao_de_patrolamento_e_ensaibramento_na_rua_sete_no_bairro_maravilha..docx", "ementa": "SOLICITA AO PREFEITO MUNICIPAL A REALIZA\u00c7\u00c3O DE PATROLAMENTO E ENSAIBRAMENTO NA RUA SETE, NO BAIRRO MARAVILHA."}, {"id": "1455", "ano": "2026", "numero": "239", "tipo__sigla": "IND", "tipo__descricao": "Indica\u00e7\u00e3o", "autoria": "Heliomar do G\u00e1s", "texto_original": "http://sapl.patydoalferes.rj.leg.br/media/sapl/public/materialegislativa/2026/1455/239_2026_a_realizacao_de_patrolamento_ensaibramento_rocada_e_troca_de_lampadas_da_iluminacao_publica_na_rua_c_no_bairro_clube_velho._r.docx", "ementa": "SOLICITA AO PREFEITO MUNICIPAL A REALIZA\u00c7\u00c3O DE PATROLAMENTO, ENSAIBRAMENTO, RO\u00c7ADA E TROCA DE L\u00c2MPADAS DA ILUMINA\u00c7\u00c3O P\u00daBLICA NA RUA C, NO BAIRRO CLUBE VELHO. REITERANDO MINHA INDICA\u00c7\u00c3O DE N\u00ba 189/2026."}, {"id": "1302", "ano": "2026", "numero": "54", "tipo__sigla": "PDL", "tipo__descricao": "Projeto de Decreto Legislativo", "autoria": "Mesa Diretora - MESA", "texto_original": "http://sapl.patydoalferes.rj.leg.br/media/sapl/public/materialegislativa/2026/1302/054_2026_projeto_de_decreto_legislativo_-_ponto_facultativo_carnaval_dias_16_e_18_de_fevereiro_de_2026.doc", "ementa": "DECRETA PONTO FACULTATIVO NA SEDE DO PODER LEGISLATIVO MUNICIPAL DE PATY DO ALFERES, NOS DIAS 16 E 18 DE FEVEREIRO DE 2026, EM VIRTUDE DO FERIADO DE CARNAVAL."}, {"id": "1331", "ano": "2026", "numero": "87", "tipo__sigla": "PDL", "tipo__descricao": "Projeto de Decreto Legislativo", "autoria": "Mesa Diretora - MESA", "texto_original": "http://sapl.patydoalferes.rj.leg.br/media/sapl/public/materialegislativa/2026/1331/087_2026_projeto_de_decreto_legislativo_viagem_brasilia__de_23_a_27_de_fevereiro_vereadores_heliomar_e_zaninho.doc", "ementa": "AUTORIZA A PARTICIPA\u00c7\u00c3O DOS VEREADORES QUE MENCIONA \u00c0 CIDADE DE BRAS\u00cdLIA, CAPITAL FEDERAL, EM VIAGEM DE REPRESENTA\u00c7\u00c3O DO MUNIC\u00cdPIO."}, {"id": "1359", "ano": "2026", "numero": "128", "tipo__sigla": "PDL", "tipo__descricao": "Projeto de Decreto Legislativo", "autoria": "Mesa Diretora - MESA", "texto_original": "http://sapl.patydoalferes.rj.leg.br/media/sapl/public/materialegislativa/2026/1359/128_2026_projeto_de_decreto_legislativo_viagem_brasilia__de_02_a_06_de_marco_vereadores_feijao_guilherme_marco_aurelio_e_edinho.doc", "ementa": "AUTORIZA A PARTICIPA\u00c7\u00c3O DOS VEREADORES QUE MENCIONA \u00c0 CIDADE DE BRAS\u00cdLIA, CAPITAL FEDERAL, EM VIAGEM DE REPRESENTA\u00c7\u00c3O DO MUNIC\u00cdPIO."}, {"id": "1360", "ano": "2026", "numero": "129", "tipo__sigla": "PDL", "tipo__descricao": "Projeto de Decreto Legislativo", "autoria": "Mesa Diretora - MESA", "texto_original": "http://sapl.patydoalferes.rj.leg.br/media/sapl/public/materialegislativa/2026/1360/129_2026_projeto_de_decreto_legislativo_viagem_brasilia__de_16_a_20_de_marco_lenice_e_peterson.doc", "ementa": "AUTORIZA A PARTICIPA\u00c7\u00c3O DOS VEREADORES QUE MENCIONA \u00c0 CIDADE DE BRAS\u00cdLIA, CAPITAL FEDERAL, EM VIAGEM DE REPRESENTA\u00c7\u00c3O DO MUNIC\u00cdPIO."}, {"id": "1361", "ano": "2026", "numero": "130", "tipo__sigla": "PDL", "tipo__descricao": "Projeto de Decreto Legislativo", "autoria": "Mesa Diretora - MESA", "texto_original": "http://sapl.patydoalferes.rj.leg.br/media/sapl/public/materialegislativa/2026/1361/130_2026_projeto_de_decreto_legislativo_viagem_brasilia__de_16_a_20_de_marco_macarrao_vinicinho_e_claudinho.doc", "ementa": "AUTORIZA A PARTICIPA\u00c7\u00c3O DOS VEREADORES QUE MENCIONA \u00c0 CIDADE DE BRAS\u00cdLIA, CAPITAL FEDERAL, EM VIAGEM DE REPRESENTA\u00c7\u00c3O DO MUNIC\u00cdPIO."}, {"id": "1389", "ano": "2026", "numero": "159", "tipo__sigla": "PDL", "tipo__descricao": "Projeto de Decreto Legislativo", "autoria": "Mesa Diretora - MESA", "texto_original": "http://sapl.patydoalferes.rj.leg.br/media/sapl/public/materialegislativa/2026/1389/159_2026_projeto_de_decreto_legislativo_suspende_a_sessao_ordinaria_do_dia_11_de_marco_em_virtude_da_audiencia_publica_no_mesmo_dia_sobre_a_igua.doc", "ementa": "DISP\u00d5E SOBRE A SUSPENS\u00c3O DA SESS\u00c3O ORDIN\u00c1RIA DA C\u00c2MARA MUNICIPAL DE PATY DO ALFERES NO DIA 11 DE MAR\u00c7O DE 2026, EM RAZ\u00c3O DA REALIZA\u00c7\u00c3O DE AUDI\u00caNCIA P\u00daBLICA DESTINADA A DEBATER OS SERVI\u00c7OS PRESTADOS PELA CONCESSION\u00c1RIA IGU\u00c1 SANEAMENTO NO MUNIC\u00cdPIO."}, {"id": "1394", "ano": "2026", "numero": "164", "tipo__sigla": "PDL", "tipo__descricao": "Projeto de Decreto Legislativo", "autoria": "Mesa Diretora - MESA", "texto_original": "http://sapl.patydoalferes.rj.leg.br/media/sapl/public/materialegislativa/2026/1394/164_2026_projeto_de_decreto_legislativo_concede_medalha_joaquim_osorio_duque_estrada_secretario_.doc", "ementa": "CONCEDE A MEDALHA JOAQUIM OS\u00d3RIO DUQUE ESTRADA \u00c0 PERSONALIDADE QUE ESPECIFICA."}, {"id": "1421", "ano": "2026", "numero": "199", "tipo__sigla": "PDL", "tipo__descricao": "Projeto de Decreto Legislativo", "autoria": "Mesa Diretora - MESA", "texto_original": "http://sapl.patydoalferes.rj.leg.br/media/sapl/public/materialegislativa/2026/1421/199_2026_projeto_de_decreto_legislativo_-_ponto_facultativo_dias_02_de_abril_e_antecipacao_do_feriado_do_dia_23_para_o_dia_20_de_abril_2026.doc", "ementa": "DISP\u00d5E SOBRE O PONTO FACULTATIVO NO DIA 02 DE ABRIL DE 2026, EM RAZ\u00c3O DO FERIADO DA SEXTA-FEIRA DA PAIX\u00c3O DIA 03 DE ABRIL DE 2026, BEM COMO NA SEGUNDA-FEIRA, DIA 20 DE ABRIL DE 2026, EM RAZ\u00c3O DA ANTECIPA\u00c7\u00c3O DO FERIADO DE S\u00c3O JORGE, CELEBRADO EM 23 DE ABRIL, PARA O REFERIDO DIA, E DA PROXIMIDADE DO FERIADO NACIONAL DE TIRADENTES (21 DE ABRIL DE 2026), NO \u00c2MBITO DO PODER LEGISLATIVO, E D\u00c1 OUTRAS PROVID\u00caNCIAS."}, {"id": "1425", "ano": "2026", "numero": "203", "tipo__sigla": "PDL", "tipo__descricao": "Projeto de Decreto Legislativo", "autoria": "Mesa Diretora - MESA", "texto_original": "http://sapl.patydoalferes.rj.leg.br/media/sapl/public/materialegislativa/2026/1425/203_2026_projeto_de_decreto_legislativo_-_fixacao_de_auxilio_alimentacao_-_servidores_da_camara_municipal.doc", "ementa": "DISP\u00d5E SOBRE O REAJUSTE E ADEQUA\u00c7\u00c3O DO AUX\u00cdLIO ALIMENTA\u00c7\u00c3O PARA O ANO DE 2026 NO \u00c2MBITO DA C\u00c2MARA MUNICIPAL DE PATY DO ALFERES."}, {"id": "1452", "ano": "2026", "numero": "236", "tipo__sigla": "PDL", "tipo__descricao": "Projeto de Decreto Legislativo", "autoria": "Mesa Diretora - MESA", "texto_original": "http://sapl.patydoalferes.rj.leg.br/media/sapl/public/materialegislativa/2026/1452/236_2026_projeto_de_decreto_legislativo_viagem_brasilia__de_13_a_17_de_abril_macarrao_vinicinho_e_claudinho.doc", "ementa": "AUTORIZA A PARTICIPA\u00c7\u00c3O DOS VEREADORES QUE MENCIONA \u00c0 CIDADE DE BRAS\u00cdLIA, CAPITAL FEDERAL, EM VIAGEM DE REPRESENTA\u00c7\u00c3O DO MUNIC\u00cdPIO."}, {"id": "1433", "ano": "2026", "numero": "215", "tipo__sigla": "PRE", "tipo__descricao": "Projeto de Resolu\u00e7\u00e3o", "autoria": "Mesa Diretora - MESA", "texto_original": "http://sapl.patydoalferes.rj.leg.br/media/sapl/public/materialegislativa/2026/1433/215_2026_projeto_de_resolucao_-__padroniza_uso_de_marca_de_oleo_lubrificantes_na_camara_de_paty.docx", "ementa": "PADRONIZA USO DE MARCA DE \u00d3LEO LUBRIFICANTES NO \u00c2MBITO DA C\u00c2MARA MUNICIPAL DE PATY DO ALFERES."}, {"id": "1277", "ano": "2026", "numero": "24", "tipo__sigla": "REQ", "tipo__descricao": "Requerimento", "autoria": "Guilherme Rosa", "texto_original": "http://sapl.patydoalferes.rj.leg.br/media/sapl/public/materialegislativa/2026/1277/024_2026_-_mocao_de_aplausos_ao_sec_de_educacao__valdemar_matos_macedo_rosa..docx", "ementa": "REQUEIRO \u00c0 MESA DIRETORA QUE SEJA EXPEDIDA NA FORMA REGIMENTAL MO\u00c7\u00c3O DE APLAUSOS AO SECRET\u00c1RIO MUNICIPAL DE EDUCA\u00c7\u00c3O, SR. VALDEMAR MATOS MACEDO ROSA."}, {"id": "1278", "ano": "2026", "numero": "25", "tipo__sigla": "REQ", "tipo__descricao": "Requerimento", "autoria": "Guilherme Rosa", "texto_original": "http://sapl.patydoalferes.rj.leg.br/media/sapl/public/materialegislativa/2026/1278/025_2026_-_mocao_de_aplausos_a_willian_gouveia_de_aguiar.docx", "ementa": "REQUEIRO \u00c0 MESA DIRETORA QUE SEJA EXPEDIDA NA FORMA REGIMENTAL MO\u00c7\u00c3O DE APLAUSOS A WILLIAN GOUVEIA DE AGUIAR."}, {"id": "1279", "ano": "2026", "numero": "26", "tipo__sigla": "REQ", "tipo__descricao": "Requerimento", "autoria": "Claudio Japones", "texto_original": "http://sapl.patydoalferes.rj.leg.br/media/sapl/public/materialegislativa/2026/1279/026_2026__mocao_de_aplausos_ao_atleta_alessandro_rogerio_da_silva_junior..docx", "ementa": "REQUEIRO \u00c0 MESA DIRETORA QUE SEJA EXPEDIDA NA FORMA REGIMENTAL, MO\u00c7\u00c3O DE APLAUSOS AO ATLETA ALESSANDRO ROG\u00c9RIO DA SILVA J\u00daNIOR."}, {"id": "1290", "ano": "2026", "numero": "41", "tipo__sigla": "REQ", "tipo__descricao": "Requerimento", "autoria": "Feij\u00e3o", "texto_original": "http://sapl.patydoalferes.rj.leg.br/media/sapl/public/materialegislativa/2026/1290/041_2026_mocao_de_aplausos_ao_servidor_da_secretaria_municipal_de_obras_sr._fabiano_borba_silva..docx", "ementa": "REQUEIRO \u00c0 MESA DIRETORA QUE SEJA EXPEDIDA NA FORMA REGIMENTAL, MO\u00c7\u00c3O DE APLAUSOS AO SERVIDOR DA SECRETARIA MUNICIPAL DE OBRAS, SR. FABIANO BORBA SILVA."}, {"id": "1294", "ano": "2026", "numero": "45", "tipo__sigla": "REQ", "tipo__descricao": "Requerimento", "autoria": "Edinho da Dengue", "texto_original": "http://sapl.patydoalferes.rj.leg.br/media/sapl/public/materialegislativa/2026/1294/045_2026_-_mocao_de_aplausos_a_sra._mayara_de_carvalho_stelman_gouveia.docx", "ementa": "REQUEIRO \u00c0 MESA DIRETORA QUE SEJA EXPEDIDA NA FORMA REGIMENTAL, MO\u00c7\u00c3O DE APLAUSOS \u00c0 SRA. MAYARA DE CARVALHO STELMAN GOUVEIA, M\u00c9DICA VETERIN\u00c1RIA DA VIGIL\u00c2NCIA EM ZOONOSES."}, {"id": "1295", "ano": "2026", "numero": "46", "tipo__sigla": "REQ", "tipo__descricao": "Requerimento", "autoria": "Edinho da Dengue", "texto_original": "http://sapl.patydoalferes.rj.leg.br/media/sapl/public/materialegislativa/2026/1295/046_2026_-_mocao_de_aplausos_ao_senhor_amorelly_cardoso_da_silva..docx", "ementa": "REQUEIRO \u00c0 MESA DIRETORA QUE SEJA EXPEDIDA NA FORMA REGIMENTAL, MO\u00c7\u00c3O DE APLAUSOS AO SENHOR AMORELLY CARDOSO DA SILVA."}, {"id": "1296", "ano": "2026", "numero": "47", "tipo__sigla": "REQ", "tipo__descricao": "Requerimento", "autoria": "Edinho da Dengue", "texto_original": "http://sapl.patydoalferes.rj.leg.br/media/sapl/public/materialegislativa/2026/1296/047_2026_-_mocao_de_aplausos_ao_senhor_joao_paulo_miranda_dos_santos.docx", "ementa": "REQUEIRO \u00c0 MESA DIRETORA QUE SEJA EXPEDIDA NA FORMA REGIMENTAL, MO\u00c7\u00c3O DE APLAUSOS AO SENHOR JO\u00c3O PAULO MIRANDA DOS SANTOS, SUBSECRET\u00c1RIO DA SECRETARIA MUNICIPAL DE OBRAS."}, {"id": "1305", "ano": "2026", "numero": "57", "tipo__sigla": "REQ", "tipo__descricao": "Requerimento", "autoria": "Lenice Viana", "texto_original": "http://sapl.patydoalferes.rj.leg.br/media/sapl/public/materialegislativa/2026/1305/057_2026_mocao_aplausos_ao_vice_prefeito_de_paty_dr._alci_goncalves_rodovalho.docx", "ementa": "REQUEIRO \u00c0 MESA DIRETORA QUE SEJA EXPEDIDA NA FORMA REGIMENTAL, MO\u00c7\u00c3O DE APLAUSOS AO VICE-PREFEITO DO MUNIC\u00cdPIO, DR. ALCI GON\u00c7ALVES RODOVALHO."}, {"id": "1319", "ano": "2026", "numero": "74", "tipo__sigla": "REQ", "tipo__descricao": "Requerimento", "autoria": "Macarr\u00e3o", "texto_original": "http://sapl.patydoalferes.rj.leg.br/media/sapl/public/materialegislativa/2026/1319/074_2026_-_mocao_de_pesar_a_familia_de_isis_veiga_goulart..docx", "ementa": "REQUEIRO \u00c0 MESA DIRETORA QUE SEJA EXPEDIDA NA FORMA REGIMENTAL MO\u00c7\u00c3O DE PESAR \u00c0 FAM\u00cdLIA DE ISIS VEIGA GOULART."}, {"id": "1322", "ano": "2026", "numero": "77", "tipo__sigla": "REQ", "tipo__descricao": "Requerimento", "autoria": "Edinho da Dengue", "texto_original": "http://sapl.patydoalferes.rj.leg.br/media/sapl/public/materialegislativa/2026/1322/077_2026_-_mocao_de_aplausos_ao_sr._edvaldo_do_nascimento_rodrigues_xavier..docx", "ementa": "REQUEIRO \u00c0 MESA DIRETORA QUE SEJA EXPEDIDA NA FORMA REGIMENTAL, MO\u00c7\u00c3O DE APLAUSOS AO SR. EDVALDO DO NASCIMENTO RODRIGUES XAVIER."}, {"id": "1365", "ano": "2026", "numero": "134", "tipo__sigla": "REQ", "tipo__descricao": "Requerimento", "autoria": "Edinho da Dengue", "texto_original": "http://sapl.patydoalferes.rj.leg.br/media/sapl/public/materialegislativa/2026/1365/134_2026_-_mocao_de_aplausos_aos_policiais_militares1_sgt_edmilson_de_souza_silva_3_sgt_edson_jose_mello_da_silva.docx", "ementa": "REQUEIRO \u00c0 MESA DIRETORA QUE SEJA EXPEDIDA NA FORMA REGIMENTAL, MO\u00c7\u00c3O DE APLAUSOS AOS POLICIAIS MILITARES: 1\u00ba SGT EDMILSON DE SOUZA SILVA, 3\u00ba SGT EDSON JOS\u00c9 MELLO DA SILVA E CB F\u00c1BIO N\u00c9RI DE CARVALHO."}, {"id": "1371", "ano": "2026", "numero": "140", "tipo__sigla": "REQ", "tipo__descricao": "Requerimento", "autoria": "Macarr\u00e3o", "texto_original": "http://sapl.patydoalferes.rj.leg.br/media/sapl/public/materialegislativa/2026/1371/140_2026_mocao_de_pesar_familia_de_carlos_augusto_de_carvalho_goncalvesteco..docx", "ementa": "REQUEIRO \u00c0 MESA DIRETORA QUE SEJA EXPEDIDA NA FORMA REGIMENTAL MO\u00c7\u00c3O DE PESAR \u00c0 FAM\u00cdLIA DE CARLOS AUGUSTO DE CARVALHO GON\u00c7ALVES -(TECO)."}, {"id": "1372", "ano": "2026", "numero": "141", "tipo__sigla": "REQ", "tipo__descricao": "Requerimento", "autoria": "Macarr\u00e3o", "texto_original": "http://sapl.patydoalferes.rj.leg.br/media/sapl/public/materialegislativa/2026/1372/141_2026_mocao_de_pesar_a_familia_da_solange_de_fatima_leal.docx", "ementa": "REQUEIRO \u00c0 MESA DIRETORA QUE SEJA EXPEDIDA NA FORMA REGIMENTAL MO\u00c7\u00c3O DE PESAR \u00c0 FAM\u00cdLIA DE SOLANGE DE F\u00c1TIMA LEAL."}, {"id": "1382", "ano": "2026", "numero": "154", "tipo__sigla": "REQ", "tipo__descricao": "Requerimento", "autoria": "Macarr\u00e3o", "texto_original": "http://sapl.patydoalferes.rj.leg.br/media/sapl/public/materialegislativa/2026/1382/154_2026_macarrao_e_lenice_mocao_aplausos_ao_vereador_presidente_desta_casa_legislativa_guilherme_rosa_rodrigue..docx", "ementa": "REQUEREMOS \u00c0 MESA DIRETORA QUE SEJA EXPEDIDA NA FORMA REGIMENTAL, MO\u00c7\u00c3O DE APLAUSOS AO VEREADOR PRESIDENTE DESTA CASA LEGISLATIVA, GUILHERME ROSA RODRIGUES."}, {"id": "1384", "ano": "2026", "numero": "156", "tipo__sigla": "APL", "tipo__descricao": "Anteprojeto de Lei", "autoria": "Zaninho", "texto_original": "http://sapl.patydoalferes.rj.leg.br/media/sapl/public/materialegislativa/2026/1384/156_2026_autoriza_o_poder_executivo_a_instituir_o_programa_municipal_de_aquisicao_de_tenis_para_os_estudantes.docx", "ementa": "AUTORIZA O PODER EXECUTIVO A INSTITUIR O PROGRAMA MUNICIPAL DE AQUISI\u00c7\u00c3O DE T\u00caNIS PARA OS ESTUDANTES DA REDE P\u00daBLICA MUNICIPAL DE ENSINO DE PATY DO ALFERES E D\u00c1 OUTRAS PROVID\u00caNCIAS."}, {"id": "1262", "ano": "2026", "numero": "1", "tipo__sigla": "PL", "tipo__descricao": "Projeto de Lei", "autoria": "Julio Avelino de Moura Junior", "texto_original": "http://sapl.patydoalferes.rj.leg.br/media/sapl/public/materialegislativa/2026/1262/001_2026_-_suplementacao_r_1.209.01479__-_mens_001_2026___sessao_extraordinaria.doc", "ementa": "AUTORIZA O PODER EXECUTIVO A ABRIR CR\u00c9DITO ADICIONAL ESPECIAL, NO OR\u00c7AMENTO VIGENTE, NO VALOR TOTAL DE R$ 1.209.014,79 (UM MILH\u00c3O, DUZENTOS E NOVE MIL, QUATORZE REAIS E SETENTA E NOVE CENTAVOS)."}, {"id": "1263", "ano": "2026", "numero": "2", "tipo__sigla": "PL", "tipo__descricao": "Projeto de Lei", "autoria": "Julio Avelino de Moura Junior", "texto_original": "http://sapl.patydoalferes.rj.leg.br/media/sapl/public/materialegislativa/2026/1263/002_2026_-_suplementacao_r_507.48789__-_mens_002_2026___sessao_extraordinaria.doc", "ementa": "AUTORIZA O PODER EXECUTIVO A ABRIR CR\u00c9DITO ADICIONAL ESPECIAL, NO OR\u00c7AMENTO VIGENTE, NO VALOR TOTAL DE R$ 507.487,89 (QUINHENTOS E SETE MIL, QUATROCENTOS E OITENTA E SETE REAIS E OITENTA E NOVE CENTAVOS)."}, {"id": "1264", "ano": "2026", "numero": "3", "tipo__sigla": "PL", "tipo__descricao": "Projeto de Lei", "autoria": "Julio Avelino de Moura Junior", "texto_original": "http://sapl.patydoalferes.rj.leg.br/media/sapl/public/materialegislativa/2026/1264/003_2026_-_suplementacao_r_510.41506__-_mens_003_2026___sessao_extraordinaria.doc", "ementa": "AUTORIZA O PODER EXECUTIVO A ABRIR CR\u00c9DITO ADICIONAL ESPECIAL, NO OR\u00c7AMENTO VIGENTE, NO VALOR TOTAL DE R$ 510.415,06 (QUINHENTOS E DEZ MIL, QUATROCENTOS E QUINZE REAIS E SEIS CENTAVOS)."}, {"id": "1265", "ano": "2026", "numero": "4", "tipo__sigla": "PL", "tipo__descricao": "Projeto de Lei", "autoria": "Julio Avelino de Moura Junior", "texto_original": "http://sapl.patydoalferes.rj.leg.br/media/sapl/public/materialegislativa/2026/1265/004_2026_-_suplementacao_r_510.41506__-_mens_004_2026___sessao_extraordinaria.doc", "ementa": "AUTORIZA O PODER EXECUTIVO A ABRIR CR\u00c9DITO ADICIONAL ESPECIAL, NO OR\u00c7AMENTO VIGENTE, NO VALOR TOTAL DE R$ 510.415,06 (QUINHENTOS E DEZ MIL, QUATROCENTOS E QUINZE REAIS E SEIS CENTAVOS)."}, {"id": "1266", "ano": "2026", "numero": "5", "tipo__sigla": "PL", "tipo__descricao": "Projeto de Lei", "autoria": "Julio Avelino de Moura Junior", "texto_original": "http://sapl.patydoalferes.rj.leg.br/media/sapl/public/materialegislativa/2026/1266/005_2026_-_suplementacao_r_1.440.00000__-_mens_005_2026___sessao_extraordinaria.doc", "ementa": "AUTORIZA O PODER EXECUTIVO A ABRIR CR\u00c9DITO ADICIONAL ESPECIAL, NO OR\u00c7AMENTO VIGENTE, NO VALOR TOTAL DE R$1.440.000,00 (UM MILH\u00c3O, QUATROCENTOS E QUARENTA MIL REAIS)."}, {"id": "1267", "ano": "2026", "numero": "6", "tipo__sigla": "PL", "tipo__descricao": "Projeto de Lei", "autoria": "Julio Avelino de Moura Junior", "texto_original": "http://sapl.patydoalferes.rj.leg.br/media/sapl/public/materialegislativa/2026/1267/006_2026_-_suplementacao_r_935.67766__-_mens_006_2026___sessao_extraordinaria.doc", "ementa": "AUTORIZA O PODER EXECUTIVO A ABRIR CR\u00c9DITO ADICIONAL ESPECIAL, NO OR\u00c7AMENTO VIGENTE, NO VALOR TOTAL DE R$ 935.677,66 (NOVECENTOS E TRINTA E CINCO MIL, SEISCENTOS E SETENTA E SETE REAIS E SESSENTA E SEIS CENTAVOS)."}, {"id": "1268", "ano": "2026", "numero": "7", "tipo__sigla": "PL", "tipo__descricao": "Projeto de Lei", "autoria": "Julio Avelino de Moura Junior", "texto_original": "http://sapl.patydoalferes.rj.leg.br/media/sapl/public/materialegislativa/2026/1268/007_2026_-_suplementacao_r_103.96419__-_mens_007_2026___sessao_extraordinaria.doc", "ementa": "AUTORIZA O PODER EXECUTIVO A ABRIR CR\u00c9DITO ADICIONAL ESPECIAL, NO OR\u00c7AMENTO VIGENTE, NO VALOR TOTAL DE R$ 103.964,19 (CENTO E TR\u00caS MIL, NOVECENTOS E SESSENTA E QUATRO REAIS E DEZENOVE CENTAVOS)."}, {"id": "1269", "ano": "2026", "numero": "8", "tipo__sigla": "PL", "tipo__descricao": "Projeto de Lei", "autoria": "Julio Avelino de Moura Junior", "texto_original": "http://sapl.patydoalferes.rj.leg.br/media/sapl/public/materialegislativa/2026/1269/008_2026_-_suplementacao_r_101.19826__-_mens_008_2026___sessao_extraordinaria.doc", "ementa": "AUTORIZA O PODER EXECUTIVO A ABRIR CR\u00c9DITO ADICIONAL ESPECIAL, NO OR\u00c7AMENTO VIGENTE, NO VALOR TOTAL DE R$ 101.198,26 (CENTO E UM MIL, CENTO E NOVENTA E OITO REAIS E VINTE E SEIS CENTAVOS)."}, {"id": "1284", "ano": "2026", "numero": "31", "tipo__sigla": "PL", "tipo__descricao": "Projeto de Lei", "autoria": "Julio Avelino de Moura Junior", "texto_original": "http://sapl.patydoalferes.rj.leg.br/media/sapl/public/materialegislativa/2026/1284/mensagem_009_2026.doc", "ementa": "AUTORIZA O PODER EXECUTIVO A ABRIR CR\u00c9DITO ADICIONAL ESPECIAL, NO OR\u00c7AMENTO VIGENTE, NO VALOR TOTAL DE R$ 400.711,50 (QUATROCENTOS MIL, SETECENTOS E ONZE REAIS E CINQUENTA CENTAVOS)."}, {"id": "1285", "ano": "2026", "numero": "32", "tipo__sigla": "PL", "tipo__descricao": "Projeto de Lei", "autoria": "Julio Avelino de Moura Junior", "texto_original": "http://sapl.patydoalferes.rj.leg.br/media/sapl/public/materialegislativa/2026/1285/mensagem_010_2026.doc", "ementa": "AUTORIZA O PODER EXECUTIVO A ABRIR CR\u00c9DITO ADICIONAL ESPECIAL, NO OR\u00c7AMENTO VIGENTE, NO VALOR TOTAL DE R$ 1.379.337,13 (UM MILH\u00c3O, TREZENTOS E SETENTA E NOVE MIL, TREZENTOS E TRINTA E SETE REAIS E TREZE CENTAVOS)."}, {"id": "1286", "ano": "2026", "numero": "33", "tipo__sigla": "PL", "tipo__descricao": "Projeto de Lei", "autoria": "Julio Avelino de Moura Junior", "texto_original": "http://sapl.patydoalferes.rj.leg.br/media/sapl/public/materialegislativa/2026/1286/mensagem_011_2026.doc", "ementa": "AUTORIZA O PODER EXECUTIVO A ABRIR CR\u00c9DITO ADICIONAL ESPECIAL, NO OR\u00c7AMENTO VIGENTE, NO VALOR TOTAL DE R$ 1.506.475,52 (UM MILH\u00c3O, QUINHENTOS E SEIS MIL, QUATROCENTOS E SETENTA E CINCO REAIS E CINQUENTA E DOIS CENTAVOS)."}, {"id": "1287", "ano": "2026", "numero": "34", "tipo__sigla": "PL", "tipo__descricao": "Projeto de Lei", "autoria": "Julio Avelino de Moura Junior", "texto_original": "http://sapl.patydoalferes.rj.leg.br/media/sapl/public/materialegislativa/2026/1287/mensagem_012_2026.doc", "ementa": "AUTORIZA O PODER EXECUTIVO A ABRIR CR\u00c9DITO ADICIONAL ESPECIAL, NO OR\u00c7AMENTO VIGENTE, NO VALOR TOTAL DE R$ 382.191,15 (TREZENTOS E OITENTA E DOIS MIL, CENTO E NOVENTA E UM REAIS E QUINZE CENTAVOS)."}, {"id": "1301", "ano": "2026", "numero": "52", "tipo__sigla": "PL", "tipo__descricao": "Projeto de Lei", "autoria": "Julio Avelino de Moura Junior", "texto_original": "http://sapl.patydoalferes.rj.leg.br/media/sapl/public/materialegislativa/2026/1301/052_2026_-_suplementacao_r_1.302.68471_-_mens_013_2026__.doc", "ementa": "AUTORIZA O PODER EXECUTIVO A ABRIR CR\u00c9DITO ADICIONAL ESPECIAL, NO OR\u00c7AMENTO VIGENTE, NO VALOR TOTAL DE R$ 1.302.684,71 (UM MILH\u00c3O, TREZENTOS E DOIS MIL, SEISCENTOS E OITENTA E QUATRO REAIS E SETENTA E UM CENTAVOS)."}, {"id": "1313", "ano": "2026", "numero": "65", "tipo__sigla": "PL", "tipo__descricao": "Projeto de Lei", "autoria": "Julio Avelino de Moura Junior", "texto_original": "http://sapl.patydoalferes.rj.leg.br/media/sapl/public/materialegislativa/2026/1313/065_2026_-_suplementacao_r_1.659.41518__-_mens_014_2026__.doc", "ementa": "AUTORIZA O PODER EXECUTIVO A ABRIR CR\u00c9DITO ADICIONAL ESPECIAL, NO OR\u00c7AMENTO VIGENTE, NO VALOR TOTAL DE R$ 1.659.415,18 (UM MILH\u00c3O, SEISCENTOS E CINQUENTA E NOVE MIL, QUATROENTOS E QUINZE REAIS E DEZOITO CENTAVOS)."}, {"id": "1314", "ano": "2026", "numero": "66", "tipo__sigla": "PL", "tipo__descricao": "Projeto de Lei", "autoria": "Julio Avelino de Moura Junior", "texto_original": "http://sapl.patydoalferes.rj.leg.br/media/sapl/public/materialegislativa/2026/1314/066_2026_-_suplementacao_r_424.61289__-_mens_015_2026__.doc", "ementa": "AUTORIZA O PODER EXECUTIVO A ABRIR CR\u00c9DITO ADICIONAL ESPECIAL, NO OR\u00c7AMENTO VIGENTE, NO VALOR TOTAL DE R$ 424.612,89 (QUATROCENTOS E VINTE E QUATRO MIL, SEISCENTOS E DOZE REAIS E OITENTA E NOVE CENTAVOS."}, {"id": "1315", "ano": "2026", "numero": "67", "tipo__sigla": "PL", "tipo__descricao": "Projeto de Lei", "autoria": "Julio Avelino de Moura Junior", "texto_original": "http://sapl.patydoalferes.rj.leg.br/media/sapl/public/materialegislativa/2026/1315/067_2026_-_suplementacao_r_429.61938__-_mens_016_2026__.doc", "ementa": "AUTORIZA O PODER EXECUTIVO A ABRIR CR\u00c9DITO ADICIONAL ESPECIAL, NO OR\u00c7AMENTO VIGENTE, NO VALOR TOTAL DE R$ 429.619,38 (QUATROCENTOS E VINTE E NOVE MIL, SEISCENTOS E DEZENOVE REAIS E TRINTA E OITO CENTAVOS)."}, {"id": "1327", "ano": "2026", "numero": "83", "tipo__sigla": "PL", "tipo__descricao": "Projeto de Lei", "autoria": "Julio Avelino de Moura Junior", "texto_original": "http://sapl.patydoalferes.rj.leg.br/media/sapl/public/materialegislativa/2026/1327/083_2026_-_suplementacao_r_15261364__-_mens_018_2026__.doc", "ementa": "AUTORIZA O PODER EXECUTIVO A ABRIR CR\u00c9DITO ADICIONAL ESPECIAL, NO OR\u00c7AMENTO VIGENTE, NO VALOR TOTAL DE R$ 152.613,64 (CENTO E CINQUENTA E DOIS MIL, SEISCENTOS E TREZE REAIS E SESSENTA E QUATRO CENTAVOS)."}, {"id": "1328", "ano": "2026", "numero": "84", "tipo__sigla": "PL", "tipo__descricao": "Projeto de Lei", "autoria": "Julio Avelino de Moura Junior", "texto_original": "http://sapl.patydoalferes.rj.leg.br/media/sapl/public/materialegislativa/2026/1328/084_2026_-_suplementacao_r_415.03789__-_mens_019_2026__.doc", "ementa": "AUTORIZA O PODER EXECUTIVO A ABRIR CR\u00c9DITO ADICIONAL ESPECIAL, NO OR\u00c7AMENTO VIGENTE, NO VALOR TOTAL DE R$ 415.037,89 (QUATROCENTOS E QUINZE MIL, TRINTA E SETE REAIS E OITENTA E NOVE CENTAVOS)."}, {"id": "1329", "ano": "2026", "numero": "85", "tipo__sigla": "PL", "tipo__descricao": "Projeto de Lei", "autoria": "Julio Avelino de Moura Junior", "texto_original": "http://sapl.patydoalferes.rj.leg.br/media/sapl/public/materialegislativa/2026/1329/085_2026_-_suplementacao_r_184.44690__-_mens_020_2026__.doc", "ementa": "AUTORIZA O PODER EXECUTIVO A ABRIR CR\u00c9DITO ADICIONAL ESPECIAL, NO OR\u00c7AMENTO VIGENTE, NO VALOR TOTAL DE R$ 184.446,90 (CENTO E OITENTA E QUATRO MIL, QUATROCENTOS E QUARENTA E SEIS REAIS E NOVENTA CENTAVOS)."}, {"id": "1330", "ano": "2026", "numero": "86", "tipo__sigla": "PL", "tipo__descricao": "Projeto de Lei", "autoria": "Julio Avelino de Moura Junior", "texto_original": "http://sapl.patydoalferes.rj.leg.br/media/sapl/public/materialegislativa/2026/1330/086_2026_-_suplementacao_r_17.90493__-_mens_021_2026__.doc", "ementa": "AUTORIZA O PODER EXECUTIVO A ABRIR CR\u00c9DITO ADICIONAL ESPECIAL, NO OR\u00c7AMENTO VIGENTE, NO VALOR TOTAL DE R$ 17.904,93 (DEZESSETE MIL, NOVECENTOS E QUATRO REAIS E NOVENTA E TR\u00caS CENTAVOS)."}, {"id": "1332", "ano": "2026", "numero": "88", "tipo__sigla": "PL", "tipo__descricao": "Projeto de Lei", "autoria": "Julio Avelino de Moura Junior", "texto_original": "http://sapl.patydoalferes.rj.leg.br/media/sapl/public/materialegislativa/2026/1332/088_2026_-_suplementacao_r_256.51022_-_mens_022_2026__.doc", "ementa": "AUTORIZA O PODER EXECUTIVO A ABRIR CR\u00c9DITO ADICIONAL ESPECIAL, NO OR\u00c7AMENTO VIGENTE, NO VALOR TOTAL DE R$ 256.510,22 (DUZENTOS E CINQUENTA E SEIS MIL, QUINHENTOS E DEZ REAIS E VINTE E DOIS CENTAVOS)."}, {"id": "1333", "ano": "2026", "numero": "89", "tipo__sigla": "PL", "tipo__descricao": "Projeto de Lei", "autoria": "Julio Avelino de Moura Junior", "texto_original": "http://sapl.patydoalferes.rj.leg.br/media/sapl/public/materialegislativa/2026/1333/089_2026_-_suplementacao_r_65.37194_-_mens_023_2026__.doc", "ementa": "AUTORIZA O PODER EXECUTIVO A ABRIR CR\u00c9DITO ADICIONAL ESPECIAL, NO OR\u00c7AMENTO VIGENTE, NO VALOR TOTAL DE R$ 65.371,94 (SESSENTA E CINCO MIL, TREZENTOS E SETENTA E UM REAIS E NOVENTA E QUATRO CENTAVOS)."}, {"id": "1334", "ano": "2026", "numero": "90", "tipo__sigla": "PL", "tipo__descricao": "Projeto de Lei", "autoria": "Julio Avelino de Moura Junior", "texto_original": "http://sapl.patydoalferes.rj.leg.br/media/sapl/public/materialegislativa/2026/1334/090_2026_-_suplementacao_r_355.64422_-_mens_024_2026__.doc", "ementa": "AUTORIZA O PODER EXECUTIVO A ABRIR CR\u00c9DITO ADICIONAL ESPECIAL, NO OR\u00c7AMENTO VIGENTE, NO VALOR TOTAL DE R$ 355.644,22 (TREZENTOS E CINQUENTA E CINCO MIL, SEISCENTOS E QUARENTA E QUATRO REAIS E VINTE E DOIS CENTAVOS)."}, {"id": "1335", "ano": "2026", "numero": "91", "tipo__sigla": "PL", "tipo__descricao": "Projeto de Lei", "autoria": "Julio Avelino de Moura Junior", "texto_original": "http://sapl.patydoalferes.rj.leg.br/media/sapl/public/materialegislativa/2026/1335/091_2026_-_suplementacao_r_260.55985_-_mens_025_2026__.doc", "ementa": "AUTORIZA O PODER EXECUTIVO A ABRIR CR\u00c9DITO ADICIONAL ESPECIAL, NO OR\u00c7AMENTO VIGENTE, NO VALOR TOTAL DE R$ 260.559,85 (DUZENTOS E SESSENTA MIL, QUINHENTOS E CINQUENTA E NOVE REAIS E OITENTA E CINCO CENTAVOS)."}, {"id": "1336", "ano": "2026", "numero": "92", "tipo__sigla": "PL", "tipo__descricao": "Projeto de Lei", "autoria": "Julio Avelino de Moura Junior", "texto_original": "http://sapl.patydoalferes.rj.leg.br/media/sapl/public/materialegislativa/2026/1336/092_2026_-_suplementacao_r_259.67369_-_mens_026_2026__.doc", "ementa": "AUTORIZA O PODER EXECUTIVO A ABRIR CR\u00c9DITO ADICIONAL ESPECIAL, NO OR\u00c7AMENTO VIGENTE, NO VALOR TOTAL DE R$ 259.673,69 (DUZENTOS E CINQUENTA E NOVE MIL, SEISCENTOS E SETENTA E TR\u00caS REAIS E SESSENTA E NOVE CENTAVOS)."}, {"id": "1356", "ano": "2026", "numero": "125", "tipo__sigla": "PL", "tipo__descricao": "Projeto de Lei", "autoria": "Julio Avelino de Moura Junior", "texto_original": "http://sapl.patydoalferes.rj.leg.br/media/sapl/public/materialegislativa/2026/1356/mensagem_027_2026.doc", "ementa": "AUTORIZA O PODER EXECUTIVO A ABRIR CR\u00c9DITO ADICIONAL ESPECIAL, NO OR\u00c7AMENTO VIGENTE, NO VALOR TOTAL DE R$ 150.000,00 (CENTO E CINQUEMNTA MIL REAIS)."}, {"id": "1357", "ano": "2026", "numero": "126", "tipo__sigla": "PL", "tipo__descricao": "Projeto de Lei", "autoria": "Julio Avelino de Moura Junior", "texto_original": "http://sapl.patydoalferes.rj.leg.br/media/sapl/public/materialegislativa/2026/1357/mensagem_028_2026.doc", "ementa": "AUTORIZA O PODER EXECUTIVO A ABRIR CR\u00c9DITO ADICIONAL ESPECIAL, NO OR\u00c7AMENTO VIGENTE, NO VALOR TOTAL DE R$ 894.426,10 (OITOCENTOS E NOVENTA E QUATRO MIL, QUATROCENTOS E VINTE E SEIS REAIS E DEZ CENTAVOS)."}, {"id": "1358", "ano": "2026", "numero": "127", "tipo__sigla": "PL", "tipo__descricao": "Projeto de Lei", "autoria": "Julio Avelino de Moura Junior", "texto_original": "http://sapl.patydoalferes.rj.leg.br/media/sapl/public/materialegislativa/2026/1358/mensagem_029_2026.doc", "ementa": "AUTORIZA O PODER EXECUTIVO A ABRIR CR\u00c9DITO ADICIONAL ESPECIAL, NO OR\u00c7AMENTO VIGENTE, NO VALOR TOTAL DE R$ 151.008,32 (CENTO E CINQUENTA E UM MIL, OITO REAIS E TRINTA E DOIS CENTAVOS)."}, {"id": "1370", "ano": "2026", "numero": "139", "tipo__sigla": "PL", "tipo__descricao": "Projeto de Lei", "autoria": "Guilherme Rosa", "texto_original": "http://sapl.patydoalferes.rj.leg.br/media/sapl/public/materialegislativa/2026/1370/139_2026_-_diretrizes_alimentacao_saudavel.docx", "ementa": "ESTABELECE RESTRI\u00c7\u00d5ES AO OFERECIMENTO E CONSUMO DE ALIMENTOS ULTRAPROCESSADOS NAS CANTINAS E CONTROLA O CONSUMO DE ALIMENTOS TRAZIDOS DE CASA NAS INSTITUI\u00c7\u00d5ES DE ENSINO DO MUNIC\u00cdPIO DE PATY DO ALFERES, EM CONFORMIDADE COM O PROGRAMA NACIONAL DE ALIMENTA\u00c7\u00c3O ESCOLAR (PNAE)."}, {"id": "1395", "ano": "2026", "numero": "165", "tipo__sigla": "PL", "tipo__descricao": "Projeto de Lei", "autoria": "Julio Avelino de Moura Junior", "texto_original": "http://sapl.patydoalferes.rj.leg.br/media/sapl/public/materialegislativa/2026/1395/mensagem_029_2026_reajuste_servidores_publicos_do_poder_executivo.docx", "ementa": "AUTORIZA AO PODER EXECUTIVO A CONCEDER REVIS\u00c3O GERAL ANUAL DOS VENCIMENTOS DOS SERVIDORES P\u00daBLICOS DO MUNIC\u00cdPIO DE PATY DO ALFERES, ATIVOS, INATIVOS E PENSIONISTAS E D\u00c1 OUTRAS PROVID\u00caNCIAS."}, {"id": "1396", "ano": "2026", "numero": "166", "tipo__sigla": "PL", "tipo__descricao": "Projeto de Lei", "autoria": "Eurico Pinheiro Bernardes neto", "texto_original": "http://sapl.patydoalferes.rj.leg.br/media/sapl/public/materialegislativa/2026/1396/mensagem_030_2026_concessao_de_recomposicao_de_subsidios_revisao_geral_anual_aos_agentes_politicos_poder_executivo.docx", "ementa": "AUTORIZA A CONCESS\u00c3O DE RECOMPOSI\u00c7\u00c3O DE SUBS\u00cdDIOS ATRAV\u00c9S DA REVIS\u00c3O GERAL ANUAL AOS AGENTES POL\u00cdTICOS DO MUNIC\u00cdPIO DE PATY DO ALFERES \u2013 PODER EXECUTIVO NA FORMA DO QUE DISP\u00d5E O ARTIGO 37, X DA CF \u2013 EXERC\u00cdCIO DE 2026, CONSIDERANDO A MESMA DATA E O MESMO \u00cdNDICE CONCEDIDOS AOS SERVIDORES P\u00daBLICOS MUNICIPAIS E D\u00c1 OUTRAS PROVID\u00caNCIAS."}, {"id": "1397", "ano": "2026", "numero": "169", "tipo__sigla": "PL", "tipo__descricao": "Projeto de Lei", "autoria": "Mesa Diretora - MESA", "texto_original": "http://sapl.patydoalferes.rj.leg.br/media/sapl/public/materialegislativa/2026/1397/169_2026_projeto_de_lei_revisao_geral_salarial_anual_dos_vencimentos_dos_servidores_publicos_da_camara_municipal_de_paty.docx", "ementa": "DISP\u00d5E SOBRE A REVIS\u00c3O GERAL SALARIAL ANUAL DOS VENCIMENTOS DOS SERVIDORES P\u00daBLICOS DA C\u00c2MARA MUNICIPAL DE PATY DO ALFERES, NA FORMA DO ARTIGO 85, DA LEI 1.519, DE 19 DE SETEMBRO DE 2008 - ESTATUTO DOS SERVIDORES P\u00daBLICOS CIVIS DO MUNIC\u00cdPIO DE PATY DO ALFERES E ARTIGO 37, INCISO X, CONSTITUI\u00c7\u00c3O FEDERAL E D\u00c1 OUTRAS PROVID\u00caNCIAS."}, {"id": "1398", "ano": "2026", "numero": "170", "tipo__sigla": "PL", "tipo__descricao": "Projeto de Lei", "autoria": "Mesa Diretora - MESA", "texto_original": "http://sapl.patydoalferes.rj.leg.br/media/sapl/public/materialegislativa/2026/1398/170_2026_pl_recomposicao_de_subsidios_atraves_da_revisao_geral_salarial_anual_aos_agentes_politicos_do_poder_legislativo.docx", "ementa": "DISP\u00d5E SOBRE A CONCESS\u00c3O DE RECOMPOSI\u00c7\u00c3O DE SUBS\u00cdDIOS ATRAV\u00c9S DA REVIS\u00c3O GERAL SALARIAL ANUAL AOS AGENTES POL\u00cdTICOS DO PODER LEGISLATIVO, NA FORMA DO ARTIGO 37, INCISO X, DA CONSTITUI\u00c7\u00c3O FEDERAL, NO EXERC\u00cdCIO DE 2026, CONSIDERANDO A MESMA DATA E O MESMO \u00cdNCICE CONCEDIDO AOS SERVIDORES P\u00daBLICOS MUNICIPAIS E D\u00c1 OUTRAS PROVID\u00caNCIAS."}, {"id": "1404", "ano": "2026", "numero": "176", "tipo__sigla": "PL", "tipo__descricao": "Projeto de Lei", "autoria": "Guilherme Rosa", "texto_original": "http://sapl.patydoalferes.rj.leg.br/media/sapl/public/materialegislativa/2026/1404/176_2026__da_denominacao_de_jaco_gomes_rosa_a_unidade_de_servico_de_atencao_especializada_sae_na_rua_dr._peralta_centro.docx", "ementa": "D\u00c1 DENOMINA\u00c7\u00c3O DE JACO GOMES ROSA A UNIDADE DE SERVI\u00c7O DE ATEN\u00c7\u00c3O ESPECIALIZADA (SAE), LOCALIZADO NA RUA DR. PERALTA, BAIRRO CENTRO, PATY DO ALFERES."}, {"id": "1410", "ano": "2026", "numero": "185", "tipo__sigla": "PL", "tipo__descricao": "Projeto de Lei", "autoria": "Julio Avelino de Moura Junior", "texto_original": "http://sapl.patydoalferes.rj.leg.br/media/sapl/public/materialegislativa/2026/1410/mensagem_031_2026.docx", "ementa": "AUTORIZA O PODER EXECUTIVO A ABRIR CR\u00c9DITO ADICIONAL SUPLEMENTAR, NO OR\u00c7AMENTO VIGENTE, NO VALOR TOTAL DE R$ 2.472.000,00 (DOIS MILH\u00d5ES, QUATROCENTOS E SETENTA E DOIS MIL REAIS)."}, {"id": "1411", "ano": "2026", "numero": "186", "tipo__sigla": "PL", "tipo__descricao": "Projeto de Lei", "autoria": "Julio Avelino de Moura Junior", "texto_original": "http://sapl.patydoalferes.rj.leg.br/media/sapl/public/materialegislativa/2026/1411/186_2026_-__altera_dispositivos_da_lei_municipal_no_3.154_de_04_de_julho_de_2024_-_mens_032_2026__.doc", "ementa": "ALTERA DISPOSITIVOS DA LEI MUNICIPAL N\u00ba 3.154, DE 04 DE JULHO DE 2024, QUE DISP\u00d5E SOBRE O INCENTIVO VARI\u00c1VEL POR DESEMPENHO DO COMPONENTE DE QUALIDADE DO COFINANCIAMENTO FEDERAL DO PISO DA ATEN\u00c7\u00c3O PRIM\u00c1RIA \u00c0 SA\u00daDE, E D\u00c1 OUTRAS PROVID\u00caNCIAS."}, {"id": "1412", "ano": "2026", "numero": "187", "tipo__sigla": "PL", "tipo__descricao": "Projeto de Lei", "autoria": "Julio Avelino de Moura Junior", "texto_original": "http://sapl.patydoalferes.rj.leg.br/media/sapl/public/materialegislativa/2026/1412/mensagem_033_2026.doc", "ementa": "DISP\u00d5E SOBRE A CRIA\u00c7\u00c3O DO CONSELHO MUNICIPAL DOS DIREITOS DA MULHER"}, {"id": "1415", "ano": "2026", "numero": "190", "tipo__sigla": "PL", "tipo__descricao": "Projeto de Lei", "autoria": "Julio Avelino de Moura Junior", "texto_original": "http://sapl.patydoalferes.rj.leg.br/media/sapl/public/materialegislativa/2026/1415/mensagem_034_2026.doc", "ementa": "DISP\u00d5E SOBRE A CRIA\u00c7\u00c3O DA SECRETARIA MUNICIPAL DE DEFESA CIVIL NO \u00c2MBITO DO MUNIC\u00cdPIO DE PATY DO ALFERES, PREVISTA NO ANEXO I DA LEI MUNICIPAL 3.221, DE 05 DE FEVEREIRO DE 2025, COM REDA\u00c7\u00c3O DADA PELA LEI 3.251, DE 30 DE ABRIL DE 2025 E D\u00c1 OUTRAS PROVID\u00caNCIAS."}, {"id": "1426", "ano": "2026", "numero": "204", "tipo__sigla": "PL", "tipo__descricao": "Projeto de Lei", "autoria": "Julio Avelino de Moura Junior", "texto_original": "http://sapl.patydoalferes.rj.leg.br/media/sapl/public/materialegislativa/2026/1426/204_2026_-__altera_a_lei_n._3367_de_20_de_marco_de_2026_que_dispoe_sobre_a_criacao_da_secretaria_municipal_de_defesa_civil_no_ambito_do_municipio_de_paty__-_mens_035_2026__.doc", "ementa": "ALTERA A LEI N. 3367, DE 20 DE MAR\u00c7O DE 2026 QUE DISP\u00d5E SOBRE A CRIA\u00c7\u00c3O DA SECRETARIA MUNICIPAL DE DEFESA CIVIL NO \u00c2MBITO DO MUNIC\u00cdPIO DE PATY DO ALFERES, PREVISTA NO ANEXO I DA LEI MUNICIPAL 3.221, DE 05 DE FEVEREIRO DE 2025, COM REDA\u00c7\u00c3O DADA PELA LEI 3.251, DE 30 DE ABRIL DE 2025 E D\u00c1 OUTRAS PROVID\u00caNCIAS."}, {"id": "1440", "ano": "2026", "numero": "222", "tipo__sigla": "PL", "tipo__descricao": "Projeto de Lei", "autoria": "Guilherme Rosa", "texto_original": "http://sapl.patydoalferes.rj.leg.br/media/sapl/public/materialegislativa/2026/1440/222_2026_aplicacao_de_sancao_a_concessionarias_permissionarias_e_autorizatarias_de_servicos_publicos_que_danifiquem_bens_publicos__autor_vereador_guilherme_rosa.doc", "ementa": "DISP\u00d5E SOBRE A APLICA\u00c7\u00c3O DE SAN\u00c7\u00c3O A CONCESSION\u00c1RIAS, PERMISSION\u00c1RIAS E AUTORIZAT\u00c1RIAS DE SERVI\u00c7OS P\u00daBLICOS QUE DANIFIQUEM BENS P\u00daBLICOS E D\u00c1 OUTRAS PROVID\u00caNCIAS."}, {"id": "1456", "ano": "2026", "numero": "240", "tipo__sigla": "PL", "tipo__descricao": "Projeto de Lei", "autoria": "Julio Avelino de Moura Junior", "texto_original": "http://sapl.patydoalferes.rj.leg.br/media/sapl/public/materialegislativa/2026/1456/240_2026_-_suplementacao_r__3.186.63225_-_mens_036_2026__.doc", "ementa": "AUTORIZA O PODER EXECUTIVO A ABRIR CR\u00c9DITO ADICIONAL SUPLEMENTAR, NO OR\u00c7AMENTO VIGENTE, NO VALOR TOTAL DE R$ 3.186.632,25 (TR\u00caS MILH\u00d5ES, CENTO E OITENTA E SEIS MIL, SEISCENTOS E TRINTA E DOIS REAIS E VINTE E CINCO CENTAVOS)."}]}