{"headers": {"id": "ID", "periodo": "Per\u00edodo", "titulo": "Mat\u00e9ria", "autor": "Autor", "ementa": "Ementa", "situacao": "Situa\u00e7\u00e3o"}, "results": [{"id": 1371, "periodo": "ordem dia", "titulo": "Requerimento n\u00ba 140 de 2026", "autor": "Macarr\u00e3o", "ementa": "REQUEIRO \u00c0 MESA DIRETORA QUE SEJA EXPEDIDA NA FORMA REGIMENTAL MO\u00c7\u00c3O DE PESAR \u00c0 FAM\u00cdLIA DE CARLOS AUGUSTO DE CARVALHO GON\u00c7ALVES -(TECO).", "situacao": "N\u00e3o informada"}, {"id": 1372, "periodo": "ordem dia", "titulo": "Requerimento n\u00ba 141 de 2026", "autor": "Macarr\u00e3o", "ementa": "REQUEIRO \u00c0 MESA DIRETORA QUE SEJA EXPEDIDA NA FORMA REGIMENTAL MO\u00c7\u00c3O DE PESAR \u00c0 FAM\u00cdLIA DE SOLANGE DE F\u00c1TIMA LEAL.", "situacao": "N\u00e3o informada"}]}